{"id":17146,"date":"2025-09-22T14:31:23","date_gmt":"2025-09-22T17:31:23","guid":{"rendered":"https:\/\/grandepremio.com\/br\/noticias\/lando-norris-diz-erros-oscar-piastri-baku-provam-mclaren-nao-facil-de-pilotar\/"},"modified":"2025-09-22T14:33:39","modified_gmt":"2025-09-22T17:33:39","slug":"lando-norris-diz-erros-oscar-piastri-baku-provam-mclaren-nao-facil-de-pilotar","status":"publish","type":"post","link":"https:\/\/grandepremio.com\/br\/f1\/lando-norris-diz-erros-oscar-piastri-baku-provam-mclaren-nao-facil-de-pilotar\/","title":{"rendered":"Norris diz que erros de Piastri em Baku \u201cprovam que McLaren n\u00e3o \u00e9 f\u00e1cil de pilotar\u201d"},"content":{"rendered":"\n<p class=\"wp-block-paragraph\">Apesar de dominar a temporada 2025, a <strong>McLaren<\/strong> n\u00e3o mostrou a que veio no <strong>GP do Azerbaij\u00e3<\/strong>o do <a href=\"https:\/\/www.grandepremio.com\/br\/f1\/noticias\/max-verstappen-passeia-dia-tragico-oscar-piastri-vence-gp-do-azerbaijao-gabriel-bortoleto-11o\/\">\u00faltimo domingo (21)<\/a>. <strong>Oscar Piastri<\/strong> bateu sozinho na primeira volta e <strong>Lando Norris<\/strong> teve de se contentar apenas com a s\u00e9tima posi\u00e7\u00e3o. O brit\u00e2nico enfatizou que os erros do piloto do #81 se devem ao fato de o <strong>MCL39<\/strong> n\u00e3o ser f\u00e1cil de pilotar. Ele tamb\u00e9m destacou a superioridade da <strong>Red Bull<\/strong> em pistas com baixa press\u00e3o aerodin\u00e2mica.\u00a0<\/p>\n\n\n\n<p class=\"wp-block-paragraph\">Norris e Piastri tiveram dificuldades durante todo o fim de semana em <strong>Baku<\/strong>. Na classifica\u00e7\u00e3o, terminaram somente em s\u00e9timo e nono lugares, respectivamente.\u00a0<\/p>\n\n\n\n<p class=\"wp-block-paragraph\">Na corrida, Oscar se atrapalhou no apagar das luzes, queimou a largada e ainda ficou estagnado, caindo para o fundo do grid. Desesperado para recuperar o preju\u00edzo, o australiano for\u00e7ou demais e bateu sozinho na primeira volta, causando a \u00fanica entrada do safety-car no <strong>Azerbaij\u00e3o<\/strong>.<\/p>\n\n\n\n<p class=\"wp-block-paragraph\">Lando defendeu o companheiro de equipe e disse ainda que o carro da McLaren n\u00e3o \u00e9 f\u00e1cil de guiar, o que proporciona erros por parte de ambos os pilotos, j\u00e1 que o MCL39 pode ser trai\u00e7oeiro em algumas pistas.<\/p>\n\n\n\n\n\n\n\n<p class=\"wp-block-paragraph\"><\/p>\n\n\n\n<p class=\"wp-block-paragraph\">\u201cAcho que devemos manter o foco e continuar fazendo o que estamos fazendo\u201d, disse Norris \u00e0 <em>Sky Sports<\/em>. \u201cDevemos continuar tentando extrair tudo e minimizar as falhas como as deste fim de semana, mas acho que os erros que cometemos s\u00f3 provam que ainda n\u00e3o \u00e9 um carro f\u00e1cil de pilotar. \u00c0s vezes, ele pode ser incrivelmente r\u00e1pido\u201d, seguiu.<\/p>\n\n\n\n<p class=\"wp-block-paragraph\">\u201cEm lugares como este e outras pistas, o MCL39 ainda pode ser trai\u00e7oeiro se voc\u00ea der um passo em falso. \u00c9 nisso que estamos tentando trabalhar. \u00c9 dif\u00edcil melhorar. Ele foi trai\u00e7oeiro neste fim de semana comigo e com Oscar\u201d, salientou.<\/p>\n\n\n\n<p class=\"wp-block-paragraph\">\u201cEu me concentro em mim mesmo. Piastri \u00e9 um piloto incr\u00edvel. Acho que as pessoas n\u00e3o percebem como \u00e9 cometer erros por aqui\u201d, ressaltou.<\/p>\n\n\n\n<p class=\"wp-block-paragraph\"><strong>Max Verstappen <\/strong>venceu de forma dominante em Baku, conquistando a quarta vit\u00f3ria da temporada 2025 e a segunda seguida. O tetracampe\u00e3o ganha for\u00e7a na reta final do campeonato e agora aparece 69 pontos atr\u00e1s do l\u00edder Piastri. O bom desempenho da Red Bull ainda foi comprovado por <strong>Yuki Tsunoda<\/strong>, que finalizou na sexta posi\u00e7\u00e3o. Norris destacou o ritmo da equipe austr\u00edaca em pistas de baixa press\u00e3o aerodin\u00e2mica e admitiu que a McLaren pode voltar a ter dificuldades neste tipo de circuito.<\/p>\n\n\n\n<figure class=\"wp-block-image size-large\"><img decoding=\"async\" src=\"https:\/\/www.grandepremio.com\/br\/wp-content\/uploads\/2025\/09\/azerbaijao-2025-f1-corrida-mclaren-lando-norris-02-1200x800.jpg\" alt=\"\" class=\"wp-image-1014886\"\/><figcaption class=\"wp-element-caption\">Lando Norris admitiu que McLaren pode voltar a ter dificuldades em pistas de alta velocidade (Foto: McLaren)<\/figcaption><\/figure>\n\n\n\n<p class=\"wp-block-paragraph\">\u201cAcho que isso mostra que nosso carro n\u00e3o anda com facilidade l\u00e1 na frente. N\u00e3o acho que fomos t\u00e3o r\u00e1pidos quanto a Red Bull. Mesmo atr\u00e1s de Tsunoda, houve alguns trechos em que achei que n\u00e3o ter\u00edamos chance de ser t\u00e3o r\u00e1pidos quanto eles\u201d, admitiu.<\/p>\n\n\n\n<p class=\"wp-block-paragraph\">\u201cA Red Bull est\u00e1 fazendo um bom trabalho. Ainda estamos com dificuldades em alguns desses circuitos de baixa press\u00e3o aerodin\u00e2mica, como <strong>Las Vegas<\/strong>. Acho que sabemos que vamos ter dificuldades mais uma vez, mas ainda temos nossa parcela de bons resultados e desempenhos muito promissores\u201d, finalizou Lando.<\/p>\n\n\n\n<p class=\"wp-block-paragraph\">Com o&nbsp;<strong>GP do Azerbaij\u00e3o<\/strong>&nbsp;finalizado, a&nbsp;<a href=\"https:\/\/www.grandepremio.com\/br\/f1\/\" target=\"_blank\" rel=\"noreferrer noopener\"><strong>F\u00f3rmula 1<\/strong><\/a>&nbsp;ter\u00e1 um fim de semana de descanso at\u00e9 a pr\u00f3xima etapa da temporada. Carros e pilotos voltam \u00e0s pistas entre os dias&nbsp;<strong>3 e 5 de outubro<\/strong>, para o&nbsp;<strong>GP de Singapura<\/strong>, com cobertura completa do&nbsp;<strong>GRANDE PR\u00caMIO<\/strong>.<\/p>\n\n\n\n<p class=\"wp-block-paragraph\">\u25b6\ufe0f&nbsp;<strong>Inscreva-se nos dois canais do GRANDE PR\u00caMIO no YouTube:&nbsp;<a href=\"https:\/\/www.youtube.com\/channel\/UC9OlHEgxoaY6QY6nWPoiqQg?sub_confirmation=1\" target=\"_blank\" rel=\"noreferrer noopener\">GP<\/a>&nbsp;|&nbsp;<a href=\"https:\/\/www.youtube.com\/channel\/UC9csiS6q_C3C0FYhyr1rnFA?sub_confirmation=1\" target=\"_blank\" rel=\"noreferrer noopener\">GP2<\/a><\/strong><br>\u25b6\ufe0f&nbsp;<strong>LEIA MAIS:&nbsp;<a href=\"https:\/\/www.grandepremio.com\/br\/f1\/noticias\/max-verstappen-passeia-dia-tragico-oscar-piastri-vence-gp-do-azerbaijao-gabriel-bortoleto-11o\/\">Verstappen passeia em dia tr\u00e1gico de Piastri e vence GP do Azerbaij\u00e3o<\/a><\/strong><\/p>\n\n\n\n<figure class=\"wp-block-embed is-type-video is-provider-youtube wp-block-embed-youtube wp-embed-aspect-16-9 wp-has-aspect-ratio\"><div class=\"wp-block-embed__wrapper\">\n<iframe loading=\"lazy\" title=\"VERSTAPPEN VENCE E SONHA, PIASTRI BATE, NORRIS N\u00c3O APROVEITA: o GP DO AZERBAIJ\u00c3O | BRIEFING\" width=\"500\" height=\"281\" src=\"https:\/\/www.youtube.com\/embed\/MbXeCqj7eRo?feature=oembed\" frameborder=\"0\" allow=\"accelerometer; autoplay; clipboard-write; encrypted-media; gyroscope; picture-in-picture; web-share\" referrerpolicy=\"strict-origin-when-cross-origin\" allowfullscreen><\/iframe>\n<\/div><\/figure>\n","protected":false},"excerpt":{"rendered":"<p>Lando Norris defendeu Oscar Piastri e disse que o carro da McLaren n\u00e3o \u00e9 f\u00e1cil de pilotar, o que provoca erros por parte de ambos os pilotos<\/p>\n","protected":false},"author":0,"featured_media":1001000207,"comment_status":"closed","ping_status":"closed","sticky":false,"template":"","format":"standard","meta":{"42wp_featured_image_caption":"","42wp_featured_image_credits":"","42wp_featured_video":"","42wp_featured_image_hidden":false,"42wp_authors_list":[],"footnotes":""},"categories":[2],"tags":[28198,44741,31739,4371,44742,31738,26271,5273,147,3630,180,3628,24976,34437,1491,28285,30840,547,42632,90,35129,2916,42001],"42wp_author":[47163],"class_list":["post-17146","post","type-post","status-publish","format-standard","has-post-thumbnail","hentry","category-f1","tag-azerbaijao","tag-azerbaijao-2025","tag-azerbaijao-f1","tag-baku","tag-baku-2025","tag-baku-f1","tag-calendario-f1","tag-classificacao-f1","tag-f1","tag-f1-2025","tag-formula-1","tag-formula-1-2025","tag-gp-do-azerbaijao","tag-gp-do-azerbaijao-f1","tag-grande-premio","tag-grandepremio","tag-horarios-f1","tag-lando-norris","tag-mcl39","tag-mclaren","tag-onde-assistir-f1","tag-oscar-piastri","tag-temporada-2025-f1","42wp_author-caio-cavalcante"],"_links":{"self":[{"href":"https:\/\/grandepremio.com\/br\/wp-json\/wp\/v2\/posts\/17146","targetHints":{"allow":["GET"]}}],"collection":[{"href":"https:\/\/grandepremio.com\/br\/wp-json\/wp\/v2\/posts"}],"about":[{"href":"https:\/\/grandepremio.com\/br\/wp-json\/wp\/v2\/types\/post"}],"replies":[{"embeddable":true,"href":"https:\/\/grandepremio.com\/br\/wp-json\/wp\/v2\/comments?post=17146"}],"version-history":[{"count":0,"href":"https:\/\/grandepremio.com\/br\/wp-json\/wp\/v2\/posts\/17146\/revisions"}],"wp:featuredmedia":[{"embeddable":true,"href":"https:\/\/grandepremio.com\/br\/wp-json\/wp\/v2\/media\/1001000207"}],"wp:attachment":[{"href":"https:\/\/grandepremio.com\/br\/wp-json\/wp\/v2\/media?parent=17146"}],"wp:term":[{"taxonomy":"category","embeddable":true,"href":"https:\/\/grandepremio.com\/br\/wp-json\/wp\/v2\/categories?post=17146"},{"taxonomy":"post_tag","embeddable":true,"href":"https:\/\/grandepremio.com\/br\/wp-json\/wp\/v2\/tags?post=17146"},{"taxonomy":"42wp_author","embeddable":true,"href":"https:\/\/grandepremio.com\/br\/wp-json\/wp\/v2\/42wp_author?post=17146"}],"curies":[{"name":"wp","href":"https:\/\/api.w.org\/{rel}","templated":true}]}}