{"id":17157,"date":"2025-09-22T12:37:36","date_gmt":"2025-09-22T15:37:36","guid":{"rendered":"https:\/\/grandepremio.com\/br\/noticias\/ducati-amplia-apoio-alex-marquez-gresini-possam-seguir-crescendo\/"},"modified":"2025-09-23T03:12:07","modified_gmt":"2025-09-23T06:12:07","slug":"ducati-amplia-apoio-alex-marquez-gresini-possam-seguir-crescendo","status":"publish","type":"post","link":"https:\/\/grandepremio.com\/br\/motogp\/ducati-amplia-apoio-alex-marquez-gresini-possam-seguir-crescendo\/","title":{"rendered":"Ducati diz que amplia apoio para que \u00c1lex M\u00e1rquez e Gresini \u201cpossam seguir crescendo\u201d"},"content":{"rendered":"\n<p class=\"wp-block-paragraph\">Diretor da <strong>Ducati Corse<\/strong>, <strong>Gigi Dall\u2019Igna<\/strong> afirmou que a op\u00e7\u00e3o de dar uma moto do ano a <strong>\u00c1lex M\u00e1rquez <\/strong>em <strong>2026 <\/strong>\u00e9 uma maneira de permitir que o piloto e a <strong>Gresini <\/strong>\u201cpossam seguir crescendo\u201d. O dirigente classificou como \u201cimpressionante\u201d a campanha do espanhol nesta temporada.<\/p>\n\n\n\n<p class=\"wp-block-paragraph\">Com seis etapas pela frente, \u00c1lex \u00e9 o \u00fanico que ainda pode impedir <strong>Marc M\u00e1rquez <\/strong>de ser campe\u00e3o. No entanto, a situa\u00e7\u00e3o \u00e9 amplamente desfavor\u00e1vel, j\u00e1 que o <strong>#93<\/strong> tem o match-point do t\u00edtulo e sustenta 182 pontos de vantagem na classifica\u00e7\u00e3o do <strong>Mundial de Pilotos<\/strong>.<\/p>\n\n\n\n<p class=\"wp-block-paragraph\">\u201cA temporada de \u00c1lex M\u00e1rquez tem sido impressionante\u201d, disse Dall\u2019Igna. \u201cDepois de uma s\u00e9rie de avalia\u00e7\u00f5es, a Ducati Corse decidiu ampliar nosso apoio para que o piloto e a equipe de trabalho dele possam seguir crescendo\u201d, seguiu.<\/p>\n\n\n\n<p class=\"wp-block-paragraph\">\u201c\u00c1lex est\u00e1 extraindo o m\u00e1ximo do potencial da Desmosedici GP, e n\u00f3s estamos convencidos de que, com algumas atualiza\u00e7\u00f5es, seguiremos melhorando juntos no pr\u00f3ximo ano\u201d, garantiu. \u201cIsso ser\u00e1 um valor agregado para toda a fam\u00edlia Ducati\u201d, encerrou.<\/p>\n\n\n\n<figure class=\"wp-block-image size-large\"><img decoding=\"async\" src=\"https:\/\/www.grandepremio.com\/br\/wp-content\/uploads\/2025\/03\/MotoGP-2025-Tailandia-Buriram-Domingo-Ducati-Gigi-DallIgna2-1200x800.jpg\" alt=\"\" class=\"wp-image-934674\"\/><figcaption class=\"wp-element-caption\">Gigi Dall&#8217;Igna elogiou campanha de \u00c1lex M\u00e1rquez na MotoGP (Foto: Ducati)<\/figcaption><\/figure>\n\n\n\n<p class=\"wp-block-paragraph\"><strong>\u25b6\ufe0f&nbsp;Inscreva-se nos dois canais do GRANDE PR\u00caMIO no YouTube:&nbsp;<a href=\"https:\/\/www.youtube.com\/channel\/UC9OlHEgxoaY6QY6nWPoiqQg?sub_confirmation=1\" target=\"_blank\" rel=\"noreferrer noopener\">GP<\/a>&nbsp;|&nbsp;<a href=\"https:\/\/www.youtube.com\/channel\/UC9csiS6q_C3C0FYhyr1rnFA?sub_confirmation=1\" target=\"_blank\" rel=\"noreferrer noopener\">GP2<\/a><\/strong><\/p>\n\n\n\n<p class=\"wp-block-paragraph\">A&nbsp;<strong><a href=\"https:\/\/grandepremio.com\/motovelocidade\/\" target=\"_blank\" rel=\"noreferrer noopener\">MotoGP<\/a>&nbsp;<\/strong>volta a acelerar entre os dias 26 a 28 de setembro, no&nbsp;<strong>GP do Jap\u00e3o<\/strong>, direto de&nbsp;<strong><a href=\"https:\/\/www.grandepremio.com\/br\/circuito\/motegi\/\" target=\"_blank\" rel=\"noreferrer noopener\">Motegi<\/a><\/strong>, 17\u00aa etapa da temporada 2025. O&nbsp;<strong>GRANDE PR\u00caMIO&nbsp;<\/strong>faz a cobertura completa do evento, assim como das outras classes do&nbsp;<strong>Mundial de&nbsp;<a href=\"https:\/\/www.grandepremio.com\/motovelocidade\/\">Motovelocidade<\/a><\/strong><a href=\"https:\/\/www.grandepremio.com\/motovelocidade\/\">&nbsp;<\/a>durante todo o ano.<\/p>\n\n\n\n<figure class=\"wp-block-embed is-type-video is-provider-youtube wp-block-embed-youtube wp-embed-aspect-16-9 wp-has-aspect-ratio\"><div class=\"wp-block-embed__wrapper\">\n<iframe loading=\"lazy\" title=\"A HORA DO V4: YAMAHA P\u00d5E NOVA MOTO PARA JOGO EM MISANO | Paddock Sprint Moto\" width=\"500\" height=\"281\" src=\"https:\/\/www.youtube.com\/embed\/b_g7SpL1N0M?feature=oembed\" frameborder=\"0\" allow=\"accelerometer; autoplay; clipboard-write; encrypted-media; gyroscope; picture-in-picture; web-share\" referrerpolicy=\"strict-origin-when-cross-origin\" allowfullscreen><\/iframe>\n<\/div><\/figure>\n","protected":false},"excerpt":{"rendered":"<p>Diretor da Ducati Corse, Gigi Dall\u2019Igna elogiou a temporada de \u00c1lex M\u00e1rquez e considerou que, com algumas atualiza\u00e7\u00f5es, o espanhol poder\u00e1 fazer ainda melhor em 2026<\/p>\n","protected":false},"author":0,"featured_media":1001009187,"comment_status":"closed","ping_status":"closed","sticky":false,"template":"","format":"standard","meta":{"42wp_featured_image_caption":"","42wp_featured_image_credits":"","42wp_featured_video":"","42wp_featured_image_hidden":false,"42wp_authors_list":[],"footnotes":""},"categories":[8],"tags":[5214,131,6513,2327,28285,3504,130,24855,24704,132,137,1300,2869,79,78,39739,42042,41956,42032,42033,25819,29345,32257,28766,307,42034,25667,26690,136,2984,41398,172],"42wp_author":[47113],"class_list":["post-17157","post","type-post","status-publish","format-standard","has-post-thumbnail","hentry","category-motogp","tag-classificacao-motogp","tag-ducati","tag-espn","tag-francesco-bagnaia","tag-grandepremio","tag-gresini","tag-honda","tag-japao","tag-jorge-martin","tag-ktm","tag-lcr","tag-marc-marquez","tag-motegi","tag-moto-gp","tag-motogp","tag-motogp-2025","tag-motogp-2025-calendario","tag-motogp-25","tag-motogp-calendario-2025","tag-motogp-classificacao-2025","tag-motogp-hoje","tag-motogp-horario","tag-motogp-sprint","tag-motogp-standings","tag-motor","tag-onde-assistir-motogp-2025","tag-pecco-bagnaia","tag-pilotos-motogp","tag-pramac","tag-sprint","tag-temporada-motogp","tag-yamaha","42wp_author-juliana-tesser"],"_links":{"self":[{"href":"https:\/\/grandepremio.com\/br\/wp-json\/wp\/v2\/posts\/17157","targetHints":{"allow":["GET"]}}],"collection":[{"href":"https:\/\/grandepremio.com\/br\/wp-json\/wp\/v2\/posts"}],"about":[{"href":"https:\/\/grandepremio.com\/br\/wp-json\/wp\/v2\/types\/post"}],"replies":[{"embeddable":true,"href":"https:\/\/grandepremio.com\/br\/wp-json\/wp\/v2\/comments?post=17157"}],"version-history":[{"count":0,"href":"https:\/\/grandepremio.com\/br\/wp-json\/wp\/v2\/posts\/17157\/revisions"}],"wp:featuredmedia":[{"embeddable":true,"href":"https:\/\/grandepremio.com\/br\/wp-json\/wp\/v2\/media\/1001009187"}],"wp:attachment":[{"href":"https:\/\/grandepremio.com\/br\/wp-json\/wp\/v2\/media?parent=17157"}],"wp:term":[{"taxonomy":"category","embeddable":true,"href":"https:\/\/grandepremio.com\/br\/wp-json\/wp\/v2\/categories?post=17157"},{"taxonomy":"post_tag","embeddable":true,"href":"https:\/\/grandepremio.com\/br\/wp-json\/wp\/v2\/tags?post=17157"},{"taxonomy":"42wp_author","embeddable":true,"href":"https:\/\/grandepremio.com\/br\/wp-json\/wp\/v2\/42wp_author?post=17157"}],"curies":[{"name":"wp","href":"https:\/\/api.w.org\/{rel}","templated":true}]}}