{"id":17162,"date":"2025-09-22T11:33:56","date_gmt":"2025-09-22T14:33:56","guid":{"rendered":"https:\/\/grandepremio.com\/br\/noticias\/alex-marquez-moto-oficial-recompensa-ducati-mim-gresini\/"},"modified":"2025-09-22T12:27:50","modified_gmt":"2025-09-22T15:27:50","slug":"alex-marquez-moto-oficial-recompensa-ducati-mim-gresini","status":"publish","type":"post","link":"https:\/\/grandepremio.com\/br\/motogp\/alex-marquez-moto-oficial-recompensa-ducati-mim-gresini\/","title":{"rendered":"\u00c1lex M\u00e1rquez v\u00ea moto oficial como recompensa da Ducati \u201cpara mim e Gresini\u201d"},"content":{"rendered":"\n<p class=\"wp-block-paragraph\"><strong>\u00c1lex M\u00e1rquez<\/strong> considerou que a decis\u00e3o da <strong>Ducati <\/strong>de fornecer a ele uma moto oficial em <strong>2026 <\/strong>\u00e9 um reconhecimento n\u00e3o apenas da boa campanha dele em <strong>2025<\/strong>, mas do trabalho da <strong>Gresini <\/strong>ao longo dos \u00faltimos anos. Espanhol se disse honrado em ter a <strong>Desmosedici <\/strong>mais atualizada na equipe de <strong>Faenza<\/strong>.<\/p>\n\n\n\n<p class=\"wp-block-paragraph\">No \u00faltimo dia 19, a Gresini confirmou que \u00c1lex ter\u00e1 uma moto de f\u00e1brica na temporada 2026. A not\u00edcia confirma o que j\u00e1 tinha sido antecipado por <strong>Davide Tardozzi<\/strong>, que revelou que o ca\u00e7ula dos irm\u00e3os de <strong>Cervera <\/strong>receberia um \u201cpr\u00eamio t\u00e9cnico\u201d pelo desempenho neste ano.<\/p>\n\n\n\n<p class=\"wp-block-paragraph\">Nos \u00faltimos anos, a Gresini foi um destaque na MotoGP. Ano passado, a equipe italiana acolheu <strong>Marc M\u00e1rquez<\/strong>, que conseguiu a partir dali recuperar a competitividade perdida com a les\u00e3o de <strong>2020<\/strong>. No ano anterior, a time de <strong>Nadia Padovani <\/strong>tinha se destacado com <strong>Fabio Di Giannantonio<\/strong> e, em <strong>2022<\/strong>, foi de l\u00e1 que <strong>Enea Bastianini <\/strong>acabou escolhido para defender a <strong>Ducati <\/strong>nos dois anos seguintes.<\/p>\n\n\n\n<p class=\"wp-block-paragraph\">\u00c1lex \u00e9 o \u00fanico que ainda tem possibilidades matem\u00e1ticas de tirar o t\u00edtulo de Marc M\u00e1rquez. No entanto, a chance \u00e9 m\u00ednima, j\u00e1 que o<strong> #93<\/strong> tem o primeiro match-point no GP do <strong>Jap\u00e3o <\/strong>deste fim de semana e soma 182 pontos mais na classifica\u00e7\u00e3o do <strong>Mundial de Pilotos<\/strong>.<\/p>\n\n\n\n<figure class=\"wp-block-image size-large\"><img decoding=\"async\" src=\"https:\/\/www.grandepremio.com\/br\/wp-content\/uploads\/2025\/09\/SI202509050361-1200x800.jpg\" alt=\"\" class=\"wp-image-1009187\"\/><figcaption class=\"wp-element-caption\">\u00c1lex Marquez vai ter moto do ano em 2026 (Foto: Red Bull Content Pool)<\/figcaption><\/figure>\n\n\n\n<p class=\"wp-block-paragraph\"><strong>\u25b6\ufe0f&nbsp;Inscreva-se nos dois canais do GRANDE PR\u00caMIO no YouTube:&nbsp;<a href=\"https:\/\/www.youtube.com\/channel\/UC9OlHEgxoaY6QY6nWPoiqQg?sub_confirmation=1\" target=\"_blank\" rel=\"noreferrer noopener\">GP<\/a>&nbsp;|&nbsp;<a href=\"https:\/\/www.youtube.com\/channel\/UC9csiS6q_C3C0FYhyr1rnFA?sub_confirmation=1\" target=\"_blank\" rel=\"noreferrer noopener\">GP2<\/a><\/strong><\/p>\n\n\n\n<p class=\"wp-block-paragraph\">\u201c\u00c9 uma honra correr com uma moto de f\u00e1brica na Gresini\u201d, disse \u00c1lex. \u201cA equipe tem trabalhado de forma impec\u00e1vel h\u00e1 algumas temporadas e acredito que isso seja uma recompensa para todos: para mim e para toda a equipe\u201d, seguiu.<\/p>\n\n\n\n<p class=\"wp-block-paragraph\">\u201cEste \u00e9 outro passo no nosso sonho de fazer ainda melhor em 2026\u201d, frisou.<\/p>\n\n\n\n<p class=\"wp-block-paragraph\">O <strong>#73<\/strong> agradeceu a confian\u00e7a depositada por <strong>Gigi Dall\u2019Igna<\/strong>, chefe da <strong>Ducati Corse<\/strong>, e destacou que a f\u00e1brica de <strong>Bolonha <\/strong>sempre o fez sentir importante.<\/p>\n\n\n\n<p class=\"wp-block-paragraph\">\u201cGostaria de agradecer Nadia, toda a equipe e, claro, Gigi e a Ducati, que me fizeram sentir importante a cada momento\u201d, encerrou.<\/p>\n\n\n\n<p class=\"wp-block-paragraph\">A&nbsp;<strong><a href=\"https:\/\/grandepremio.com\/motovelocidade\/\" target=\"_blank\" rel=\"noreferrer noopener\">MotoGP<\/a>&nbsp;<\/strong>volta a acelerar entre os dias 26 a 28 de setembro, no&nbsp;<strong>GP do Jap\u00e3o<\/strong>, direto de&nbsp;<strong><a href=\"https:\/\/www.grandepremio.com\/br\/circuito\/motegi\/\" target=\"_blank\" rel=\"noreferrer noopener\">Motegi<\/a><\/strong>, 17\u00aa etapa da temporada 2025. O&nbsp;<strong>GRANDE PR\u00caMIO&nbsp;<\/strong>faz a cobertura completa do evento, assim como das outras classes do&nbsp;<strong>Mundial de&nbsp;<a href=\"https:\/\/www.grandepremio.com\/motovelocidade\/\">Motovelocidade<\/a><\/strong><a href=\"https:\/\/www.grandepremio.com\/motovelocidade\/\">&nbsp;<\/a>durante todo o ano.<\/p>\n\n\n\n<figure class=\"wp-block-embed is-type-video is-provider-youtube wp-block-embed-youtube wp-embed-aspect-16-9 wp-has-aspect-ratio\"><div class=\"wp-block-embed__wrapper\">\n<iframe loading=\"lazy\" title=\"A HORA DO V4: YAMAHA P\u00d5E NOVA MOTO PARA JOGO EM MISANO | Paddock Sprint Moto\" width=\"500\" height=\"281\" src=\"https:\/\/www.youtube.com\/embed\/b_g7SpL1N0M?feature=oembed\" frameborder=\"0\" allow=\"accelerometer; autoplay; clipboard-write; encrypted-media; gyroscope; picture-in-picture; web-share\" referrerpolicy=\"strict-origin-when-cross-origin\" allowfullscreen><\/iframe>\n<\/div><\/figure>\n","protected":false},"excerpt":{"rendered":"<p>Agora confirmado como propriet\u00e1rio de uma Ducati GP26 no pr\u00f3ximo ano, \u00c1lex M\u00e1rquez considerou que o pr\u00eamio t\u00e9cnico da casa de Bolonha n\u00e3o \u00e9 apenas um reconhecimento \u00e0 forte campanha dele, mas tamb\u00e9m ao bom trabalho da Gresini nos \u00faltimos anos<\/p>\n","protected":false},"author":0,"featured_media":1001010321,"comment_status":"closed","ping_status":"closed","sticky":false,"template":"","format":"standard","meta":{"42wp_featured_image_caption":"","42wp_featured_image_credits":"","42wp_featured_video":"","42wp_featured_image_hidden":false,"42wp_authors_list":[],"footnotes":""},"categories":[8],"tags":[5214,131,6513,2327,28285,3504,130,24704,132,137,1300,6732,3464,79,78,39739,42042,41956,42032,42033,25819,29345,32257,28766,307,42034,25667,26690,136,3562,2984,41398,172],"42wp_author":[47113],"class_list":["post-17162","post","type-post","status-publish","format-standard","has-post-thumbnail","hentry","category-motogp","tag-classificacao-motogp","tag-ducati","tag-espn","tag-francesco-bagnaia","tag-grandepremio","tag-gresini","tag-honda","tag-jorge-martin","tag-ktm","tag-lcr","tag-marc-marquez","tag-marco-simoncelli","tag-misano","tag-moto-gp","tag-motogp","tag-motogp-2025","tag-motogp-2025-calendario","tag-motogp-25","tag-motogp-calendario-2025","tag-motogp-classificacao-2025","tag-motogp-hoje","tag-motogp-horario","tag-motogp-sprint","tag-motogp-standings","tag-motor","tag-onde-assistir-motogp-2025","tag-pecco-bagnaia","tag-pilotos-motogp","tag-pramac","tag-san-marino","tag-sprint","tag-temporada-motogp","tag-yamaha","42wp_author-juliana-tesser"],"_links":{"self":[{"href":"https:\/\/grandepremio.com\/br\/wp-json\/wp\/v2\/posts\/17162","targetHints":{"allow":["GET"]}}],"collection":[{"href":"https:\/\/grandepremio.com\/br\/wp-json\/wp\/v2\/posts"}],"about":[{"href":"https:\/\/grandepremio.com\/br\/wp-json\/wp\/v2\/types\/post"}],"replies":[{"embeddable":true,"href":"https:\/\/grandepremio.com\/br\/wp-json\/wp\/v2\/comments?post=17162"}],"version-history":[{"count":0,"href":"https:\/\/grandepremio.com\/br\/wp-json\/wp\/v2\/posts\/17162\/revisions"}],"wp:featuredmedia":[{"embeddable":true,"href":"https:\/\/grandepremio.com\/br\/wp-json\/wp\/v2\/media\/1001010321"}],"wp:attachment":[{"href":"https:\/\/grandepremio.com\/br\/wp-json\/wp\/v2\/media?parent=17162"}],"wp:term":[{"taxonomy":"category","embeddable":true,"href":"https:\/\/grandepremio.com\/br\/wp-json\/wp\/v2\/categories?post=17162"},{"taxonomy":"post_tag","embeddable":true,"href":"https:\/\/grandepremio.com\/br\/wp-json\/wp\/v2\/tags?post=17162"},{"taxonomy":"42wp_author","embeddable":true,"href":"https:\/\/grandepremio.com\/br\/wp-json\/wp\/v2\/42wp_author?post=17162"}],"curies":[{"name":"wp","href":"https:\/\/api.w.org\/{rel}","templated":true}]}}