{"id":17187,"date":"2025-09-21T13:33:59","date_gmt":"2025-09-21T16:33:59","guid":{"rendered":"https:\/\/grandepremio.com\/br\/noticias\/mercedes-comemora-bom-resultado-azerbaijao-impulso-final\/"},"modified":"2025-09-21T13:34:58","modified_gmt":"2025-09-21T16:34:58","slug":"mercedes-comemora-bom-resultado-azerbaijao-impulso-final","status":"publish","type":"post","link":"https:\/\/grandepremio.com\/br\/f1\/mercedes-comemora-bom-resultado-azerbaijao-impulso-final\/","title":{"rendered":"Mercedes comemora &#8220;bom resultado&#8221; no Azerbaij\u00e3o: &#8220;Impulso para corridas finais&#8221;"},"content":{"rendered":"\n<p class=\"wp-block-paragraph\">A <strong>Mercedes <\/strong>terminou o <strong>GP do Azerbaij\u00e3o<\/strong> com motivos para comemorar. Depois de duas etapas fora do p\u00f3dio, a equipe alem\u00e3 conseguiu <a href=\"https:\/\/www.grandepremio.com\/br\/f1\/noticias\/max-verstappen-passeia-dia-tragico-oscar-piastri-vence-gp-do-azerbaijao-gabriel-bortoleto-11o\/\">a segunda coloca\u00e7\u00e3o com <strong>George Russell<\/strong><\/a>. <strong>Andrea Kimi Antonelli<\/strong> n\u00e3o chegou ao p\u00f3dio, mas somou bons pontos terminando em quarto. Para <strong>Toto Wolff<\/strong>, no entanto, esse ainda n\u00e3o \u00e9 o esperado.<\/p>\n\n\n\n<p class=\"wp-block-paragraph\">O chefe da equipe celebrou a performance geral do final de semana, elogiou a ultrapassagem de Antonelli em <strong>Liam Lawson <\/strong>e os esfor\u00e7os de Russell para conseguir sair com o melhor poss\u00edvel da etapa mesmo n\u00e3o se sentindo bem. Mas tamb\u00e9m deixou claro: o objetivo \u00e9 vencer.<\/p>\n\n\n\n<p class=\"wp-block-paragraph\">\u201cFoi um fim de semana forte para n\u00f3s como um time, deixamos o Azerbaij\u00e3o com um bom resultado. Foi bom voltar ao p\u00f3dio na segunda coloca\u00e7\u00e3o e somar pontos s\u00f3lidos com Kimi em quarto. Claro, sempre esperamos estar no topo do p\u00f3dio, mas depois de duas corridas complicadas ap\u00f3s o recesso de ver\u00e3o, isso nos d\u00e1 um bom impulso\u201d, disse Wolff.<\/p>\n\n\n\n<p class=\"wp-block-paragraph\">Com o resultado da etapa, a Mercedes ultrapassou a <strong>Ferrari <\/strong>no <strong>Mundial de Construtores<\/strong> e passou a ocupar a vice-lideran\u00e7a, atr\u00e1s apenas da <strong>McLaren<\/strong>, disparada na frente. Mas o cen\u00e1rio entre segundo e terceiro lugar segue apertado, com 290 pontos para a Mercedes e 284 para a Ferrari.<\/p>\n\n\n\n<figure class=\"wp-block-image size-large\"><img decoding=\"async\" src=\"https:\/\/www.grandepremio.com\/br\/wp-content\/uploads\/2025\/09\/azerbaijao-2025-f1-corrida-mercedes-george-russell-24-1200x800.jpg\" alt=\"\" class=\"wp-image-1015010\"\/><figcaption class=\"wp-element-caption\">George Russell conquista p\u00f3dio no Azerbaij\u00e3o (Foto: Mercedes)<\/figcaption><\/figure>\n\n\n\n<p class=\"wp-block-paragraph\">\u25b6\ufe0f <strong>Inscreva-se nos dois canais do GRANDE PR\u00caMIO no YouTube:\u00a0<a href=\"https:\/\/www.youtube.com\/channel\/UC9OlHEgxoaY6QY6nWPoiqQg?sub_confirmation=1\" target=\"_blank\" rel=\"noreferrer noopener\">GP<\/a>\u00a0|\u00a0<a href=\"https:\/\/www.youtube.com\/channel\/UC9csiS6q_C3C0FYhyr1rnFA?sub_confirmation=1\" target=\"_blank\" rel=\"noreferrer noopener\">GP2<\/a><\/strong><br>\u25b6\ufe0f <strong>LEIA MAIS:\u00a0<a href=\"https:\/\/www.grandepremio.com\/br\/f1\/noticias\/max-verstappen-passeia-dia-tragico-oscar-piastri-vence-gp-do-azerbaijao-gabriel-bortoleto-11o\/\">Verstappen passeia em dia tr\u00e1gico de Piastri e vence GP do Azerbaij\u00e3o<\/a><\/strong><\/p>\n\n\n\n<p class=\"wp-block-paragraph\">\u201cParabenizo tamb\u00e9m <strong>Carlos <\/strong>[<strong>Sainz<\/strong>], <strong>James <\/strong>[<strong>Vowles<\/strong>] e a <strong>Williams <\/strong>pela terceira coloca\u00e7\u00e3o. Isso foi completamente merecido. Kimi fez o que podia para se aproximar e tentar um ataque, mas o ritmo deles era muito forte\u201d, adicionou o austr\u00edaco, acrescentando tamb\u00e9m detalhes do desempenho da dupla das <strong>Flechas de Prata<\/strong>.<\/p>\n\n\n\n<p class=\"wp-block-paragraph\">\u201cAinda assim, Kimi fez um bom trabalho passando o Lawson e vimos como muitos carros foram incapazes de fazer isso na zona de DRS, como a Ferrari de [<strong>Charles<\/strong>] <strong>Leclerc <\/strong>ou a <strong>Red Bull <\/strong>de [<strong>Yuki<\/strong>] <strong>Tsunoda<\/strong>. Ele [Antonelli] vai usar esse final de semana para pegar impulso para as sete corridas finais.&#8221;<\/p>\n\n\n\n<p class=\"wp-block-paragraph\">\u201cEnquanto isso, George fez uma corrida incr\u00edvel, ele estava sofrendo doente ao longo de todo o final de semana e por isso era incerto at\u00e9 se ele conseguiria pilotar na sexta e no s\u00e1bado. Foi um esfor\u00e7o grande da parte dele e entregar uma performance como essa foi incr\u00edvel\u201d, finalizou o chef\u00e3o da Mercedes. <\/p>\n\n\n\n<p class=\"wp-block-paragraph\">A&nbsp;<strong><a href=\"https:\/\/www.grandepremio.com\/br\/f1\/\" target=\"_blank\" rel=\"noreferrer noopener\"><\/a><a href=\"https:\/\/www.grandepremio.com\/br\/f1\/\" target=\"_blank\" rel=\"noreferrer noopener\">F\u00f3rmula 1<\/a><\/strong>&nbsp;retorna entre os dias 3 e 5 de outubro para o&nbsp;<strong>GP de Singapura<\/strong>, 18\u00aa etapa da temporada 2025.<\/p>\n\n\n\n<figure class=\"wp-block-embed is-type-video is-provider-youtube wp-block-embed-youtube wp-embed-aspect-16-9 wp-has-aspect-ratio\"><div class=\"wp-block-embed__wrapper\">\n<iframe loading=\"lazy\" title=\"VERSTAPPEN VENCE E SONHA, PIASTRI BATE, NORRIS N\u00c3O APROVEITA: o GP DO AZERBAIJ\u00c3O | BRIEFING\" width=\"500\" height=\"281\" src=\"https:\/\/www.youtube.com\/embed\/MbXeCqj7eRo?feature=oembed\" frameborder=\"0\" allow=\"accelerometer; autoplay; clipboard-write; encrypted-media; gyroscope; picture-in-picture; web-share\" referrerpolicy=\"strict-origin-when-cross-origin\" allowfullscreen><\/iframe>\n<\/div><figcaption class=\"wp-element-caption\">VERSTAPPEN VENCE E SONHA, PIASTRI BATE, NORRIS N\u00c3O APROVEITA: o GP DO AZERBAIJ\u00c3O | BRIEFING<\/figcaption><\/figure>\n","protected":false},"excerpt":{"rendered":"<p>George Russell consegue p\u00f3dio no Azerbaij\u00e3o enquanto Andrea Kimi Antonelli termina em quarto. O desempenho arrancou elogios do chefe da Mercedes, Toto Wolff<\/p>\n","protected":false},"author":0,"featured_media":1001015108,"comment_status":"closed","ping_status":"closed","sticky":false,"template":"","format":"standard","meta":{"42wp_featured_image_caption":"","42wp_featured_image_credits":"","42wp_featured_video":"","42wp_featured_image_hidden":false,"42wp_authors_list":[],"footnotes":""},"categories":[2],"tags":[1566,4371,5660,147,3630,642,180,3628,800,1491,2306,31504,82,3724,25814,11619,19348,510,1214,2785,2636,2632,17143,39087,150],"42wp_author":[47167],"class_list":["post-17187","post","type-post","status-publish","format-standard","has-post-thumbnail","hentry","category-f1","tag-ao-vivo","tag-baku","tag-classificacao","tag-f1","tag-f1-2025","tag-f1-ao-vivo","tag-formula-1","tag-formula-1-2025","tag-george-russell","tag-grande-premio","tag-grid-de-largada","tag-kimi-antonelli","tag-mercedes","tag-mundial-de-f1","tag-mundial-de-formula-1","tag-pista-de-rua","tag-podio","tag-pole","tag-pole-position","tag-q1","tag-q2","tag-q3","tag-tempo-real","tag-temporada-2025-da-f1","tag-toto-wolff","42wp_author-julia-palomares-aro"],"_links":{"self":[{"href":"https:\/\/grandepremio.com\/br\/wp-json\/wp\/v2\/posts\/17187","targetHints":{"allow":["GET"]}}],"collection":[{"href":"https:\/\/grandepremio.com\/br\/wp-json\/wp\/v2\/posts"}],"about":[{"href":"https:\/\/grandepremio.com\/br\/wp-json\/wp\/v2\/types\/post"}],"replies":[{"embeddable":true,"href":"https:\/\/grandepremio.com\/br\/wp-json\/wp\/v2\/comments?post=17187"}],"version-history":[{"count":0,"href":"https:\/\/grandepremio.com\/br\/wp-json\/wp\/v2\/posts\/17187\/revisions"}],"wp:featuredmedia":[{"embeddable":true,"href":"https:\/\/grandepremio.com\/br\/wp-json\/wp\/v2\/media\/1001015108"}],"wp:attachment":[{"href":"https:\/\/grandepremio.com\/br\/wp-json\/wp\/v2\/media?parent=17187"}],"wp:term":[{"taxonomy":"category","embeddable":true,"href":"https:\/\/grandepremio.com\/br\/wp-json\/wp\/v2\/categories?post=17187"},{"taxonomy":"post_tag","embeddable":true,"href":"https:\/\/grandepremio.com\/br\/wp-json\/wp\/v2\/tags?post=17187"},{"taxonomy":"42wp_author","embeddable":true,"href":"https:\/\/grandepremio.com\/br\/wp-json\/wp\/v2\/42wp_author?post=17187"}],"curies":[{"name":"wp","href":"https:\/\/api.w.org\/{rel}","templated":true}]}}