{"id":17203,"date":"2025-09-21T10:48:11","date_gmt":"2025-09-21T13:48:11","guid":{"rendered":"https:\/\/grandepremio.com\/br\/noticias\/oscar-piastri-admite-erro-bobo-largada-justifica-batida-azerbaijao-nao-previ-ar-sujo\/"},"modified":"2025-09-21T10:52:25","modified_gmt":"2025-09-21T13:52:25","slug":"oscar-piastri-admite-erro-bobo-largada-justifica-batida-azerbaijao-nao-previ-ar-sujo","status":"publish","type":"post","link":"https:\/\/grandepremio.com\/br\/f1\/oscar-piastri-admite-erro-bobo-largada-justifica-batida-azerbaijao-nao-previ-ar-sujo\/","title":{"rendered":"Piastri admite &#8220;erro bobo&#8221; na largada e justifica batida no Azerbaij\u00e3o: &#8220;N\u00e3o previ o ar sujo&#8221;"},"content":{"rendered":"\n<p class=\"wp-block-paragraph\"><strong>Oscar Piastri<\/strong> <a href=\"https:\/\/www.grandepremio.com\/br\/f1\/noticias\/max-verstappen-passeia-dia-tragico-oscar-piastri-vence-gp-do-azerbaijao-gabriel-bortoleto-11o\/\">teve um domingo (21)<\/a> para esquecer no <strong>GP do Azerbaij\u00e3o<\/strong>, j\u00e1 que foi o \u00fanico piloto que n\u00e3o conseguiu concluir a 17\u00aa etapa da temporada 2025 da <strong>F\u00f3rmula 1<\/strong>. O l\u00edder do campeonato assumiu a responsabilidade pelo &#8220;erro bobo&#8221; na largada e explicou o que exatamente aconteceu momentos depois, quando passou reto na curva 5 e <a href=\"https:\/\/www.grandepremio.com\/br\/f1\/noticias\/oscar-piastri-bate-muro-logo-1a-volta-aciona-safety-car-gp-azerbaijao\/\">bateu na barreira de prote\u00e7\u00e3o<\/a>.<\/p>\n\n\n\n<p class=\"wp-block-paragraph\">Antes mesmo de as luzes se apagarem em <strong>Baku<\/strong>, o australiano se atrapalhou, queimou a partida e, depois, ficou estagnado, caindo para o fundo do pelot\u00e3o. Na tentativa desesperada de reduzir o atraso, foi al\u00e9m do limite e bateu com a <strong>McLaren<\/strong> logo na primeira volta, dando adeus \u00e0 disputa e for\u00e7ando a entrada do \u00fanico safety-car no circuito azeri.<\/p>\n\n\n\n<p class=\"wp-block-paragraph\">&#8220;Certamente n\u00e3o foi meu melhor momento. Antecipei demais a largada. Um erro bobo e simples, na verdade&#8221;, reconheceu Piastri em entrevista \u00e0 emissora brit\u00e2nica <em>Sky Sports<\/em>. &#8220;Sobre o acidente \u2014 simplesmente n\u00e3o previ o efeito do ar sujo como deveria. Entrei na curva r\u00e1pido demais, claramente, e foi isso&#8221;, lamentou.<\/p>\n\n\n\n<p class=\"wp-block-paragraph\">\u25b6\ufe0f <strong>Inscreva-se nos dois canais do GRANDE PR\u00caMIO no YouTube:\u00a0<a href=\"https:\/\/www.youtube.com\/channel\/UC9OlHEgxoaY6QY6nWPoiqQg?sub_confirmation=1\" target=\"_blank\" rel=\"noreferrer noopener\">GP<\/a>\u00a0|\u00a0<a href=\"https:\/\/www.youtube.com\/channel\/UC9csiS6q_C3C0FYhyr1rnFA?sub_confirmation=1\" target=\"_blank\" rel=\"noreferrer noopener\">GP2<\/a><\/strong><br>\u25b6\ufe0f <strong>LEIA MAIS:\u00a0<a href=\"https:\/\/www.grandepremio.com\/br\/f1\/noticias\/max-verstappen-passeia-dia-tragico-oscar-piastri-vence-gp-do-azerbaijao-gabriel-bortoleto-11o\/\">Verstappen passeia em dia tr\u00e1gico de Piastri e vence GP do Azerbaij\u00e3o<\/a><\/strong><\/p>\n\n\n\n\n\n\n\n<p class=\"wp-block-paragraph\"><\/p>\n\n\n\n<p class=\"wp-block-paragraph\">&#8220;O n\u00edvel de ader\u00eancia estava baixo, mas eu deveria saber disso. Ent\u00e3o, certamente n\u00e3o estou colocando a culpa em nada al\u00e9m de mim mesmo. Simplesmente n\u00e3o tomei as decis\u00f5es que precisava no momento certo, e isso \u00e9 obviamente decepcionante&#8221;, concluiu Piastri.<\/p>\n\n\n\n<p class=\"wp-block-paragraph\">Com o resultado, o dono do <strong>MCL39 #81<\/strong> permaneceu com os 324 pontos, mas teve sorte por <strong>Lando Norris<\/strong> terminar em s\u00e9timo e diminuir a diferen\u00e7a somente em 6 tentos na briga pelo t\u00edtulo. Vencedor do dia, <strong>Max Verstappen<\/strong> bateu a marca de 255 e reduziu a desvantagem para 69 pontos em rela\u00e7\u00e3o ao australiano.<\/p>\n\n\n\n<p class=\"wp-block-paragraph\">Com o\u00a0<strong>GP do Azerbaij\u00e3o<\/strong>\u00a0finalizado, a\u00a0<a href=\"https:\/\/www.grandepremio.com\/br\/f1\/\" target=\"_blank\" rel=\"noreferrer noopener\"><strong>F\u00f3rmula 1<\/strong><\/a>\u00a0ter\u00e1 um fim de semana de descanso at\u00e9 a pr\u00f3xima etapa da temporada. Carros e pilotos voltam \u00e0s pistas entre os dias\u00a0<strong>3 e 5 de outubro<\/strong>, para o\u00a0<strong>GP de Singapura<\/strong>, com cobertura completa do\u00a0<strong>GRANDE PR\u00caMIO<\/strong>.<\/p>\n\n\n\n<figure class=\"wp-block-embed is-type-video is-provider-youtube wp-block-embed-youtube wp-embed-aspect-16-9 wp-has-aspect-ratio\"><div class=\"wp-block-embed__wrapper\">\n<iframe loading=\"lazy\" title=\"VERSTAPPEN VENCE E SONHA, PIASTRI BATE, NORRIS N\u00c3O APROVEITA: o GP DO AZERBAIJ\u00c3O | BRIEFING\" width=\"500\" height=\"281\" src=\"https:\/\/www.youtube.com\/embed\/MbXeCqj7eRo?feature=oembed\" frameborder=\"0\" allow=\"accelerometer; autoplay; clipboard-write; encrypted-media; gyroscope; picture-in-picture; web-share\" referrerpolicy=\"strict-origin-when-cross-origin\" allowfullscreen><\/iframe>\n<\/div><\/figure>\n","protected":false},"excerpt":{"rendered":"<p>Oscar Piastri teve uma primeira volta totalmente atrapalhada no GP do Azerbaij\u00e3o e foi o \u00fanico piloto a abandonar neste domingo (21)<\/p>\n","protected":false},"author":0,"featured_media":1001014900,"comment_status":"closed","ping_status":"closed","sticky":false,"template":"","format":"standard","meta":{"42wp_featured_image_caption":"","42wp_featured_image_credits":"","42wp_featured_video":"","42wp_featured_image_hidden":false,"42wp_authors_list":[],"footnotes":""},"categories":[2],"tags":[28198,4371,26271,5273,147,3630,180,3628,24976,34437,1491,28285,30840,90,35129,2916,42001],"42wp_author":[47160],"class_list":["post-17203","post","type-post","status-publish","format-standard","has-post-thumbnail","hentry","category-f1","tag-azerbaijao","tag-baku","tag-calendario-f1","tag-classificacao-f1","tag-f1","tag-f1-2025","tag-formula-1","tag-formula-1-2025","tag-gp-do-azerbaijao","tag-gp-do-azerbaijao-f1","tag-grande-premio","tag-grandepremio","tag-horarios-f1","tag-mclaren","tag-onde-assistir-f1","tag-oscar-piastri","tag-temporada-2025-f1","42wp_author-vicente-soella"],"_links":{"self":[{"href":"https:\/\/grandepremio.com\/br\/wp-json\/wp\/v2\/posts\/17203","targetHints":{"allow":["GET"]}}],"collection":[{"href":"https:\/\/grandepremio.com\/br\/wp-json\/wp\/v2\/posts"}],"about":[{"href":"https:\/\/grandepremio.com\/br\/wp-json\/wp\/v2\/types\/post"}],"replies":[{"embeddable":true,"href":"https:\/\/grandepremio.com\/br\/wp-json\/wp\/v2\/comments?post=17203"}],"version-history":[{"count":0,"href":"https:\/\/grandepremio.com\/br\/wp-json\/wp\/v2\/posts\/17203\/revisions"}],"wp:featuredmedia":[{"embeddable":true,"href":"https:\/\/grandepremio.com\/br\/wp-json\/wp\/v2\/media\/1001014900"}],"wp:attachment":[{"href":"https:\/\/grandepremio.com\/br\/wp-json\/wp\/v2\/media?parent=17203"}],"wp:term":[{"taxonomy":"category","embeddable":true,"href":"https:\/\/grandepremio.com\/br\/wp-json\/wp\/v2\/categories?post=17203"},{"taxonomy":"post_tag","embeddable":true,"href":"https:\/\/grandepremio.com\/br\/wp-json\/wp\/v2\/tags?post=17203"},{"taxonomy":"42wp_author","embeddable":true,"href":"https:\/\/grandepremio.com\/br\/wp-json\/wp\/v2\/42wp_author?post=17203"}],"curies":[{"name":"wp","href":"https:\/\/api.w.org\/{rel}","templated":true}]}}