{"id":17214,"date":"2025-09-21T05:21:32","date_gmt":"2025-09-21T08:21:32","guid":{"rendered":"https:\/\/grandepremio.com\/br\/noticias\/formula-1-encara-domingo-ventos-fortes-ceu-nublado-gp-azerbaijao\/"},"modified":"2025-09-21T12:58:56","modified_gmt":"2025-09-21T15:58:56","slug":"formula-1-encara-domingo-ventos-fortes-ceu-nublado-gp-azerbaijao","status":"publish","type":"post","link":"https:\/\/grandepremio.com\/br\/f1\/formula-1-encara-domingo-ventos-fortes-ceu-nublado-gp-azerbaijao\/","title":{"rendered":"F1 encara domingo de ventos fortes e c\u00e9u nublado para GP do Azerbaij\u00e3o"},"content":{"rendered":"\n<p class=\"wp-block-paragraph\">O <strong>GP do Azerbaij\u00e3o<\/strong>, marcado para as 15h locais (8h de Bras\u00edlia, GMT-3), ser\u00e1 disputado em condi\u00e7\u00f5es complicadas de tempo neste domingo (21). A previs\u00e3o meteorol\u00f3gica aponta <strong>c\u00e9u bastante fechado e rajadas de vento intensas<\/strong> no circuito de rua de Baku, fator que j\u00e1 se mostrou decisivo ao longo de todo o fim de semana da F1 na capita azeri.<\/p>\n\n\n\n<p class=\"wp-block-paragraph\">De acordo com o <strong>Weather Channel<\/strong>, a temperatura na hora da largada ser\u00e1 de <strong>20\u00ba C<\/strong>, com a mesma sensa\u00e7\u00e3o t\u00e9rmica e umidade variando <strong>entre 60% e 61%<\/strong>. O \u00edndice de nebulosidade \u00e9 elevado,<strong> entre 92% e 97%<\/strong>, o que deve deixar o cen\u00e1rio escuro na capital azeri. <strong>A chance de chuva, entretanto, \u00e9 m\u00ednima: somente 1%<\/strong>.<\/p>\n\n\n\n<p class=\"wp-block-paragraph\">O grande ponto de aten\u00e7\u00e3o segue no vento. <strong>As rajadas podem chegar a 37 km\/h<\/strong>, repetindo o padr\u00e3o que atrapalhou os pilotos nas atividades anteriores. Durante os treinos livres e a classifica\u00e7\u00e3o, os fortes ventos complicaram a estabilidade dos carros e foi um dos principais desafios para as equipes ao longo do fim de semana, fazendo muitos pilotos escaparem da pista.<\/p>\n\n\n\n<p class=\"wp-block-paragraph\">No s\u00e1bado, al\u00e9m das rajadas, uma leve chuva chegou a cair no Q3 da classifica\u00e7\u00e3o, mudando repentinamente o cen\u00e1rio e aumentando as dificuldades. Para a corrida, mesmo sem a amea\u00e7a de pista molhada, a expectativa \u00e9 de que os ventos continuem sendo fator determinante para o desempenho e a confiabilidade das m\u00e1quinas nas ruas estreitas de Baku.<\/p>\n\n\n\n<figure class=\"wp-block-image size-full\"><img decoding=\"async\" src=\"https:\/\/www.grandepremio.com\/br\/wp-content\/uploads\/2025\/09\/G1WlUd0W4AAHTzc.jpeg\" alt=\"\" class=\"wp-image-1014803\"\/><figcaption class=\"wp-element-caption\">Ventos fortes devem seguir desafiando pilotos em Baku (Foto: Reprodu\u00e7\u00e3o;F1)<\/figcaption><\/figure>\n\n\n\n<p class=\"wp-block-paragraph\">Na pista, <strong>Max Verstappen<a href=\"https:\/\/www.grandepremio.com\/br\/f1\/noticias\/max-verstappen-crava-pole-classificacao-6-bandeiras-vermelhas-baku-gabriel-bortoleto-13o\/\"> driblou as condi\u00e7\u00f5es adversas e sobreviveu a uma ca\u00f3tica classifica\u00e7\u00e3o<\/a><\/strong> para cravar <strong>1min41s117<\/strong> e ficar com a pole-position. Carlos Sainz larga na segunda posi\u00e7\u00e3o, seguido por Liam Lawson e Andrea Kimi Antonelli na segunda fila.<\/p>\n\n\n\n<p class=\"wp-block-paragraph\">Rivais diretos na disputa pelo t\u00edtulo, <strong>Lando Norris<\/strong> e <strong>Oscar Piastri<\/strong> erraram no Q3 \u2014 o brit\u00e2nico escorregou na pista \u00famida, <strong><a href=\"https:\/\/www.grandepremio.com\/br\/video\/f1\/oscar-piastri-erra-causa-6a-bandeira-vermelha-classificacao-gp-do-azerbaijao\/\">enquanto o australiano estampou o muro<\/a><\/strong> \u2014 e largam apenas na s\u00e9tima e nona posi\u00e7\u00f5es, respectivamente. <strong>Gabriel Bortoleto<\/strong> ficou no Q2 e larga na 13\u00aa posi\u00e7\u00e3o.<\/p>\n\n\n\n<p class=\"wp-block-paragraph\">O&nbsp;<strong>GRANDE PR\u00caMIO<\/strong>&nbsp;acompanha todas as atividades da 17\u00aa etapa da temporada&nbsp;<strong><a href=\"https:\/\/www.grandepremio.com\/br\/f1\/ao-vivo\" target=\"_blank\" rel=\"noreferrer noopener\">AO VIVO E EM&nbsp;<\/a><a href=\"https:\/\/www.grandepremio.com\/br\/ao-vivo\/\" target=\"_blank\" rel=\"noreferrer noopener\">TEMPO REAL<\/a><\/strong>, al\u00e9m de classifica\u00e7\u00e3o e corrida em&nbsp;<strong><a href=\"https:\/\/www.youtube.com\/@GrandePremio1\/streams\" target=\"_blank\" rel=\"noreferrer noopener\">SEGUNDA TELA no YouTube<\/a><\/strong>, em parceria com a Voz do Esporte. O&nbsp;<strong>Briefing<\/strong>&nbsp;chega para analisar ap\u00f3s o fim de cada dia de atividades nas redes sociais e na GPTV.<\/p>\n\n\n\n<p class=\"wp-block-paragraph\"><strong>GP do Azerbaij\u00e3o de F1: veja os hor\u00e1rios em Brasil, Cabo Verde,&nbsp;<a href=\"https:\/\/grandepremio.pt\/\" target=\"_blank\" rel=\"noreferrer noopener\">Portugal<\/a>, Angola e Mo\u00e7ambique:<\/strong><\/p>\n\n\n\n<figure class=\"wp-block-table\"><table class=\"has-fixed-layout\"><tbody><tr><td><strong>Sess\u00e3o<\/strong><\/td><td><strong>BRA*<\/strong><\/td><td><strong>CBV<\/strong><\/td><td><strong>POR<\/strong><br><strong>ANG<\/strong><\/td><td><strong>MOZ<\/strong><\/td><\/tr><tr><td>Corrida<\/td><td>08:00<\/td><td>10:00<\/td><td>12:00<\/td><td>13:00<\/td><\/tr><\/tbody><\/table><\/figure>\n\n\n\n<p class=\"wp-block-paragraph\"><em>*Hor\u00e1rios de Bras\u00edlia<\/em><\/p>\n\n\n\n<p class=\"wp-block-paragraph\">\u25b6\ufe0f\u00a0<strong>Inscreva-se nos dois canais do GRANDE PR\u00caMIO no YouTube:\u00a0<a href=\"https:\/\/www.youtube.com\/channel\/UC9OlHEgxoaY6QY6nWPoiqQg?sub_confirmation=1\" target=\"_blank\" rel=\"noreferrer noopener\">GP<\/a>\u00a0|\u00a0<a href=\"https:\/\/www.youtube.com\/channel\/UC9csiS6q_C3C0FYhyr1rnFA?sub_confirmation=1\" target=\"_blank\" rel=\"noreferrer noopener\">GP2<\/a><\/strong><\/p>\n\n\n\n<figure class=\"wp-block-embed is-type-video is-provider-youtube wp-block-embed-youtube wp-embed-aspect-16-9 wp-has-aspect-ratio\"><div class=\"wp-block-embed__wrapper\">\n<iframe loading=\"lazy\" title=\"CAOS! VERSTAPPEN POLE, NORRIS 7\u00ba e 6 PARALISA\u00c7\u00d5ES: GRID DE LARGADA da F1 no AZERBAIJ\u00c3O | BRIEFING\" width=\"500\" height=\"281\" src=\"https:\/\/www.youtube.com\/embed\/33869brhAjM?feature=oembed\" frameborder=\"0\" allow=\"accelerometer; autoplay; clipboard-write; encrypted-media; gyroscope; picture-in-picture; web-share\" referrerpolicy=\"strict-origin-when-cross-origin\" allowfullscreen><\/iframe>\n<\/div><\/figure>\n","protected":false},"excerpt":{"rendered":"<p>Previs\u00e3o aponta c\u00e9u carregado, temperaturas amenas e rajadas de vento de at\u00e9 37 km\/h em Baku para GP do Azerbaij\u00e3o desde domingo (21)<\/p>\n","protected":false},"author":0,"featured_media":1001014005,"comment_status":"closed","ping_status":"closed","sticky":false,"template":"","format":"standard","meta":{"42wp_featured_image_caption":"","42wp_featured_image_credits":"","42wp_featured_video":"","42wp_featured_image_hidden":false,"42wp_authors_list":[],"footnotes":""},"categories":[2],"tags":[28198,44741,31739,4371,44742,31738,26271,5273,147,3630,180,3628,24976,34437,1491,28285,30840,35129,42001],"42wp_author":[47164],"class_list":["post-17214","post","type-post","status-publish","format-standard","has-post-thumbnail","hentry","category-f1","tag-azerbaijao","tag-azerbaijao-2025","tag-azerbaijao-f1","tag-baku","tag-baku-2025","tag-baku-f1","tag-calendario-f1","tag-classificacao-f1","tag-f1","tag-f1-2025","tag-formula-1","tag-formula-1-2025","tag-gp-do-azerbaijao","tag-gp-do-azerbaijao-f1","tag-grande-premio","tag-grandepremio","tag-horarios-f1","tag-onde-assistir-f1","tag-temporada-2025-f1","42wp_author-marcos-gil-ribeiro"],"_links":{"self":[{"href":"https:\/\/grandepremio.com\/br\/wp-json\/wp\/v2\/posts\/17214","targetHints":{"allow":["GET"]}}],"collection":[{"href":"https:\/\/grandepremio.com\/br\/wp-json\/wp\/v2\/posts"}],"about":[{"href":"https:\/\/grandepremio.com\/br\/wp-json\/wp\/v2\/types\/post"}],"replies":[{"embeddable":true,"href":"https:\/\/grandepremio.com\/br\/wp-json\/wp\/v2\/comments?post=17214"}],"version-history":[{"count":0,"href":"https:\/\/grandepremio.com\/br\/wp-json\/wp\/v2\/posts\/17214\/revisions"}],"wp:featuredmedia":[{"embeddable":true,"href":"https:\/\/grandepremio.com\/br\/wp-json\/wp\/v2\/media\/1001014005"}],"wp:attachment":[{"href":"https:\/\/grandepremio.com\/br\/wp-json\/wp\/v2\/media?parent=17214"}],"wp:term":[{"taxonomy":"category","embeddable":true,"href":"https:\/\/grandepremio.com\/br\/wp-json\/wp\/v2\/categories?post=17214"},{"taxonomy":"post_tag","embeddable":true,"href":"https:\/\/grandepremio.com\/br\/wp-json\/wp\/v2\/tags?post=17214"},{"taxonomy":"42wp_author","embeddable":true,"href":"https:\/\/grandepremio.com\/br\/wp-json\/wp\/v2\/42wp_author?post=17214"}],"curies":[{"name":"wp","href":"https:\/\/api.w.org\/{rel}","templated":true}]}}