{"id":17226,"date":"2025-09-20T17:24:43","date_gmt":"2025-09-20T20:24:43","guid":{"rendered":"https:\/\/grandepremio.com\/br\/noticias\/carlos-sainz-admite-passou-cabeca-sabotar-briga-pole-baku-mas-defendo-justica\/"},"modified":"2025-09-20T17:26:42","modified_gmt":"2025-09-20T20:26:42","slug":"carlos-sainz-admite-passou-cabeca-sabotar-briga-pole-baku-mas-defendo-justica","status":"publish","type":"post","link":"https:\/\/grandepremio.com\/br\/f1\/carlos-sainz-admite-passou-cabeca-sabotar-briga-pole-baku-mas-defendo-justica\/","title":{"rendered":"Sainz admite que &#8220;passou por cabe\u00e7a&#8221; sabotar briga por pole em Baku: &#8220;Mas defendo justi\u00e7a&#8221;"},"content":{"rendered":"\n<p class=\"wp-block-paragraph\"><strong>Carlos Sainz<\/strong> <a href=\"https:\/\/www.grandepremio.com\/br\/f1\/noticias\/carlos-sainz-elogia-williams-define-lugar-podio-meta-azerbaijao-vou-dar-melhor\/\">chegou muito pr\u00f3ximo de conquistar a pole-position<\/a> do <strong>GP do Azerbeij\u00e3o<\/strong> na<a href=\"https:\/\/www.grandepremio.com\/br\/f1\/noticias\/max-verstappen-crava-pole-classificacao-6-bandeiras-vermelhas-baku-gabriel-bortoleto-13o\/\"> classifica\u00e7\u00e3o deste s\u00e1bado (20)<\/a>, mas viu <strong>Max Verstappen<\/strong> extrair tudo que tinha direito da <strong>Red Bull<\/strong> para <a href=\"https:\/\/www.grandepremio.com\/br\/f1\/noticias\/max-verstappen-festeja-diz-red-bull-lutaria-pole-baku-mesmo-sem-paralisacoes\/\">super\u00e1-lo nos momentos finais<\/a>. O espanhol comentou a situa\u00e7\u00e3o e disse que pensou na possibilidade de causar uma bandeira vermelha para levar a melhor, mas deixou claro que preza pelos valores de uma competi\u00e7\u00e3o justa contra os advers\u00e1rios.<\/p>\n\n\n\n<p class=\"wp-block-paragraph\">Embora tenha passado pelo Q1 e pelo Q2 em 14\u00ba e nono lugar, respectivamente, o dono do <strong>FW47 #55<\/strong> foi \u00e0 pista logo no in\u00edcio da sess\u00e3o final e anotou 1min41s595, o suficiente para garantir a posi\u00e7\u00e3o de honra naquele momento, j\u00e1 que\u00a0<strong>Charles Leclerc<\/strong>\u00a0e\u00a0<strong><a href=\"https:\/\/www.grandepremio.com\/br\/piloto\/oscar-piastri\/\" target=\"_blank\" rel=\"noreferrer noopener\">Oscar Piastri<\/a><\/strong>\u00a0<a href=\"https:\/\/www.grandepremio.com\/br\/f1\/noticias\/charles-leclerc-bate-aciona-5a-bandeira-vermelha-classificacao-gp-azerbaijao\/\">bateram<\/a> e <a href=\"https:\/\/www.grandepremio.com\/br\/f1\/noticias\/oscar-piastri-finca-mclaren-muro-causa-6a-bandeira-vermelha-classificacao-baku\/\">paralisaram a atividade<\/a> em duas oportunidades, impedindo que a maior parte dos pilotos completasse volta.<\/p>\n\n\n\n<p class=\"wp-block-paragraph\">No entanto, quando restavam pouco menos de quatro minutos no cron\u00f4metro, os competidores foram autorizados a voltar \u00e0 pista, e foi neste momento que Verstappen cravou 1min41s117 para se colocar na primeira posi\u00e7\u00e3o e desbancar Sainz, que teve de se contentar com o segundo posto. Em entrevista \u00e0 emissora brit\u00e2nica <em>Sky Sports<\/em>, o madrilenho foi questionado se em algum momento ficou tentado a for\u00e7ar uma s\u00e9tima bandeira vermelha para impedir o sucesso de qualquer rival.<\/p>\n\n\n\n<p class=\"wp-block-paragraph\">&#8220;Passou pela minha cabe\u00e7a? Sim. Mas me lembrei do que represento: valores e competi\u00e7\u00e3o justa. E acredite, \u00e9 muito f\u00e1cil forjar um acidente, especialmente hoje em <strong>Baku<\/strong>&#8220;, respondeu. &#8220;Sabia que era um dos primeiros a sair para a pista, ent\u00e3o poderia perfeitamente ter feito isso. Mas s\u00e3o os seus valores que definem quem voc\u00ea \u00e9 no futuro e na sua carreira, e hoje foi um daqueles dias em que, se houvesse algu\u00e9m mais r\u00e1pido do que eu, que me vencesse de forma limpa&#8221;, declarou.<\/p>\n\n\n\n<figure class=\"wp-block-image size-large\"><img decoding=\"async\" src=\"https:\/\/www.grandepremio.com\/br\/wp-content\/uploads\/2025\/09\/azerbaijao-2025-f1-classificacao-williams-carlos-sainz-02-1200x800.jpg\" alt=\"\" class=\"wp-image-1014540\"\/><figcaption class=\"wp-element-caption\">Carlos Sainz descartou a possibilidade de forjar uma bandeira vermelha para segurar pole-position (Foto: Williams) <\/figcaption><\/figure>\n\n\n\n<p class=\"wp-block-paragraph\">\u25b6\ufe0f <strong>Inscreva-se nos dois canais do GRANDE PR\u00caMIO no YouTube:\u00a0<a href=\"https:\/\/www.youtube.com\/channel\/UC9OlHEgxoaY6QY6nWPoiqQg?sub_confirmation=1\" target=\"_blank\" rel=\"noreferrer noopener\">GP<\/a>\u00a0|\u00a0<a href=\"https:\/\/www.youtube.com\/channel\/UC9csiS6q_C3C0FYhyr1rnFA?sub_confirmation=1\" target=\"_blank\" rel=\"noreferrer noopener\">GP2<\/a><\/strong><br>\u25b6\ufe0f <strong>LEIA MAIS:\u00a0<a href=\"https:\/\/www.grandepremio.com\/br\/f1\/noticias\/max-verstappen-crava-pole-classificacao-6-bandeiras-vermelhas-baku-gabriel-bortoleto-13o\/\">Verstappen crava pole em classifica\u00e7\u00e3o de 6 bandeiras vermelhas em Baku<\/a><\/strong><\/p>\n\n\n\n<p class=\"wp-block-paragraph\">&#8220;Sabia que havia alguns pilotos com carros de 0s3 a 0s5 mais r\u00e1pidos, que provavelmente iam me superar de qualquer jeito \u2014 e, no fim, foi s\u00f3 um: Max. Estou muito orgulhoso da classifica\u00e7\u00e3o de hoje, porque toda vez que tivemos uma boa chance de fazer uma volta forte, conseguimos entregar. A equipe tamb\u00e9m fez uma \u00f3tima classifica\u00e7\u00e3o, tanto no plano de sa\u00eddas para a pista quanto na execu\u00e7\u00e3o, e juntos fizemos um trabalho muito s\u00f3lido&#8221;, concluiu Sainz.<\/p>\n\n\n\n<p class=\"wp-block-paragraph\">O&nbsp;<strong>GRANDE PR\u00caMIO<\/strong>&nbsp;acompanha todas as atividades da 17\u00aa etapa da temporada&nbsp;<strong><a href=\"https:\/\/www.grandepremio.com\/br\/f1\/ao-vivo\" target=\"_blank\" rel=\"noreferrer noopener\">AO VIVO E EM&nbsp;<\/a><a href=\"https:\/\/www.grandepremio.com\/br\/ao-vivo\/\" target=\"_blank\" rel=\"noreferrer noopener\">TEMPO REAL<\/a><\/strong>, al\u00e9m de classifica\u00e7\u00e3o e corrida em&nbsp;<strong><a href=\"https:\/\/www.youtube.com\/@GrandePremio1\/streams\" target=\"_blank\" rel=\"noreferrer noopener\">SEGUNDA TELA no YouTube<\/a><\/strong>, em parceria com a Voz do Esporte. O&nbsp;<strong>Briefing<\/strong>&nbsp;chega para analisar ap\u00f3s o fim de cada dia de atividades nas redes sociais e na GPTV.<\/p>\n\n\n\n<p class=\"wp-block-paragraph\"><strong>GP do Azerbaij\u00e3o de F1: veja os hor\u00e1rios em Brasil, Cabo Verde,&nbsp;<a href=\"https:\/\/grandepremio.pt\/\" target=\"_blank\" rel=\"noreferrer noopener\">Portugal<\/a>, Angola e Mo\u00e7ambique:<\/strong><\/p>\n\n\n\n<figure class=\"wp-block-table\"><table class=\"has-fixed-layout\"><tbody><tr><td><strong>Sess\u00e3o<\/strong><\/td><td><strong>BRA*<\/strong><\/td><td><strong>CBV<\/strong><\/td><td><strong>POR<\/strong><br><strong>ANG<\/strong><\/td><td><strong>MOZ<\/strong><\/td><\/tr><tr><td>Corrida<\/td><td>08:00<\/td><td>10:00<\/td><td>12:00<\/td><td>13:00<\/td><\/tr><\/tbody><\/table><\/figure>\n\n\n\n<p class=\"wp-block-paragraph\"><em>*Hor\u00e1rios de Bras\u00edlia<\/em><\/p>\n\n\n\n<figure class=\"wp-block-embed is-type-video is-provider-youtube wp-block-embed-youtube wp-embed-aspect-16-9 wp-has-aspect-ratio\"><div class=\"wp-block-embed__wrapper\">\n<iframe loading=\"lazy\" title=\"CAOS! VERSTAPPEN POLE, NORRIS 7\u00ba e 6 PARALISA\u00c7\u00d5ES: GRID DE LARGADA da F1 no AZERBAIJ\u00c3O | BRIEFING\" width=\"500\" height=\"281\" src=\"https:\/\/www.youtube.com\/embed\/33869brhAjM?feature=oembed\" frameborder=\"0\" allow=\"accelerometer; autoplay; clipboard-write; encrypted-media; gyroscope; picture-in-picture; web-share\" referrerpolicy=\"strict-origin-when-cross-origin\" allowfullscreen><\/iframe>\n<\/div><\/figure>\n","protected":false},"excerpt":{"rendered":"<p>Embora tenha admitido que chegou a ficar tentado pela possibilidade de causar uma nova bandeira vermelha para assegurar a pole-position, Carlos Sainz deixou claro que tal atitude n\u00e3o seria a correta<\/p>\n","protected":false},"author":0,"featured_media":1001014603,"comment_status":"closed","ping_status":"closed","sticky":false,"template":"","format":"standard","meta":{"42wp_featured_image_caption":"","42wp_featured_image_credits":"","42wp_featured_video":"","42wp_featured_image_hidden":false,"42wp_authors_list":[],"footnotes":""},"categories":[2],"tags":[28198,4371,26271,546,5273,147,3630,180,3628,24976,34437,1491,28285,30840,35129,42001,215],"42wp_author":[47160],"class_list":["post-17226","post","type-post","status-publish","format-standard","has-post-thumbnail","hentry","category-f1","tag-azerbaijao","tag-baku","tag-calendario-f1","tag-carlos-sainz","tag-classificacao-f1","tag-f1","tag-f1-2025","tag-formula-1","tag-formula-1-2025","tag-gp-do-azerbaijao","tag-gp-do-azerbaijao-f1","tag-grande-premio","tag-grandepremio","tag-horarios-f1","tag-onde-assistir-f1","tag-temporada-2025-f1","tag-williams","42wp_author-vicente-soella"],"_links":{"self":[{"href":"https:\/\/grandepremio.com\/br\/wp-json\/wp\/v2\/posts\/17226","targetHints":{"allow":["GET"]}}],"collection":[{"href":"https:\/\/grandepremio.com\/br\/wp-json\/wp\/v2\/posts"}],"about":[{"href":"https:\/\/grandepremio.com\/br\/wp-json\/wp\/v2\/types\/post"}],"replies":[{"embeddable":true,"href":"https:\/\/grandepremio.com\/br\/wp-json\/wp\/v2\/comments?post=17226"}],"version-history":[{"count":0,"href":"https:\/\/grandepremio.com\/br\/wp-json\/wp\/v2\/posts\/17226\/revisions"}],"wp:featuredmedia":[{"embeddable":true,"href":"https:\/\/grandepremio.com\/br\/wp-json\/wp\/v2\/media\/1001014603"}],"wp:attachment":[{"href":"https:\/\/grandepremio.com\/br\/wp-json\/wp\/v2\/media?parent=17226"}],"wp:term":[{"taxonomy":"category","embeddable":true,"href":"https:\/\/grandepremio.com\/br\/wp-json\/wp\/v2\/categories?post=17226"},{"taxonomy":"post_tag","embeddable":true,"href":"https:\/\/grandepremio.com\/br\/wp-json\/wp\/v2\/tags?post=17226"},{"taxonomy":"42wp_author","embeddable":true,"href":"https:\/\/grandepremio.com\/br\/wp-json\/wp\/v2\/42wp_author?post=17226"}],"curies":[{"name":"wp","href":"https:\/\/api.w.org\/{rel}","templated":true}]}}