{"id":17241,"date":"2025-09-20T13:27:59","date_gmt":"2025-09-20T16:27:59","guid":{"rendered":"https:\/\/grandepremio.com\/br\/noticias\/ferrari-mantem-fe-diz-nem-tudo-esta-perdido-azerbaijao-corrida-longa\/"},"modified":"2025-09-20T13:41:16","modified_gmt":"2025-09-20T16:41:16","slug":"ferrari-mantem-fe-diz-nem-tudo-esta-perdido-azerbaijao-corrida-longa","status":"publish","type":"post","link":"https:\/\/grandepremio.com\/br\/f1\/ferrari-mantem-fe-diz-nem-tudo-esta-perdido-azerbaijao-corrida-longa\/","title":{"rendered":"Ferrari mant\u00e9m f\u00e9 e diz que &#8220;nem tudo est\u00e1 perdido&#8221; no Azerbaij\u00e3o: &#8220;Corrida \u00e9 longa&#8221;"},"content":{"rendered":"\n<p class=\"wp-block-paragraph\"><strong>Fr\u00e9d\u00e9ric Vasseur<\/strong> at\u00e9 lamentou os problemas enfrentados pela <strong>Ferrari<\/strong> na classifica\u00e7\u00e3o do <strong>GP do Azerbaij\u00e3o<\/strong>, <a href=\"https:\/\/www.grandepremio.com\/br\/f1\/noticias\/max-verstappen-crava-pole-classificacao-6-bandeiras-vermelhas-baku-gabriel-bortoleto-13o\/\">realizada neste s\u00e1bado (20)<\/a>, mas preferiu erguer a cabe\u00e7a e acreditar que nem tudo est\u00e1 perdido. Desta forma, deixou claro que a equipe precisa se concentrar no trabalho que ainda tem pela frente, estudando maneiras de tirar proveito das oportunidades que surgirem em <strong>Baku<\/strong>.<\/p>\n\n\n\n<p class=\"wp-block-paragraph\">Depois de <a href=\"https:\/\/www.grandepremio.com\/br\/f1\/noticias\/lewis-hamilton-comanda-1-2-ferrari-charles-leclerc-lidera-tl2-gp-azerbaijao-gabriel-bortoleto-15o\/\">liderar o TL2<\/a> e <a href=\"https:\/\/www.grandepremio.com\/br\/f1\/noticias\/lewis-hamilton-adota-cautela-progressos-ferrari-azerbaijao-nao-vamos-exagerar\/\">esbanjar otimismo com o progresso feito<\/a> com a <strong>SF-25<\/strong> neste fim de semana, <strong>Lewis Hamilton<\/strong> ficou pelo caminho logo no Q2 e <a href=\"https:\/\/www.grandepremio.com\/br\/f1\/noticias\/lewis-hamilton-admite-choque-queda-q2-baku-acreditava-brigaria-pela-pole\/\">teve de se contentar com o 12\u00ba lugar<\/a> no grid de largada. <strong>Charles Leclerc<\/strong>, por sua vez, <a href=\"https:\/\/www.grandepremio.com\/br\/f1\/noticias\/charles-leclerc-bate-aciona-5a-bandeira-vermelha-classificacao-gp-azerbaijao\/\">bateu na curva 15<\/a> na parte final da atividade e sequer completou uma volta, terminando com o d\u00e9cimo posto.<\/p>\n\n\n\n<p class=\"wp-block-paragraph\">&#8220;Com Lewis, n\u00e3o foi um problema de combust\u00edvel, porque sempre colocamos a quantidade para uma volta. N\u00e3o se pode colocar mais combust\u00edvel na classifica\u00e7\u00e3o. Ent\u00e3o n\u00e3o foi tanto um problema de execu\u00e7\u00e3o, mas sim uma sess\u00e3o complicada devido \u00e0s condi\u00e7\u00f5es bastante delicadas&#8221;, disse Vasseur aos rep\u00f3rteres ap\u00f3s o fim da classifica\u00e7\u00e3o, que contou, ao todo, com seis bandeiras vermelhas.<\/p>\n\n\n\n<p class=\"wp-block-paragraph\">&#8220;Todo mundo estava no limite, e at\u00e9 mesmo a escolha entre os pneus m\u00e9dios e macios n\u00e3o era evidente. A pole foi feita com os macios, mas a segunda volta mais r\u00e1pida foi com os m\u00e9dios. \u00c9 estranho. O problema do Lewis talvez tenha sido que os pneus estavam um pouco frios. Tivemos dificuldade em coloc\u00e1-los na janela certa&#8221;, continuou.<\/p>\n\n\n\n<figure class=\"wp-block-image size-large\"><img decoding=\"async\" src=\"https:\/\/www.grandepremio.com\/br\/wp-content\/uploads\/2025\/09\/azerbaijao-2025-f1-treinos-livres-ferrari-lewis-hamilton-afp-01-1-1200x800.jpg\" alt=\"\" class=\"wp-image-1014374\"\/><figcaption class=\"wp-element-caption\">Lewis Hamilton colocou a Ferrari apenas na 12\u00aa posi\u00e7\u00e3o (Foto: AFP) <\/figcaption><\/figure>\n\n\n\n<p class=\"wp-block-paragraph\">\u25b6\ufe0f <strong>Inscreva-se nos dois canais do GRANDE PR\u00caMIO no YouTube:\u00a0<a href=\"https:\/\/www.youtube.com\/channel\/UC9OlHEgxoaY6QY6nWPoiqQg?sub_confirmation=1\" target=\"_blank\" rel=\"noreferrer noopener\">GP<\/a>\u00a0|\u00a0<a href=\"https:\/\/www.youtube.com\/channel\/UC9csiS6q_C3C0FYhyr1rnFA?sub_confirmation=1\" target=\"_blank\" rel=\"noreferrer noopener\">GP2<\/a><\/strong><br>\u25b6\ufe0f <strong>LEIA MAIS:\u00a0<a href=\"https:\/\/www.grandepremio.com\/br\/f1\/noticias\/max-verstappen-crava-pole-classificacao-6-bandeiras-vermelhas-baku-gabriel-bortoleto-13o\/\">Verstappen crava pole em classifica\u00e7\u00e3o de 6 bandeiras vermelhas em Baku<\/a><\/strong><\/p>\n\n\n\n<p class=\"wp-block-paragraph\">&#8220;Todos n\u00f3s gostar\u00edamos de testar os pneus primeiro, mas se fazemos isso, acabamos tendo muito poucos para a classifica\u00e7\u00e3o. Ontem, os m\u00e9dios pareciam melhores, mas hoje foi mais dif\u00edcil coloc\u00e1-los na janela certa, por causa das rajadas de vento&#8221;, apontou. &#8220;A volta de Charles, antes do acidente, n\u00e3o estava no n\u00edvel da de <strong>Carlos<\/strong> [<strong>Sainz<\/strong>], mas era melhor do que a de [<strong>Lando<\/strong>] <strong>Norris<\/strong>. Ent\u00e3o \u00e9 preciso levar todos os aspectos em considera\u00e7\u00e3o&#8221;, analisou.<\/p>\n\n\n\n<p class=\"wp-block-paragraph\">&#8220;Mas, no fim das contas, o resultado n\u00e3o \u00e9 positivo, especialmente por causa do acidente. Precisamos continuar focados e n\u00e3o pensar que tudo est\u00e1 perdido por causa do resultado de hoje. Em Baku, \u00e9 dif\u00edcil ultrapassar por causa das asas menores e do DRS menos eficaz, mas a corrida \u00e9 longa, estar\u00e1 frio, e talvez surjam oportunidades. Temos de estar atentos e reagir da melhor forma poss\u00edvel aos safety-cars ou aos eventos que possam acontecer&#8221;, concluiu o chefe da Ferrari.<\/p>\n\n\n\n<p class=\"wp-block-paragraph\">O&nbsp;<strong>GRANDE PR\u00caMIO<\/strong>&nbsp;acompanha todas as atividades da 17\u00aa etapa da temporada&nbsp;<strong><a href=\"https:\/\/www.grandepremio.com\/br\/f1\/ao-vivo\" target=\"_blank\" rel=\"noreferrer noopener\">AO VIVO E EM&nbsp;<\/a><a href=\"https:\/\/www.grandepremio.com\/br\/ao-vivo\/\" target=\"_blank\" rel=\"noreferrer noopener\">TEMPO REAL<\/a><\/strong>, al\u00e9m de classifica\u00e7\u00e3o e corrida em&nbsp;<strong><a href=\"https:\/\/www.youtube.com\/@GrandePremio1\/streams\" target=\"_blank\" rel=\"noreferrer noopener\">SEGUNDA TELA no YouTube<\/a><\/strong>, em parceria com a Voz do Esporte. O&nbsp;<strong>Briefing<\/strong>&nbsp;chega para analisar ap\u00f3s o fim de cada dia de atividades nas redes sociais e na GPTV.<\/p>\n\n\n\n<p class=\"wp-block-paragraph\"><strong>GP do Azerbaij\u00e3o de F1: veja os hor\u00e1rios em Brasil, Cabo Verde,&nbsp;<a href=\"https:\/\/grandepremio.pt\/\" target=\"_blank\" rel=\"noreferrer noopener\">Portugal<\/a>, Angola e Mo\u00e7ambique:<\/strong><\/p>\n\n\n\n<figure class=\"wp-block-table\"><table class=\"has-fixed-layout\"><tbody><tr><td><strong>Sess\u00e3o<\/strong><\/td><td><strong>BRA*<\/strong><\/td><td><strong>CBV<\/strong><\/td><td><strong>POR<\/strong><br><strong>ANG<\/strong><\/td><td><strong>MOZ<\/strong><\/td><\/tr><tr><td>Corrida<\/td><td>08:00<\/td><td>10:00<\/td><td>12:00<\/td><td>13:00<\/td><\/tr><\/tbody><\/table><\/figure>\n\n\n\n<p class=\"wp-block-paragraph\"><em>*Hor\u00e1rios de Bras\u00edlia<\/em><\/p>\n\n\n\n<figure class=\"wp-block-embed is-type-video is-provider-youtube wp-block-embed-youtube wp-embed-aspect-16-9 wp-has-aspect-ratio\"><div class=\"wp-block-embed__wrapper\">\n<iframe loading=\"lazy\" title=\"CAOS! VERSTAPPEN POLE, NORRIS 7\u00ba e 6 PARALISA\u00c7\u00d5ES: GRID DE LARGADA da F1 no AZERBAIJ\u00c3O | BRIEFING\" width=\"500\" height=\"281\" src=\"https:\/\/www.youtube.com\/embed\/33869brhAjM?feature=oembed\" frameborder=\"0\" allow=\"accelerometer; autoplay; clipboard-write; encrypted-media; gyroscope; picture-in-picture; web-share\" referrerpolicy=\"strict-origin-when-cross-origin\" allowfullscreen><\/iframe>\n<\/div><\/figure>\n","protected":false},"excerpt":{"rendered":"<p>Ao falar sobre a situa\u00e7\u00e3o dos pilotos, Fr\u00e9d\u00e9ric Vasseur, chefe da Ferrari, explicou que Lewis Hamilton e Charles Leclerc tiveram dificuldades para colocar os pneus na janela ideal de funcionamento durante a classifica\u00e7\u00e3o em Baku<\/p>\n","protected":false},"author":0,"featured_media":1001014024,"comment_status":"closed","ping_status":"closed","sticky":false,"template":"","format":"standard","meta":{"42wp_featured_image_caption":"","42wp_featured_image_credits":"","42wp_featured_video":"","42wp_featured_image_hidden":false,"42wp_authors_list":[],"footnotes":""},"categories":[2],"tags":[28198,44741,31739,4371,44742,31738,26271,209,5273,147,3630,207,180,3628,1322,24976,34437,1491,28285,30840,87,35129,42001],"42wp_author":[47160],"class_list":["post-17241","post","type-post","status-publish","format-standard","has-post-thumbnail","hentry","category-f1","tag-azerbaijao","tag-azerbaijao-2025","tag-azerbaijao-f1","tag-baku","tag-baku-2025","tag-baku-f1","tag-calendario-f1","tag-charles-leclerc","tag-classificacao-f1","tag-f1","tag-f1-2025","tag-ferrari","tag-formula-1","tag-formula-1-2025","tag-frederic-vasseur","tag-gp-do-azerbaijao","tag-gp-do-azerbaijao-f1","tag-grande-premio","tag-grandepremio","tag-horarios-f1","tag-lewis-hamilton","tag-onde-assistir-f1","tag-temporada-2025-f1","42wp_author-vicente-soella"],"_links":{"self":[{"href":"https:\/\/grandepremio.com\/br\/wp-json\/wp\/v2\/posts\/17241","targetHints":{"allow":["GET"]}}],"collection":[{"href":"https:\/\/grandepremio.com\/br\/wp-json\/wp\/v2\/posts"}],"about":[{"href":"https:\/\/grandepremio.com\/br\/wp-json\/wp\/v2\/types\/post"}],"replies":[{"embeddable":true,"href":"https:\/\/grandepremio.com\/br\/wp-json\/wp\/v2\/comments?post=17241"}],"version-history":[{"count":0,"href":"https:\/\/grandepremio.com\/br\/wp-json\/wp\/v2\/posts\/17241\/revisions"}],"wp:featuredmedia":[{"embeddable":true,"href":"https:\/\/grandepremio.com\/br\/wp-json\/wp\/v2\/media\/1001014024"}],"wp:attachment":[{"href":"https:\/\/grandepremio.com\/br\/wp-json\/wp\/v2\/media?parent=17241"}],"wp:term":[{"taxonomy":"category","embeddable":true,"href":"https:\/\/grandepremio.com\/br\/wp-json\/wp\/v2\/categories?post=17241"},{"taxonomy":"post_tag","embeddable":true,"href":"https:\/\/grandepremio.com\/br\/wp-json\/wp\/v2\/tags?post=17241"},{"taxonomy":"42wp_author","embeddable":true,"href":"https:\/\/grandepremio.com\/br\/wp-json\/wp\/v2\/42wp_author?post=17241"}],"curies":[{"name":"wp","href":"https:\/\/api.w.org\/{rel}","templated":true}]}}