{"id":17242,"date":"2025-09-20T12:53:18","date_gmt":"2025-09-20T15:53:18","guid":{"rendered":"https:\/\/grandepremio.com\/br\/noticias\/lando-norris-explica-riscos-classificacao-diz-parece-perdedor-gp-azerbaijao\/"},"modified":"2025-09-20T12:56:23","modified_gmt":"2025-09-20T15:56:23","slug":"lando-norris-explica-riscos-classificacao-diz-parece-perdedor-gp-azerbaijao","status":"publish","type":"post","link":"https:\/\/grandepremio.com\/br\/f1\/lando-norris-explica-riscos-classificacao-diz-parece-perdedor-gp-azerbaijao\/","title":{"rendered":"Norris explica &#8220;riscos&#8221; na classifica\u00e7\u00e3o e diz que &#8220;parece perdedor&#8221; no GP do Azerbaij\u00e3o"},"content":{"rendered":"\n<p class=\"wp-block-paragraph\"><strong>Lando Norris<\/strong> tinha tudo para tirar proveito da <a href=\"https:\/\/www.grandepremio.com\/br\/f1\/noticias\/oscar-piastri-finca-mclaren-muro-causa-6a-bandeira-vermelha-classificacao-baku\/\">batida de<\/a> <strong>Oscar Piastri<\/strong> e conseguir uma grande vantagem sobre o companheiro de <strong>McLaren<\/strong> no grid de largada do <strong>GP do Azerbaij\u00e3o<\/strong>, mas n\u00e3o foi capaz de maximizar o desempenho nos momentos finais da <a href=\"https:\/\/www.grandepremio.com\/br\/f1\/noticias\/max-verstappen-crava-pole-classificacao-6-bandeiras-vermelhas-baku-gabriel-bortoleto-13o\/\">classifica\u00e7\u00e3o deste s\u00e1bado (20)<\/a>. O brit\u00e2nico reconheceu que cometeu um erro, mas destacou os riscos que existem no estreito tra\u00e7ado de <strong>Baku<\/strong>.<\/p>\n\n\n\n<p class=\"wp-block-paragraph\">Ap\u00f3s duas bandeiras vermelhas s\u00f3 na fase derradeira da atividade, j\u00e1 que <strong>Charles Leclerc<\/strong> <a href=\"https:\/\/www.grandepremio.com\/br\/f1\/noticias\/charles-leclerc-bate-aciona-5a-bandeira-vermelha-classificacao-gp-azerbaijao\/\">tamb\u00e9m bateu na curva 15<\/a>, o dono do <strong>MCL39 #4<\/strong> anotou 1min42s239 na \u00faltima tentativa e ficou mais de 1s1 atr\u00e1s de <strong>Max Verstappen<\/strong>, que <a href=\"https:\/\/www.grandepremio.com\/br\/f1\/noticias\/max-verstappen-festeja-diz-red-bull-lutaria-pole-baku-mesmo-sem-paralisacoes\/\">agarrou a pole-position<\/a>. O vice-l\u00edder do Mundial, no entanto, negou que o resultado ruim foi uma oportunidade perdida na briga contra o <strong>#81<\/strong> e minimizou o toque no muro na volta decisiva.<\/p>\n\n\n\n<p class=\"wp-block-paragraph\">&#8220;N\u00e3o tinha uma refer\u00eancia de tempo, ent\u00e3o n\u00e3o sei quanto perdi. Talvez 0s2, ent\u00e3o algumas posi\u00e7\u00f5es, mas n\u00e3o 1s1 para Max&#8221;, disse em entrevista \u00e0 emissora <em>Sky Sports<\/em>, antes de ser questionado se o time papaia errou ao voltar \u00e0 pista antes dos rivais no fim da classifica\u00e7\u00e3o.<\/p>\n\n\n\n<p class=\"wp-block-paragraph\">&#8220;Foi um erro da minha parte, da nossa parte, sair do pit-lane primeiro. Poderia ter sido o contr\u00e1rio \u2014 se houvesse uma bandeira amarela ou uma vermelha, parecer\u00edamos os her\u00f3is e todos os outros pareceriam os perdedores. Agora eu meio que pare\u00e7o o perdedor e eles os her\u00f3is, mas esse \u00e9 o pre\u00e7o que \u00e0s vezes se paga aqui e os riscos que temos de correr&#8221;, apontou.<\/p>\n\n\n\n<figure class=\"wp-block-image size-large\"><img decoding=\"async\" src=\"https:\/\/www.grandepremio.com\/br\/wp-content\/uploads\/2025\/09\/azerbaijao-2025-f1-classificacao-mclaren-lando-norris-01-1200x801.jpg\" alt=\"\" class=\"wp-image-1014436\"\/><figcaption class=\"wp-element-caption\">Lando Norris teve de se contentar com o s\u00e9timo lugar no grid em Baku (Foto: McLaren)<\/figcaption><\/figure>\n\n\n\n<p class=\"wp-block-paragraph\">\u25b6\ufe0f <strong>Inscreva-se nos dois canais do GRANDE PR\u00caMIO no YouTube:\u00a0<a href=\"https:\/\/www.youtube.com\/channel\/UC9OlHEgxoaY6QY6nWPoiqQg?sub_confirmation=1\" target=\"_blank\" rel=\"noreferrer noopener\">GP<\/a>\u00a0|\u00a0<a href=\"https:\/\/www.youtube.com\/channel\/UC9csiS6q_C3C0FYhyr1rnFA?sub_confirmation=1\" target=\"_blank\" rel=\"noreferrer noopener\">GP2<\/a><\/strong><br>\u25b6\ufe0f <strong>LEIA MAIS:\u00a0<a href=\"https:\/\/www.grandepremio.com\/br\/f1\/noticias\/max-verstappen-crava-pole-classificacao-6-bandeiras-vermelhas-baku-gabriel-bortoleto-13o\/\">Verstappen crava pole em classifica\u00e7\u00e3o de 6 bandeiras vermelhas em Baku<\/a><\/strong><\/p>\n\n\n\n<p class=\"wp-block-paragraph\">&#8220;Mas ainda estava garoando um pouco, ent\u00e3o acho que quem estava mais atr\u00e1s tinha simplesmente mais ader\u00eancia. Foi uma decis\u00e3o que no fim n\u00e3o funcionou. \u00c9 algo que vamos revisar e tentar fazer melhor na pr\u00f3xima vez&#8221;, concluiu Norris.<\/p>\n\n\n\n<p class=\"wp-block-paragraph\">O&nbsp;<strong>GRANDE PR\u00caMIO<\/strong>&nbsp;acompanha todas as atividades da 17\u00aa etapa da temporada&nbsp;<strong><a href=\"https:\/\/www.grandepremio.com\/br\/f1\/ao-vivo\" target=\"_blank\" rel=\"noreferrer noopener\">AO VIVO E EM&nbsp;<\/a><a href=\"https:\/\/www.grandepremio.com\/br\/ao-vivo\/\" target=\"_blank\" rel=\"noreferrer noopener\">TEMPO REAL<\/a><\/strong>, al\u00e9m de classifica\u00e7\u00e3o e corrida em&nbsp;<strong><a href=\"https:\/\/www.youtube.com\/@GrandePremio1\/streams\" target=\"_blank\" rel=\"noreferrer noopener\">SEGUNDA TELA no YouTube<\/a><\/strong>, em parceria com a Voz do Esporte. O&nbsp;<strong>Briefing<\/strong>&nbsp;chega para analisar ap\u00f3s o fim de cada dia de atividades nas redes sociais e na GPTV.<\/p>\n\n\n\n<p class=\"wp-block-paragraph\"><strong>GP do Azerbaij\u00e3o de F1: veja os hor\u00e1rios em Brasil, Cabo Verde,&nbsp;<a href=\"https:\/\/grandepremio.pt\/\" target=\"_blank\" rel=\"noreferrer noopener\">Portugal<\/a>, Angola e Mo\u00e7ambique:<\/strong><\/p>\n\n\n\n<figure class=\"wp-block-table\"><table class=\"has-fixed-layout\"><tbody><tr><td><strong>Sess\u00e3o<\/strong><\/td><td><strong>BRA*<\/strong><\/td><td><strong>CBV<\/strong><\/td><td><strong>POR<\/strong><br><strong>ANG<\/strong><\/td><td><strong>MOZ<\/strong><\/td><\/tr><tr><td>Corrida<\/td><td>08:00<\/td><td>10:00<\/td><td>12:00<\/td><td>13:00<\/td><\/tr><\/tbody><\/table><\/figure>\n\n\n\n<p class=\"wp-block-paragraph\"><em>*Hor\u00e1rios de Bras\u00edlia<\/em><\/p>\n\n\n\n<figure class=\"wp-block-embed is-type-video is-provider-youtube wp-block-embed-youtube wp-embed-aspect-16-9 wp-has-aspect-ratio\"><div class=\"wp-block-embed__wrapper\">\n<iframe loading=\"lazy\" title=\"CAOS! VERSTAPPEN POLE, NORRIS 7\u00ba e 6 PARALISA\u00c7\u00d5ES: GRID DE LARGADA da F1 no AZERBAIJ\u00c3O | BRIEFING\" width=\"500\" height=\"281\" src=\"https:\/\/www.youtube.com\/embed\/33869brhAjM?feature=oembed\" frameborder=\"0\" allow=\"accelerometer; autoplay; clipboard-write; encrypted-media; gyroscope; picture-in-picture; web-share\" referrerpolicy=\"strict-origin-when-cross-origin\" allowfullscreen><\/iframe>\n<\/div><\/figure>\n","protected":false},"excerpt":{"rendered":"<p>Ao decidir sair do pit-lane antes dos advers\u00e1rios na fase final da classifica\u00e7\u00e3o, Lando Norris reconheceu que ele e a McLaren &#8220;pagaram o pre\u00e7o&#8221; pelo erro cometido<\/p>\n","protected":false},"author":0,"featured_media":1001014547,"comment_status":"closed","ping_status":"closed","sticky":false,"template":"","format":"standard","meta":{"42wp_featured_image_caption":"","42wp_featured_image_credits":"","42wp_featured_video":"","42wp_featured_image_hidden":false,"42wp_authors_list":[],"footnotes":""},"categories":[2],"tags":[28198,44741,31739,4371,44742,31738,26271,5273,147,3630,180,3628,24976,34437,1491,28285,30840,547,90,35129,42001],"42wp_author":[47160],"class_list":["post-17242","post","type-post","status-publish","format-standard","has-post-thumbnail","hentry","category-f1","tag-azerbaijao","tag-azerbaijao-2025","tag-azerbaijao-f1","tag-baku","tag-baku-2025","tag-baku-f1","tag-calendario-f1","tag-classificacao-f1","tag-f1","tag-f1-2025","tag-formula-1","tag-formula-1-2025","tag-gp-do-azerbaijao","tag-gp-do-azerbaijao-f1","tag-grande-premio","tag-grandepremio","tag-horarios-f1","tag-lando-norris","tag-mclaren","tag-onde-assistir-f1","tag-temporada-2025-f1","42wp_author-vicente-soella"],"_links":{"self":[{"href":"https:\/\/grandepremio.com\/br\/wp-json\/wp\/v2\/posts\/17242","targetHints":{"allow":["GET"]}}],"collection":[{"href":"https:\/\/grandepremio.com\/br\/wp-json\/wp\/v2\/posts"}],"about":[{"href":"https:\/\/grandepremio.com\/br\/wp-json\/wp\/v2\/types\/post"}],"replies":[{"embeddable":true,"href":"https:\/\/grandepremio.com\/br\/wp-json\/wp\/v2\/comments?post=17242"}],"version-history":[{"count":0,"href":"https:\/\/grandepremio.com\/br\/wp-json\/wp\/v2\/posts\/17242\/revisions"}],"wp:featuredmedia":[{"embeddable":true,"href":"https:\/\/grandepremio.com\/br\/wp-json\/wp\/v2\/media\/1001014547"}],"wp:attachment":[{"href":"https:\/\/grandepremio.com\/br\/wp-json\/wp\/v2\/media?parent=17242"}],"wp:term":[{"taxonomy":"category","embeddable":true,"href":"https:\/\/grandepremio.com\/br\/wp-json\/wp\/v2\/categories?post=17242"},{"taxonomy":"post_tag","embeddable":true,"href":"https:\/\/grandepremio.com\/br\/wp-json\/wp\/v2\/tags?post=17242"},{"taxonomy":"42wp_author","embeddable":true,"href":"https:\/\/grandepremio.com\/br\/wp-json\/wp\/v2\/42wp_author?post=17242"}],"curies":[{"name":"wp","href":"https:\/\/api.w.org\/{rel}","templated":true}]}}