{"id":17249,"date":"2025-09-20T11:53:03","date_gmt":"2025-09-20T14:53:03","guid":{"rendered":"https:\/\/grandepremio.com\/br\/noticias\/carlos-sainz-elogia-williams-define-lugar-podio-meta-azerbaijao-vou-dar-melhor\/"},"modified":"2025-09-20T13:07:56","modified_gmt":"2025-09-20T16:07:56","slug":"carlos-sainz-elogia-williams-define-lugar-podio-meta-azerbaijao-vou-dar-melhor","status":"publish","type":"post","link":"https:\/\/grandepremio.com\/br\/f1\/carlos-sainz-elogia-williams-define-lugar-podio-meta-azerbaijao-vou-dar-melhor\/","title":{"rendered":"Sainz elogia Williams e define &#8220;lugar no p\u00f3dio&#8221; como meta no Azerbaij\u00e3o: &#8220;Vou dar o melhor&#8221;"},"content":{"rendered":"\n<p class=\"wp-block-paragraph\">Em uma classifica\u00e7\u00e3o marcada por nada menos que <a href=\"https:\/\/www.grandepremio.com\/br\/f1\/noticias\/oscar-piastri-finca-mclaren-muro-causa-6a-bandeira-vermelha-classificacao-baku\/\">seis bandeiras vermelhas<\/a>, <strong>Carlos Sainz<\/strong> tirou bom proveito do caos e colocou a <strong>Williams<\/strong> na <a href=\"https:\/\/www.grandepremio.com\/br\/f1\/noticias\/max-verstappen-crava-pole-classificacao-6-bandeiras-vermelhas-baku-gabriel-bortoleto-13o\/\">segunda posi\u00e7\u00e3o do grid de largada do <strong>GP do Azerbaij\u00e3o<\/strong><\/a>, atr\u00e1s apenas de <strong>Max Verstappen<\/strong>. Confiante, o espanhol deixou claro que o objetivo agora \u00e9 conquistar o primeiro p\u00f3dio pela equipe de Grove neste domingo (21).<\/p>\n\n\n\n<p class=\"wp-block-paragraph\">Embora tenha passado pelo Q1 e pelo Q2 em 14\u00ba e nono lugar, respectivamente, o dono do <strong>FW47 #55<\/strong> foi \u00e0 pista logo no in\u00edcio da sess\u00e3o final e anotou 1min41s595 como melhor tempo, o suficiente para se manter na primeira posi\u00e7\u00e3o depois de <strong>Charles Leclerc<\/strong> e <strong>Oscar Piastri<\/strong> <a href=\"https:\/\/www.grandepremio.com\/br\/f1\/noticias\/charles-leclerc-bate-aciona-5a-bandeira-vermelha-classificacao-gp-azerbaijao\/\">baterem e paralisarem a atividade<\/a>. No fim, por\u00e9m, mesmo com a pista levemente escorregadia por causa da chuva que caiu poucos minutos antes, o tetracampe\u00e3o da <strong>Red Bull<\/strong> fez m\u00e1gica e desbancou o madrilenho.<\/p>\n\n\n\n<p class=\"wp-block-paragraph\">&#8220;Muito feliz. Sinceramente, acertamos em cheio na classifica\u00e7\u00e3o hoje. Estivemos com os pneus certos no momento certo o tempo todo e conseguimos algumas voltas muito fortes&#8221;, comemorou Sainz em entrevista \u00e0 <em>F1TV<\/em>. &#8220;Obviamente, no momento em que um carro de ponta fizesse uma volta limpa, sab\u00edamos que ficar\u00edamos aqueles 0s4 ou 0s5 atr\u00e1s, como sempre acontece, mas foi s\u00f3 um deles \u2014 Max, sem surpresa&#8221;, continuou.<\/p>\n\n\n\n<p class=\"wp-block-paragraph\">\u25b6\ufe0f <strong>Inscreva-se nos dois canais do GRANDE PR\u00caMIO no YouTube:&nbsp;<a href=\"https:\/\/www.youtube.com\/channel\/UC9OlHEgxoaY6QY6nWPoiqQg?sub_confirmation=1\" target=\"_blank\" rel=\"noreferrer noopener\">GP<\/a>&nbsp;|&nbsp;<a href=\"https:\/\/www.youtube.com\/channel\/UC9csiS6q_C3C0FYhyr1rnFA?sub_confirmation=1\" target=\"_blank\" rel=\"noreferrer noopener\">GP2<\/a><\/strong><br>\u25b6\ufe0f <strong>LEIA MAIS: <a href=\"https:\/\/www.grandepremio.com\/br\/f1\/noticias\/max-verstappen-crava-pole-classificacao-6-bandeiras-vermelhas-baku-gabriel-bortoleto-13o\/\">Verstappen crava pole em classifica\u00e7\u00e3o de 6 bandeiras vermelhas em Baku<\/a><\/strong><\/p>\n\n\n\n<figure class=\"wp-block-image size-large\"><img decoding=\"async\" src=\"https:\/\/www.grandepremio.com\/br\/wp-content\/uploads\/2025\/09\/azerbaijao-2025-f1-classificacao-williams-carlos-sainz-03-1200x800.jpg\" alt=\"\" class=\"wp-image-1014548\"\/><figcaption class=\"wp-element-caption\">Carlos Sainz conquistou o segundo lugar no grid em Baku (Foto: Williams) <\/figcaption><\/figure>\n\n\n\n<p class=\"wp-block-paragraph\">&#8220;Quanto ao resto, conseguimos superar e estamos em segundo, o que \u00e9 uma \u00f3tima not\u00edcia. O plano para amanh\u00e3 \u00e9 tentar garantir um lugar no p\u00f3dio. Vou dar o meu melhor para dar \u00e0 Williams o primeiro p\u00f3dio. Se for poss\u00edvel, \u00f3timo, se n\u00e3o for, vamos ver&#8221;, concluiu Sainz.<\/p>\n\n\n\n<p class=\"wp-block-paragraph\">O&nbsp;<strong>GRANDE PR\u00caMIO<\/strong>&nbsp;acompanha todas as atividades da 17\u00aa etapa da temporada&nbsp;<strong><a href=\"https:\/\/www.grandepremio.com\/br\/f1\/ao-vivo\" target=\"_blank\" rel=\"noreferrer noopener\">AO VIVO E EM&nbsp;<\/a><a href=\"https:\/\/www.grandepremio.com\/br\/ao-vivo\/\" target=\"_blank\" rel=\"noreferrer noopener\">TEMPO REAL<\/a><\/strong>, al\u00e9m de classifica\u00e7\u00e3o e corrida em&nbsp;<strong><a href=\"https:\/\/www.youtube.com\/@GrandePremio1\/streams\" target=\"_blank\" rel=\"noreferrer noopener\">SEGUNDA TELA no YouTube<\/a><\/strong>, em parceria com a Voz do Esporte. O&nbsp;<strong>Briefing<\/strong>&nbsp;chega para analisar ap\u00f3s o fim de cada dia de atividades nas redes sociais e na GPTV.<\/p>\n\n\n\n<p class=\"wp-block-paragraph\"><strong>GP do Azerbaij\u00e3o de F1: veja os hor\u00e1rios em Brasil, Cabo Verde,&nbsp;<a href=\"https:\/\/grandepremio.pt\/\" target=\"_blank\" rel=\"noreferrer noopener\">Portugal<\/a>, Angola e Mo\u00e7ambique:<\/strong><\/p>\n\n\n\n<figure class=\"wp-block-table\"><table class=\"has-fixed-layout\"><tbody><tr><td><strong>Sess\u00e3o<\/strong><\/td><td><strong>BRA*<\/strong><\/td><td><strong>CBV<\/strong><\/td><td><strong>POR<\/strong><br><strong>ANG<\/strong><\/td><td><strong>MOZ<\/strong><\/td><\/tr><tr><td>Corrida<\/td><td>08:00<\/td><td>10:00<\/td><td>12:00<\/td><td>13:00<\/td><\/tr><\/tbody><\/table><\/figure>\n\n\n\n<p class=\"wp-block-paragraph\"><em>*Hor\u00e1rios de Bras\u00edlia<\/em><\/p>\n\n\n\n<figure class=\"wp-block-embed is-type-video is-provider-youtube wp-block-embed-youtube wp-embed-aspect-16-9 wp-has-aspect-ratio\"><div class=\"wp-block-embed__wrapper\">\n<iframe loading=\"lazy\" title=\"CAOS! VERSTAPPEN POLE, NORRIS 7\u00ba e 6 PARALISA\u00c7\u00d5ES: GRID DE LARGADA da F1 no AZERBAIJ\u00c3O | BRIEFING\" width=\"500\" height=\"281\" src=\"https:\/\/www.youtube.com\/embed\/33869brhAjM?feature=oembed\" frameborder=\"0\" allow=\"accelerometer; autoplay; clipboard-write; encrypted-media; gyroscope; picture-in-picture; web-share\" referrerpolicy=\"strict-origin-when-cross-origin\" allowfullscreen><\/iframe>\n<\/div><\/figure>\n","protected":false},"excerpt":{"rendered":"<p>Segundo colocado no grid em Baku, Carlos Sainz disse que a Williams &#8220;acertou em cheio&#8221; na escolha dos pneus na classifica\u00e7\u00e3o e prometeu fazer de tudo para terminar no top-3 com a equipe<\/p>\n","protected":false},"author":0,"featured_media":1001014120,"comment_status":"closed","ping_status":"closed","sticky":false,"template":"","format":"standard","meta":{"42wp_featured_image_caption":"","42wp_featured_image_credits":"","42wp_featured_video":"","42wp_featured_image_hidden":false,"42wp_authors_list":[],"footnotes":""},"categories":[2],"tags":[28198,4371,26271,546,5273,147,3630,180,3628,24976,34437,1491,28285,30840,35129,42001,215],"42wp_author":[47160],"class_list":["post-17249","post","type-post","status-publish","format-standard","has-post-thumbnail","hentry","category-f1","tag-azerbaijao","tag-baku","tag-calendario-f1","tag-carlos-sainz","tag-classificacao-f1","tag-f1","tag-f1-2025","tag-formula-1","tag-formula-1-2025","tag-gp-do-azerbaijao","tag-gp-do-azerbaijao-f1","tag-grande-premio","tag-grandepremio","tag-horarios-f1","tag-onde-assistir-f1","tag-temporada-2025-f1","tag-williams","42wp_author-vicente-soella"],"_links":{"self":[{"href":"https:\/\/grandepremio.com\/br\/wp-json\/wp\/v2\/posts\/17249","targetHints":{"allow":["GET"]}}],"collection":[{"href":"https:\/\/grandepremio.com\/br\/wp-json\/wp\/v2\/posts"}],"about":[{"href":"https:\/\/grandepremio.com\/br\/wp-json\/wp\/v2\/types\/post"}],"replies":[{"embeddable":true,"href":"https:\/\/grandepremio.com\/br\/wp-json\/wp\/v2\/comments?post=17249"}],"version-history":[{"count":0,"href":"https:\/\/grandepremio.com\/br\/wp-json\/wp\/v2\/posts\/17249\/revisions"}],"wp:featuredmedia":[{"embeddable":true,"href":"https:\/\/grandepremio.com\/br\/wp-json\/wp\/v2\/media\/1001014120"}],"wp:attachment":[{"href":"https:\/\/grandepremio.com\/br\/wp-json\/wp\/v2\/media?parent=17249"}],"wp:term":[{"taxonomy":"category","embeddable":true,"href":"https:\/\/grandepremio.com\/br\/wp-json\/wp\/v2\/categories?post=17249"},{"taxonomy":"post_tag","embeddable":true,"href":"https:\/\/grandepremio.com\/br\/wp-json\/wp\/v2\/tags?post=17249"},{"taxonomy":"42wp_author","embeddable":true,"href":"https:\/\/grandepremio.com\/br\/wp-json\/wp\/v2\/42wp_author?post=17249"}],"curies":[{"name":"wp","href":"https:\/\/api.w.org\/{rel}","templated":true}]}}