{"id":17274,"date":"2025-09-19T14:49:05","date_gmt":"2025-09-19T17:49:05","guid":{"rendered":"https:\/\/grandepremio.com\/br\/noticias\/mclaren-diz-nao-mostrou-verdadeiro-ritmo-dia-conturbado-azerbaijao\/"},"modified":"2025-09-19T14:53:30","modified_gmt":"2025-09-19T17:53:30","slug":"mclaren-diz-nao-mostrou-verdadeiro-ritmo-dia-conturbado-azerbaijao","status":"publish","type":"post","link":"https:\/\/grandepremio.com\/br\/f1\/mclaren-diz-nao-mostrou-verdadeiro-ritmo-dia-conturbado-azerbaijao\/","title":{"rendered":"McLaren diz que &#8220;n\u00e3o mostrou verdadeiro ritmo&#8221; em dia &#8220;conturbado&#8221; no Azerbaij\u00e3o"},"content":{"rendered":"\n<p class=\"wp-block-paragraph\"><strong>Andrea Stella<\/strong> at\u00e9 lamentou a sexta-feira (19) &#8220;conturbada&#8221; que a <strong>McLaren<\/strong> teve no <strong>GP do Azerbaij\u00e3o<\/strong>, 17\u00aa etapa da temporada 2025 da <strong>F\u00f3rmula 1<\/strong>, mas afirmou que a equipe conseguiu coletar dados importantes que ser\u00e3o analisados para o restante do fim de semana. Al\u00e9m disso, reconheceu a for\u00e7a das advers\u00e1rias e deixou claro que espera uma &#8220;disputa apertada&#8221; pela pole-position em <strong>Baku<\/strong>.<\/p>\n\n\n\n<p class=\"wp-block-paragraph\"><a href=\"https:\/\/www.grandepremio.com\/br\/f1\/noticias\/lando-norris-supera-oscar-piastri-lidera-monotono-tl1-gp-do-azerbaijao-gabriel-bortoleto-14o\/\">No TL1<\/a>, enquanto <strong>Lando Norris<\/strong> apresentou um bom ritmo e anotou 1min42s704 para <a href=\"https:\/\/www.grandepremio.com\/br\/f1\/noticias\/lando-norris-aponta-dificuldade-pneus-batida-tl2-azerbaijao-custou-caro\/\">terminar na lideran\u00e7a<\/a>, <strong>Oscar Piastri<\/strong> sofreu com um problema na unidade de pot\u00eancia e passou a maior parte do tempo dentro da garagem \u2014 embora tenha <a href=\"https:\/\/www.grandepremio.com\/br\/f1\/noticias\/oscar-piastri-ve-altos-baixos-mclaren-azerbaijao-preocupa-com-ritmo\/\">conquistado o segundo lugar na sequ\u00eancia<\/a>. Momentos depois, <a href=\"https:\/\/www.grandepremio.com\/br\/f1\/noticias\/lewis-hamilton-comanda-1-2-ferrari-charles-leclerc-lidera-tl2-gp-azerbaijao-gabriel-bortoleto-15o\/\">no TL2<\/a>, os dois acabaram batendo no muro, embora a situa\u00e7\u00e3o do brit\u00e2nico <a href=\"https:\/\/www.grandepremio.com\/br\/video\/f1\/lando-norris-toca-muro-quebra-suspensao-abandona-tl2-gp-do-azerbaijao\/\">tenha sido mais dram\u00e1tica<\/a>.<\/p>\n\n\n\n<p class=\"wp-block-paragraph\">&#8220;Uma sexta-feira conturbada em Baku, com v\u00e1rias bandeiras vermelhas e amarelas interrompendo ambas as sess\u00f5es. Sabemos que este \u00e9 um circuito apertado, com pouco espa\u00e7o para erros, e hoje foi mais dif\u00edcil do que esper\u00e1vamos, com muitas interrup\u00e7\u00f5es que dificultaram encontrar um ritmo limpo&#8221;, come\u00e7ou Stella em um <em>comunicado da McLaren<\/em>.<\/p>\n\n\n\n<p class=\"wp-block-paragraph\">&#8220;A equipe trabalhou duro para investigar um problema na unidade de pot\u00eancia do Oscar no TL1, que foi rapidamente resolvido, permitindo que ele voltasse \u2014 felizmente, perdeu pouco tempo de pista por conta da bandeira vermelha. Do lado do Lando, teve um leve contato com o muro enquanto buscava o limite no TL2, o que infelizmente encurtou a sess\u00e3o&#8221;, continuou.<\/p>\n\n\n\n\n\n\n\n<p class=\"wp-block-paragraph\"><\/p>\n\n\n\n<p class=\"wp-block-paragraph\">\u25b6\ufe0f <strong>Inscreva-se nos dois canais do GRANDE PR\u00caMIO no YouTube:\u00a0<a href=\"https:\/\/www.youtube.com\/channel\/UC9OlHEgxoaY6QY6nWPoiqQg?sub_confirmation=1\" target=\"_blank\" rel=\"noreferrer noopener\">GP<\/a>\u00a0|\u00a0<a href=\"https:\/\/www.youtube.com\/channel\/UC9csiS6q_C3C0FYhyr1rnFA?sub_confirmation=1\" target=\"_blank\" rel=\"noreferrer noopener\">GP2<\/a><\/strong><br>\u25b6\ufe0f <strong>LEIA TAMB\u00c9M:\u00a0<a href=\"https:\/\/www.grandepremio.com\/br\/f1\/noticias\/lewis-hamilton-comanda-1-2-ferrari-charles-leclerc-lidera-tl2-gp-azerbaijao-gabriel-bortoleto-15o\/\">Hamilton comanda 1-2 da Ferrari com Leclerc e lidera TL2 do GP do Azerbaij\u00e3o<\/a><\/strong><\/p>\n\n\n\n<p class=\"wp-block-paragraph\">&#8220;Oscar tamb\u00e9m tocou o muro durante a volta com pneus novos, ent\u00e3o n\u00e3o tivemos a oportunidade de mostrar nosso verdadeiro ritmo nesta tarde&#8221;, sublinhou o dirigente, que minimizou a situa\u00e7\u00e3o e apostou na capacidade do time de dar a volta por cima.<\/p>\n\n\n\n<p class=\"wp-block-paragraph\">&#8220;Apesar dessas interrup\u00e7\u00f5es, conseguimos coletar alguns dados importantes que ser\u00e3o analisados ainda esta noite. Vamos consolidar o que aprendemos como equipe e refinar o que for poss\u00edvel para avan\u00e7ar no \u00faltimo treino livre de amanh\u00e3. As sess\u00f5es de hoje confirmam que podemos esperar mais uma disputa apertada e competitiva pela-pole position na classifica\u00e7\u00e3o de s\u00e1bado&#8221;, concluiu o chefe da McLaren.<\/p>\n\n\n\n<p class=\"wp-block-paragraph\">O&nbsp;<strong>GRANDE PR\u00caMIO<\/strong>&nbsp;acompanha todas as atividades da 17\u00aa etapa da temporada&nbsp;<strong><a href=\"https:\/\/www.grandepremio.com\/br\/f1\/ao-vivo\" target=\"_blank\" rel=\"noreferrer noopener\">AO VIVO E EM&nbsp;<\/a><a href=\"https:\/\/www.grandepremio.com\/br\/ao-vivo\/\" target=\"_blank\" rel=\"noreferrer noopener\">TEMPO REAL<\/a><\/strong>, al\u00e9m de classifica\u00e7\u00e3o e corrida em&nbsp;<strong><a href=\"https:\/\/www.youtube.com\/@GrandePremio1\/streams\" target=\"_blank\" rel=\"noreferrer noopener\">SEGUNDA TELA no YouTube<\/a><\/strong>, em parceria com a Voz do Esporte. O&nbsp;<strong>Briefing<\/strong>&nbsp;chega para analisar ap\u00f3s o fim de cada dia de atividades nas redes sociais e na GPTV.<\/p>\n\n\n\n<p class=\"wp-block-paragraph\"><strong>GP do Azerbaij\u00e3o de F1: veja os hor\u00e1rios em Brasil, Cabo Verde,&nbsp;<a href=\"https:\/\/grandepremio.pt\/\" target=\"_blank\" rel=\"noreferrer noopener\">Portugal<\/a>, Angola e Mo\u00e7ambique:<\/strong><\/p>\n\n\n\n<figure class=\"wp-block-table\"><table class=\"has-fixed-layout\"><tbody><tr><td><strong>Sess\u00e3o<\/strong><\/td><td><strong>BRA*<\/strong><\/td><td><strong>CBV<\/strong><\/td><td><strong>POR<\/strong><br><strong>ANG<\/strong><\/td><td><strong>MOZ<\/strong><\/td><\/tr><tr><td>Treino livre 3<\/td><td>05:30<\/td><td>07:30<\/td><td>09:30<\/td><td>10:30<\/td><\/tr><tr><td>Classifica\u00e7\u00e3o<\/td><td>09:00<\/td><td>11:00<\/td><td>13:00<\/td><td>16:00<\/td><\/tr><tr><td>Corrida<\/td><td>08:00<\/td><td>10:00<\/td><td>12:00<\/td><td>13:00<\/td><\/tr><\/tbody><\/table><\/figure>\n\n\n\n<p class=\"wp-block-paragraph\"><em>*Hor\u00e1rios de Bras\u00edlia<\/em><\/p>\n\n\n\n<figure class=\"wp-block-embed is-type-video is-provider-youtube wp-block-embed-youtube wp-embed-aspect-16-9 wp-has-aspect-ratio\"><div class=\"wp-block-embed__wrapper\">\n<iframe loading=\"lazy\" title=\"HAMILTON 1\u00ba, NORRIS BATE, BORTOLETO 15\u00ba: TREINOS da F1 no AZERBAIJ\u00c3O | BRIEFING [grande premio]\" width=\"500\" height=\"281\" src=\"https:\/\/www.youtube.com\/embed\/ZVpsp3k4MZ8?feature=oembed\" frameborder=\"0\" allow=\"accelerometer; autoplay; clipboard-write; encrypted-media; gyroscope; picture-in-picture; web-share\" referrerpolicy=\"strict-origin-when-cross-origin\" allowfullscreen><\/iframe>\n<\/div><\/figure>\n","protected":false},"excerpt":{"rendered":"<p>Chefe da McLaren, Andrea Stella reconheceu sexta-feira (19) &#8220;mais dif\u00edcil do que esperava&#8221; e projetou uma classifica\u00e7\u00e3o &#8220;apertada&#8221; contra as rivais em Baku<\/p>\n","protected":false},"author":0,"featured_media":1001014014,"comment_status":"closed","ping_status":"closed","sticky":false,"template":"","format":"standard","meta":{"42wp_featured_image_caption":"","42wp_featured_image_credits":"","42wp_featured_video":"","42wp_featured_image_hidden":false,"42wp_authors_list":[],"footnotes":""},"categories":[2],"tags":[7094,28198,4371,26271,5273,147,3630,180,3628,24976,34437,1491,28285,30840,547,90,35129,2916,42001],"42wp_author":[47160],"class_list":["post-17274","post","type-post","status-publish","format-standard","has-post-thumbnail","hentry","category-f1","tag-andrea-stella","tag-azerbaijao","tag-baku","tag-calendario-f1","tag-classificacao-f1","tag-f1","tag-f1-2025","tag-formula-1","tag-formula-1-2025","tag-gp-do-azerbaijao","tag-gp-do-azerbaijao-f1","tag-grande-premio","tag-grandepremio","tag-horarios-f1","tag-lando-norris","tag-mclaren","tag-onde-assistir-f1","tag-oscar-piastri","tag-temporada-2025-f1","42wp_author-vicente-soella"],"_links":{"self":[{"href":"https:\/\/grandepremio.com\/br\/wp-json\/wp\/v2\/posts\/17274","targetHints":{"allow":["GET"]}}],"collection":[{"href":"https:\/\/grandepremio.com\/br\/wp-json\/wp\/v2\/posts"}],"about":[{"href":"https:\/\/grandepremio.com\/br\/wp-json\/wp\/v2\/types\/post"}],"replies":[{"embeddable":true,"href":"https:\/\/grandepremio.com\/br\/wp-json\/wp\/v2\/comments?post=17274"}],"version-history":[{"count":0,"href":"https:\/\/grandepremio.com\/br\/wp-json\/wp\/v2\/posts\/17274\/revisions"}],"wp:featuredmedia":[{"embeddable":true,"href":"https:\/\/grandepremio.com\/br\/wp-json\/wp\/v2\/media\/1001014014"}],"wp:attachment":[{"href":"https:\/\/grandepremio.com\/br\/wp-json\/wp\/v2\/media?parent=17274"}],"wp:term":[{"taxonomy":"category","embeddable":true,"href":"https:\/\/grandepremio.com\/br\/wp-json\/wp\/v2\/categories?post=17274"},{"taxonomy":"post_tag","embeddable":true,"href":"https:\/\/grandepremio.com\/br\/wp-json\/wp\/v2\/tags?post=17274"},{"taxonomy":"42wp_author","embeddable":true,"href":"https:\/\/grandepremio.com\/br\/wp-json\/wp\/v2\/42wp_author?post=17274"}],"curies":[{"name":"wp","href":"https:\/\/api.w.org\/{rel}","templated":true}]}}