{"id":17296,"date":"2025-09-19T08:52:27","date_gmt":"2025-09-19T11:52:27","guid":{"rendered":"https:\/\/grandepremio.com\/br\/noticias\/fernando-alonso-fala-deixar-f1-auge-avisa-se-carro-for-bom-2026-pode-ser-ultimo-ano\/"},"modified":"2025-09-21T16:14:55","modified_gmt":"2025-09-21T19:14:55","slug":"fernando-alonso-fala-deixar-f1-auge-avisa-se-carro-for-bom-2026-pode-ser-ultimo-ano","status":"publish","type":"post","link":"https:\/\/grandepremio.com\/br\/f1\/fernando-alonso-fala-deixar-f1-auge-avisa-se-carro-for-bom-2026-pode-ser-ultimo-ano\/","title":{"rendered":"Alonso fala em deixar F1 &#8220;no auge&#8221; e avisa: &#8220;Se carro for bom, 2026 pode ser \u00faltimo ano&#8221;"},"content":{"rendered":"\n<p class=\"wp-block-paragraph\"><strong>Fernando Alonso<\/strong> manifestou seu desejo de deixar a <strong>F\u00f3rmula 1<\/strong> no auge, considerado como um dos melhores de sua gera\u00e7\u00e3o. E a decis\u00e3o caminha a passos largos para ser tomada ao final de 2026, caso a <strong>Aston Martin<\/strong> tenha uma boa performance com o novo regulamento implementado na categoria.<\/p>\n\n\n\n<p class=\"wp-block-paragraph\">Em entrevista ao <em>Diario As<\/em>, o bicampe\u00e3o do mundo falou sobre como v\u00ea seu futuro. Mais do que isso, sabe que mesmo aos 44 anos de idade est\u00e1 em grande forma e tem mais condi\u00e7\u00f5es de ser longevo, por\u00e9m, quer uma despedida \u00e0 altura: vencendo corridas e brigando pelo t\u00edtulo. <\/p>\n\n\n\n<p class=\"wp-block-paragraph\">&#8220;Quero deixar a <strong>F1<\/strong> me considerando o melhor, e que 30 ou 40% das pessoas de fora tamb\u00e9m pensem assim. Quero sair no auge&#8221;, disse Alonso. Seus n\u00fameros na categoria impressionam: s\u00e3o 22 temporadas at\u00e9 aqui, com 32 vit\u00f3rias, 22 poles e 106 p\u00f3dios, al\u00e9m dos t\u00edtulos em 2005 e 2006.<\/p>\n\n\n\n<p class=\"wp-block-paragraph\">O espanhol tem ci\u00eancia de que, com as mudan\u00e7as de regulamento e a contrata\u00e7\u00e3o do multivencedor e projetista<strong> Adrian Newey<\/strong>, os caminhos para a <strong>Aston Martin<\/strong> justificar os altos investimentos est\u00e3o abertos. Mas se o carro n\u00e3o sair como planejado, Alonso mant\u00e9m as portas abertas para seguir al\u00e9m de 2026.<\/p>\n\n\n\n<figure class=\"wp-block-image size-large\"><img decoding=\"async\" src=\"https:\/\/www.grandepremio.com\/br\/wp-content\/uploads\/2025\/09\/azerbaijao-2025-f1-treinos-livres-aston-martin-fernando-alonso-04-1200x800.jpg\" alt=\"\" class=\"wp-image-1014022\"\/><figcaption class=\"wp-element-caption\">Alonso pensa em aposentadoria da F1, mas com condi\u00e7\u00f5es de vencer (Foto: Aston Martin)<\/figcaption><\/figure>\n\n\n\n<p class=\"wp-block-paragraph\">&#8220;Sei que tenho chances de me sair bem em 2027 e 2028, quando houver uma estabilidade maior na equipe. Eles podem se sair bem no primeiro ano, mas no segundo ou terceiro, ser\u00e1 certeza de que estar\u00e3o voando, mas tenho de decidir por mim mesmo&#8221;, analisou.<\/p>\n\n\n\n<p class=\"wp-block-paragraph\">&#8220;Se o carro for mal, h\u00e1 uma chance de ficar por mais um ano para terminar com uma nota positiva. Se formos bem, 2026 provavelmente ser\u00e1 meu \u00faltimo. A equipe caminha para sua melhor forma. Na pista, fazemos o que podemos todos os fins de semana&#8221;.<\/p>\n\n\n\n<p class=\"wp-block-paragraph\">&#8220;H\u00e1 um certo cansa\u00e7o, uma vontade de terminar a temporada para recome\u00e7ar. Mas na f\u00e1brica, \u00e9 o oposto: tudo est\u00e1 focado em 2026, h\u00e1 um grande entusiasmo e um novo m\u00e9todo de trabalho, gra\u00e7as \u00e0s li\u00e7\u00f5es que Newey nos ensinou. H\u00e1 um caminho claro para a Aston Martin&#8221;, concluiu Alonso. <\/p>\n\n\n\n<p class=\"wp-block-paragraph\">O&nbsp;<strong>GRANDE PR\u00caMIO<\/strong>&nbsp;acompanha todas as atividades do&nbsp;<strong>GP do Azerbaij\u00e3o<\/strong>&nbsp;<strong><a href=\"https:\/\/www.grandepremio.com\/br\/f1\/ao-vivo\" target=\"_blank\" rel=\"noreferrer noopener\">AO VIVO E EM&nbsp;<\/a><a href=\"https:\/\/www.grandepremio.com\/br\/ao-vivo\/\" target=\"_blank\" rel=\"noreferrer noopener\">TEMPO REAL<\/a><\/strong>, al\u00e9m de classifica\u00e7\u00e3o e corrida em&nbsp;<strong><a href=\"https:\/\/www.youtube.com\/@GrandePremio1\/streams\" target=\"_blank\" rel=\"noreferrer noopener\">SEGUNDA TELA no YouTube<\/a><\/strong>, em parceria com a Voz do Esporte. O&nbsp;<strong>Briefing<\/strong>&nbsp;chega para analisar ap\u00f3s o fim de cada dia de atividades nas redes sociais e na GPTV.<\/p>\n\n\n\n<p class=\"wp-block-paragraph\"><strong>GP do Azerbaij\u00e3o de F1: veja os hor\u00e1rios em Brasil, Cabo Verde,&nbsp;<a href=\"https:\/\/grandepremio.pt\/\" target=\"_blank\" rel=\"noreferrer noopener\">Portugal<\/a>, Angola e Mo\u00e7ambique:<\/strong><\/p>\n\n\n\n<figure class=\"wp-block-table\"><table class=\"has-fixed-layout\"><tbody><tr><td><strong>Sess\u00e3o<\/strong><\/td><td><strong>BRA*<\/strong><\/td><td><strong>CBV<\/strong><\/td><td><strong>POR<\/strong><br><strong>ANG<\/strong><\/td><td><strong>MOZ<\/strong><\/td><\/tr><tr><td>Treino livre 2<\/td><td>09:00<\/td><td>11:00<\/td><td>13:00<\/td><td>16:00<\/td><\/tr><tr><td>Treino livre 3<\/td><td>05:30<\/td><td>07:30<\/td><td>09:30<\/td><td>10:30<\/td><\/tr><tr><td>Classifica\u00e7\u00e3o<\/td><td>09:00<\/td><td>11:00<\/td><td>13:00<\/td><td>16:00<\/td><\/tr><tr><td>Corrida<\/td><td>08:00<\/td><td>10:00<\/td><td>12:00<\/td><td>13:00<\/td><\/tr><\/tbody><\/table><\/figure>\n","protected":false},"excerpt":{"rendered":"<p>Alonso deu pistas, em entrevista \u00e0 imprensa espanhola, de que a aposentadoria da F\u00f3rmula 1 est\u00e1 pr\u00f3xima e pode acontecer na pr\u00f3xima temporada. Por\u00e9m, com algumas condi\u00e7\u00f5es de performance da Aston Martin, brigando por vit\u00f3rias <\/p>\n","protected":false},"author":0,"featured_media":1001013708,"comment_status":"closed","ping_status":"closed","sticky":false,"template":"","format":"standard","meta":{"42wp_featured_image_caption":"","42wp_featured_image_credits":"","42wp_featured_video":"","42wp_featured_image_hidden":false,"42wp_authors_list":[],"footnotes":""},"categories":[2],"tags":[3547,309,28198,4371,26271,5273,147,3630,176,180,3628,24976,34437,1491,28285,30840,35129,42001],"42wp_author":[47128],"class_list":["post-17296","post","type-post","status-publish","format-standard","has-post-thumbnail","hentry","category-f1","tag-adrian-newey","tag-aston-martin","tag-azerbaijao","tag-baku","tag-calendario-f1","tag-classificacao-f1","tag-f1","tag-f1-2025","tag-fernando-alonso","tag-formula-1","tag-formula-1-2025","tag-gp-do-azerbaijao","tag-gp-do-azerbaijao-f1","tag-grande-premio","tag-grandepremio","tag-horarios-f1","tag-onde-assistir-f1","tag-temporada-2025-f1","42wp_author-guilherme-bloisi"],"_links":{"self":[{"href":"https:\/\/grandepremio.com\/br\/wp-json\/wp\/v2\/posts\/17296","targetHints":{"allow":["GET"]}}],"collection":[{"href":"https:\/\/grandepremio.com\/br\/wp-json\/wp\/v2\/posts"}],"about":[{"href":"https:\/\/grandepremio.com\/br\/wp-json\/wp\/v2\/types\/post"}],"replies":[{"embeddable":true,"href":"https:\/\/grandepremio.com\/br\/wp-json\/wp\/v2\/comments?post=17296"}],"version-history":[{"count":0,"href":"https:\/\/grandepremio.com\/br\/wp-json\/wp\/v2\/posts\/17296\/revisions"}],"wp:featuredmedia":[{"embeddable":true,"href":"https:\/\/grandepremio.com\/br\/wp-json\/wp\/v2\/media\/1001013708"}],"wp:attachment":[{"href":"https:\/\/grandepremio.com\/br\/wp-json\/wp\/v2\/media?parent=17296"}],"wp:term":[{"taxonomy":"category","embeddable":true,"href":"https:\/\/grandepremio.com\/br\/wp-json\/wp\/v2\/categories?post=17296"},{"taxonomy":"post_tag","embeddable":true,"href":"https:\/\/grandepremio.com\/br\/wp-json\/wp\/v2\/tags?post=17296"},{"taxonomy":"42wp_author","embeddable":true,"href":"https:\/\/grandepremio.com\/br\/wp-json\/wp\/v2\/42wp_author?post=17296"}],"curies":[{"name":"wp","href":"https:\/\/api.w.org\/{rel}","templated":true}]}}