{"id":17298,"date":"2025-09-19T08:05:38","date_gmt":"2025-09-19T11:05:38","guid":{"rendered":"https:\/\/grandepremio.com\/br\/noticias\/porsche-oficializa-saida-antonio-felix-da-costa-apos-tres-anos-parceria-formula-e\/"},"modified":"2025-09-19T11:39:10","modified_gmt":"2025-09-19T14:39:10","slug":"porsche-oficializa-saida-antonio-felix-da-costa-apos-tres-anos-parceria-formula-e","status":"publish","type":"post","link":"https:\/\/grandepremio.com\/br\/formula-e\/porsche-oficializa-saida-antonio-felix-da-costa-apos-tres-anos-parceria-formula-e\/","title":{"rendered":"Porsche oficializa sa\u00edda de Da Costa ap\u00f3s tr\u00eas anos de parceria na F\u00f3rmula E"},"content":{"rendered":"\n<p class=\"wp-block-paragraph\">A <strong>Porsche<\/strong> oficializou nesta sexta-feira (19) a sa\u00edda de <strong>Ant\u00f3nio F\u00e9lix da Costa<\/strong> da equipe na <strong>F\u00f3rmula E<\/strong>. O portugu\u00eas, campe\u00e3o da categoria em 2020 e integrante da escuderia desde 2022, encerra um ciclo de tr\u00eas temporadas marcado por <strong>cinco vit\u00f3rias<\/strong>, outros <strong>seis p\u00f3dios<\/strong> e pela participa\u00e7\u00e3o direta na conquista dos <strong>Mundiais de Construtores e Equipes<\/strong> no \u00faltimo campeonato.<\/p>\n\n\n\n<p class=\"wp-block-paragraph\">A sa\u00edda de Da Costa <strong><a href=\"https:\/\/www.grandepremio.com\/br\/formula-e\/noticias\/porsche-antonio-felix-da-costa-encerram-novela-preparam-fim-parceria-3-anos-formula-e\/\">j\u00e1 vinha sendo encaminhada desde agosto<\/a><\/strong>, mas agora foi confirmada. Segundo apura\u00e7\u00e3o do portal <em>The Race<\/em>, o substituto ser\u00e1 <strong>Nico M\u00fcller<\/strong>, enquanto <strong>Felipe Drugovich<a href=\"https:\/\/www.grandepremio.com\/br\/formula-e\/noticias\/felipe-drugovich-sela-destino-fecha-andretti-substituir-nico-muller-formula-e\/\"> herdar\u00e1 a vaga deixada pelo su\u00ed\u00e7o na Andretti<\/a><\/strong>.<\/p>\n\n\n\n<p class=\"wp-block-paragraph\"><strong>Florian Modlinger<\/strong>, chefe da Porsche na F\u00f3rmula E, destacou a contribui\u00e7\u00e3o do piloto portugu\u00eas durante a passagem pela equipe alem\u00e3.<\/p>\n\n\n\n<p class=\"wp-block-paragraph\">\u201cEm tr\u00eas anos intensos conosco, <strong>Ant\u00f3nio mostrou sua classe com cinco vit\u00f3rias<\/strong>. Impressionou pela leitura de corrida e capacidade de avan\u00e7ar. Agrade\u00e7o n\u00e3o s\u00f3 pelo desempenho, mas pela forma direta e transparente com que tratou todos. Gra\u00e7as ao trabalho dele, dos engenheiros e dos mec\u00e2nicos, <strong>recuperamos nossa for\u00e7a em classifica\u00e7\u00e3o e nos tornamos campe\u00f5es<\/strong>. Desejo a ele tudo de melhor\u201d, declarou.<\/p>\n\n\n\n<figure class=\"wp-block-image size-large\"><img decoding=\"async\" src=\"https:\/\/www.grandepremio.com\/br\/wp-content\/uploads\/2025\/07\/Gw4fRwrWYAABx1I-1200x800.jpg\" alt=\"\" class=\"wp-image-997210\"\/><figcaption class=\"wp-element-caption\">Apesar do relacionamento conturbado, Da Costa ajudou Porsche a conquistar os Mundiais de Equipes e Construtores (Foto: Porsche)<\/figcaption><\/figure>\n\n\n\n<p class=\"wp-block-paragraph\"><strong>Thomas Laudenbach<\/strong>, vice-presidente da Porsche Motorsport, tamb\u00e9m exaltou o papel decisivo do portugu\u00eas. \u201cAp\u00f3s os t\u00edtulos em Londres, em julho, a Porsche atingiu o auge do automobilismo el\u00e9trico \u2013 <strong>e isso se deve muito \u00e0s performances de Ant\u00f3nio<\/strong>. Tenho muito orgulho disso e agrade\u00e7o por tudo. D<strong>esejo encontr\u00e1-lo em breve no paddock e desejo sorte no futuro<\/strong>\u201d, disse.<\/p>\n\n\n\n<p class=\"wp-block-paragraph\">Da Costa teve momentos de destaque com a Porsche, como a ultrapassagem que lhe rendeu <strong><a href=\"https:\/\/www.grandepremio.com\/br\/formula-e\/noticias\/antonio-felix-da-costa-passa-jean-eric-vergne-penultima-volta-fatura-ep-cidade-do-cabo\/\">a vit\u00f3ria na Cidade do Cabo em 2023<\/a><\/strong> e <strong><a href=\"https:\/\/www.grandepremio.com\/br\/formula-e\/noticias\/antonio-felix-da-costa-domina-reta-final-tira-zica-porsche-vence-ep-de-berlim-2\/\">o triunfo no eP de Berlim, primeiro da equipe em casa, no ano seguinte<\/a><\/strong>. Em 2024, chegou a vencer quatro provas, mais do que qualquer outro piloto no grid.<\/p>\n\n\n\n<p class=\"wp-block-paragraph\">Apesar disso, Da Costa teve relacionamento complicado com a equipe internamente. A comunica\u00e7\u00e3o com o companheiro <strong>Pascal Wehrlein<\/strong> foi inexistente na \u00faltima temporada, ap\u00f3s um entrevero n\u00e3o revelado entre os dois no<strong>\u00a0eP de\u00a0<a href=\"https:\/\/www.grandepremio.com\/br\/circuito\/sao-paulo\/\" target=\"_blank\" rel=\"noreferrer noopener\">S\u00e3o Paulo<\/a><\/strong>, enquanto o contato com o chefe\u00a0<strong>Florian Modlinger<\/strong>\u00a0seguiu distante. O portugu\u00eas, inclusive,\u00a0<strong><a href=\"https:\/\/www.grandepremio.com\/br\/formula-e\/noticias\/prisioneiro-ambiente-pesado-antonio-felix-da-costa-sincero-climao-pascal-wehrlein-porsche\/\" target=\"_blank\" rel=\"noreferrer noopener\">abriu o jogo sobre isso no eP de<\/a> <a href=\"https:\/\/www.grandepremio.com\/br\/circuito\/londres\/\" target=\"_blank\" rel=\"noreferrer noopener\">Londres<\/a><\/strong>, que fechou a temporada.<\/p>\n\n\n\n<p class=\"wp-block-paragraph\">Ainda assim, Da Costa preferiu encarar a despedida com gratid\u00e3o e destacou os anos de sucesso vividos com a Porsche. \u201c<strong>Estou feliz por ter vivido isso, em vez de triste pelo fim<\/strong>. Corri por uma das marcas mais prestigiadas do mundo \u2013 \u00e9 uma honra e um orgulho ter isso na minha carreira. <strong>Fiz parte dos tr\u00eas anos mais bem-sucedidos da equipe, e agrade\u00e7o a todos com quem trabalhei<\/strong>, desde a gest\u00e3o com Thomas e Florian at\u00e9 os meus mec\u00e2nicos e engenheiros. Obrigado\u201d, afirmou.<\/p>\n\n\n\n<p class=\"wp-block-paragraph\">A&nbsp;<a href=\"https:\/\/www.grandepremio.com\/br\/formula-e\/\" target=\"_blank\" rel=\"noreferrer noopener\"><\/a><a href=\"https:\/\/www.grandepremio.com\/br\/formula-e\/\" target=\"_blank\" rel=\"noreferrer noopener\">F\u00f3rmula E<\/a>&nbsp;inicia as atividades para a edi\u00e7\u00e3o 2025\/26 entre os dias&nbsp;<strong>27 e 30 de outubro<\/strong>, com a pr\u00e9-temporada de&nbsp;<strong><a href=\"https:\/\/es.grandepremio.com\/\" target=\"_blank\" rel=\"noreferrer noopener\">Val\u00eancia<\/a><\/strong>. A primeira corrida do campeonato est\u00e1 programada para o dia&nbsp;<strong>6 de dezembro<\/strong>, no&nbsp;<strong>eP de&nbsp;<a href=\"https:\/\/www.grandepremio.com\/br\/circuito\/sao-paulo\/\" target=\"_blank\" rel=\"noreferrer noopener\"><\/a><a href=\"https:\/\/www.grandepremio.com\/br\/circuito\/sao-paulo\/\" target=\"_blank\" rel=\"noreferrer noopener\">S\u00e3o Paulo<\/a><\/strong>.<\/p>\n\n\n\n<p class=\"wp-block-paragraph\">\u25b6\ufe0f&nbsp;<strong>Inscreva-se nos dois canais do GRANDE PR\u00caMIO no YouTube:&nbsp;<a href=\"https:\/\/www.youtube.com\/channel\/UC9OlHEgxoaY6QY6nWPoiqQg?sub_confirmation=1\" target=\"_blank\" rel=\"noreferrer noopener\">GP<\/a>&nbsp;|&nbsp;<a href=\"https:\/\/www.youtube.com\/channel\/UC9csiS6q_C3C0FYhyr1rnFA?sub_confirmation=1\" target=\"_blank\" rel=\"noreferrer noopener\">GP2<\/a><\/strong><\/p>\n","protected":false},"excerpt":{"rendered":"<p>Porsche confirmou a j\u00e1 esperada sa\u00edda de Ant\u00f3nio Felix da Costa. Em tr\u00eas temporadas pelo time alem\u00e3o, o piloto conquistou cinco vit\u00f3rias e ajudou na conquista dos Mundiais de Construtores e Equipes em 2024\/25<\/p>\n","protected":false},"author":0,"featured_media":1000990931,"comment_status":"closed","ping_status":"closed","sticky":false,"template":"","format":"standard","meta":{"42wp_featured_image_caption":"","42wp_featured_image_credits":"","42wp_featured_video":"","42wp_featured_image_hidden":false,"42wp_authors_list":[],"footnotes":""},"categories":[19],"tags":[417,25774,28679,6853,1024,40370,840,38802,1491,28285,35442,2349,36219,1194,736,41542],"42wp_author":[47164],"class_list":["post-17298","post","type-post","status-publish","format-standard","has-post-thumbnail","hentry","category-formula-e","tag-andretti","tag-antonio-felix-da-costa","tag-calendario-formula-e","tag-classificacao-formula-e","tag-felipe-drugovich","tag-florian-modlinger","tag-formula-e","tag-formula-e-2025","tag-grande-premio","tag-grandepremio","tag-horarios-formula-e","tag-nico-muller","tag-onde-assistir-formula-e","tag-pascal-wehrlein","tag-porsche","tag-temporada-2025-da-formula-e","42wp_author-marcos-gil-ribeiro"],"_links":{"self":[{"href":"https:\/\/grandepremio.com\/br\/wp-json\/wp\/v2\/posts\/17298","targetHints":{"allow":["GET"]}}],"collection":[{"href":"https:\/\/grandepremio.com\/br\/wp-json\/wp\/v2\/posts"}],"about":[{"href":"https:\/\/grandepremio.com\/br\/wp-json\/wp\/v2\/types\/post"}],"replies":[{"embeddable":true,"href":"https:\/\/grandepremio.com\/br\/wp-json\/wp\/v2\/comments?post=17298"}],"version-history":[{"count":0,"href":"https:\/\/grandepremio.com\/br\/wp-json\/wp\/v2\/posts\/17298\/revisions"}],"wp:featuredmedia":[{"embeddable":true,"href":"https:\/\/grandepremio.com\/br\/wp-json\/wp\/v2\/media\/1000990931"}],"wp:attachment":[{"href":"https:\/\/grandepremio.com\/br\/wp-json\/wp\/v2\/media?parent=17298"}],"wp:term":[{"taxonomy":"category","embeddable":true,"href":"https:\/\/grandepremio.com\/br\/wp-json\/wp\/v2\/categories?post=17298"},{"taxonomy":"post_tag","embeddable":true,"href":"https:\/\/grandepremio.com\/br\/wp-json\/wp\/v2\/tags?post=17298"},{"taxonomy":"42wp_author","embeddable":true,"href":"https:\/\/grandepremio.com\/br\/wp-json\/wp\/v2\/42wp_author?post=17298"}],"curies":[{"name":"wp","href":"https:\/\/api.w.org\/{rel}","templated":true}]}}