{"id":17363,"date":"2025-09-17T07:36:47","date_gmt":"2025-09-17T10:36:47","guid":{"rendered":"https:\/\/grandepremio.com\/br\/noticias\/pirelli-revela-agradou-pilotos-teste-aderencia-velocidade-aquecimento\/"},"modified":"2025-09-22T09:24:58","modified_gmt":"2025-09-22T12:24:58","slug":"pirelli-revela-agradou-pilotos-teste-aderencia-velocidade-aquecimento","status":"publish","type":"post","link":"https:\/\/grandepremio.com\/br\/motogp\/pirelli-revela-agradou-pilotos-teste-aderencia-velocidade-aquecimento\/","title":{"rendered":"Pirelli revela o que agradou pilotos em teste: \u201cAder\u00eancia e velocidade de aquecimento\u201d"},"content":{"rendered":"\n<p class=\"wp-block-paragraph\">A <strong>Pirelli <\/strong>fez um balan\u00e7o positivo do <a href=\"https:\/\/www.grandepremio.com\/br\/motogp\/noticias\/pirelli-abre-preparacao-2027-faz-teste-novos-pneus-motos-atuais-misano\/\">primeiro teste dos pneus que est\u00e1 desenvolvendo para a <strong>MotoGP<\/strong><\/a>. A f\u00e1brica italiana apontou \u201cader\u00eancia, velocidade de aquecimento e confian\u00e7a\u201d como as \u201ccaracter\u00edsticas mais apreciadas\u201d no primeiro contato dos pilotos com os novos cal\u00e7ados de <strong>2027<\/strong>.<\/p>\n\n\n\n<p class=\"wp-block-paragraph\">Depois de um dia de testes coletivos em <strong>Misano<\/strong>, as f\u00e1bricas da MotoGP seguiram no <strong>Circuito Marco Simoncelli<\/strong>, agora com as equipes de testes, para provar os prot\u00f3tipos dos novos pneus. A atividade contou com a participa\u00e7\u00e3o de <strong>Augusto Fern\u00e1ndez<\/strong>, pela <strong>Yamaha<\/strong>;<strong> Dani Pedrosa<\/strong>, pela <strong>KTM<\/strong>; <strong>Takaaki Nakagami<\/strong>, pela <strong>Honda<\/strong>; <strong>Lorenzo Savadori<\/strong>, pela <strong>Aprilia<\/strong>; e <strong>Michele Pirro<\/strong>, pela <strong>Ducati<\/strong>.<\/p>\n\n\n\n<p class=\"wp-block-paragraph\">Substituta da <strong>Michelin<\/strong>, a Pirelli vai entrar na MotoGP junto com um novo regulamento t\u00e9cnico, que vai ver a substitui\u00e7\u00e3o dos atuais prot\u00f3tipos <strong>1000cc <\/strong>por motos de <strong>850cc<\/strong>. Por enquanto, por\u00e9m, as f\u00e1bricas concordaram em n\u00e3o testar as novas motos, que tamb\u00e9m ter\u00e3o limita\u00e7\u00f5es aerodin\u00e2micas e um veto ao uso dos sistemas de rebaixamento de suspens\u00e3o, ent\u00e3o a f\u00e1brica italiana precisou usar as m\u00e1quinas atuais com algumas limita\u00e7\u00f5es.<\/p>\n\n\n\n<p class=\"wp-block-paragraph\">O teste foi realizado com sol e pista seca, com a temperatura do asfalto variando entre 25 e 43\u00b0C. No total, as equipes contaram com sete conjuntos de pneus, com duas vers\u00f5es dianteiras diferentes e tr\u00eas op\u00e7\u00f5es traseiras, nos tamanhos atuais da MotoGP: aros de 17 polegadas, 4 polegadas de largura na dianteira e de 6.25 polegadas na traseira.<\/p>\n\n\n\n<figure class=\"wp-block-image size-large\"><img decoding=\"async\" src=\"https:\/\/www.grandepremio.com\/br\/wp-content\/uploads\/2023\/06\/Moto3-Moto2-2023-Pirelli-Giorgio-Barbier-Carlos-Ezpeleta-1024x682.jpg\" alt=\"\" class=\"wp-image-701250\"\/><figcaption class=\"wp-element-caption\">Giorgio Barbier e Carlos Ezpeleta acertaram acordo entre o Mundial e a Pirelli (Foto: Divulga\u00e7\u00e3o\/ MotoGP)<\/figcaption><\/figure>\n\n\n\n<p class=\"wp-block-paragraph\"><strong>\u25b6\ufe0f&nbsp;Inscreva-se nos dois canais do GRANDE PR\u00caMIO no YouTube:&nbsp;<a href=\"https:\/\/www.youtube.com\/channel\/UC9OlHEgxoaY6QY6nWPoiqQg?sub_confirmation=1\" target=\"_blank\" rel=\"noreferrer noopener\">GP<\/a>&nbsp;|&nbsp;<a href=\"https:\/\/www.youtube.com\/channel\/UC9csiS6q_C3C0FYhyr1rnFA?sub_confirmation=1\" target=\"_blank\" rel=\"noreferrer noopener\">GP2<\/a><\/strong><\/p>\n\n\n\n<p class=\"wp-block-paragraph\">Al\u00e9m disso, os dispositivos de rebaixamento estavam desativados e as motos tinham altera\u00e7\u00f5es aerodin\u00e2micas para torn\u00e1-las o mais parecidas poss\u00edvel com o pr\u00f3ximo regulamento.<\/p>\n\n\n\n<p class=\"wp-block-paragraph\"><strong>Giorgio Barbier<\/strong>, diretor da divis\u00e3o de corridas de moto da Pirelli, destacou o bom entrosamento entre os t\u00e9cnicos da marca e as equipes de testes da MotoGP e revelou as caracter\u00edsticas dos pneus que mais agradaram.<\/p>\n\n\n\n<p class=\"wp-block-paragraph\">\u201cO teste em Misano foi o primeiro passo do nosso retorno ao Mundial, e n\u00f3s estamos muito satisfeitos tanto com a excelente rela\u00e7\u00e3o de trabalho que se estabeleceu entre nossos engenheiros e todas as equipes e pilotos de testes e a performance do pneu\u201d, disse Barbier. \u201cO teste aconteceu de acordo com o planejado, o que tamb\u00e9m inclu\u00eda uma simula\u00e7\u00e3o de corrida sprint, e o primeiro feedback que recebemos \u00e9 bastante encorajador \u2015 este teste gerou muitos dados para serem analisados para que possamos seguir com o trabalho de desenvolvimento dos pneus Pirelli para a MotoGP\u201d, seguiu.<\/p>\n\n\n\n<p class=\"wp-block-paragraph\">\u201cAs caracter\u00edsticas mais apreciadas s\u00e3o, sem d\u00favida, a ader\u00eancia, a velocidade de aquecimento e a confian\u00e7a\u201d, apontou. \u201cDecidimos encarar a MotoGP com a mesma filosofia que sempre nos distinguiu nas corridas de moto: os pneus t\u00eam de ser dedicados exclusivamente \u00e0 classe rainha, pois isso \u00e9 o que o regulamento exige. Tamb\u00e9m queremos explorar as tecnologias e processos consolidados ao longo dos anos de produ\u00e7\u00e3o com o triplo objetivo de tornar a nossa participa\u00e7\u00e3o nesse campeonato um exemplo vitorioso de sustentabilidade no esporte a motor, oferecendo um produto de qualidade e constru\u00e7\u00e3o homog\u00eanea e, por \u00faltimo, mas n\u00e3o menos importante, transferindo mais diretamente tecnologias e conhecimento que vamos desenvolver na MotoGP para os pneus destinados ao uso urbano para benef\u00edcio dos motociclistas de todo o mundo\u201d, encerrou.<\/p>\n\n\n\n<p class=\"wp-block-paragraph\">Os pneus da Pirelli para a MotoGP ser\u00e3o produzidos na f\u00e1brica de Breuberg, na Alemanha, a mesma que produz os pneus radiais para corridas de moto e alguns dos modelos mais vendidos para uso urbano.<\/p>\n\n\n\n<p class=\"wp-block-paragraph\">Pelo acordo de cinco anos com a Dorna, a promotora do <strong>Mundial de Motovelocidade<\/strong>, al\u00e9m de fornecer os pneus da MotoGP at\u00e9 2031, a Pirelli tamb\u00e9m passa a atender o <strong>Mundial J\u00fanior<\/strong>, as <strong>Talent Cup <\/strong>da <strong>\u00c1sia <\/strong>e do Nor<strong>t<\/strong>e, a <strong>Red Bull Rookies Cup<\/strong> e a <strong>World Series de MiniGP<\/strong>. A f\u00e1brica italiana j\u00e1 fornece os cal\u00e7ados de <strong>Moto3 <\/strong>e <strong>Moto2 <\/strong>desde <strong>2024<\/strong>.<\/p>\n\n\n\n<p class=\"wp-block-paragraph\">A&nbsp;<strong><a href=\"https:\/\/grandepremio.com\/motovelocidade\/\" target=\"_blank\" rel=\"noreferrer noopener\">MotoGP<\/a>&nbsp;<\/strong>volta a acelerar entre os dias 26 a 28 de setembro, no&nbsp;<strong>GP do Jap\u00e3o<\/strong>, direto de&nbsp;<strong><a href=\"https:\/\/www.grandepremio.com\/br\/circuito\/motegi\/\" target=\"_blank\" rel=\"noreferrer noopener\">Motegi<\/a><\/strong>, 17\u00aa etapa da temporada 2025. O&nbsp;<strong>GRANDE PR\u00caMIO&nbsp;<\/strong>faz a cobertura completa do evento, assim como das outras classes do&nbsp;<strong>Mundial de&nbsp;<a href=\"https:\/\/www.grandepremio.com\/motovelocidade\/\">Motovelocidade<\/a><\/strong><a href=\"https:\/\/www.grandepremio.com\/motovelocidade\/\">&nbsp;<\/a>durante todo o ano.<\/p>\n\n\n\n<figure class=\"wp-block-embed is-type-video is-provider-youtube wp-block-embed-youtube wp-embed-aspect-16-9 wp-has-aspect-ratio\"><div class=\"wp-block-embed__wrapper\">\n<iframe loading=\"lazy\" title=\"A HORA DO V4: YAMAHA P\u00d5E NOVA MOTO PARA JOGO EM MISANO | Paddock Sprint Moto\" width=\"500\" height=\"281\" src=\"https:\/\/www.youtube.com\/embed\/b_g7SpL1N0M?feature=oembed\" frameborder=\"0\" allow=\"accelerometer; autoplay; clipboard-write; encrypted-media; gyroscope; picture-in-picture; web-share\" referrerpolicy=\"strict-origin-when-cross-origin\" allowfullscreen><\/iframe>\n<\/div><\/figure>\n","protected":false},"excerpt":{"rendered":"<p>Chefe da Pirelli, Giorgio Barbier fez um balan\u00e7o positivo do primeiro teste com os pneus que est\u00e3o sendo desenvolvidos para o desembarque na MotoGP em 2027. Dirigente destacou o bom entrosamento com as equipes de testes e listou as caracter\u00edsticas que mais agradaram<\/p>\n","protected":false},"author":0,"featured_media":1001013455,"comment_status":"closed","ping_status":"closed","sticky":false,"template":"","format":"standard","meta":{"42wp_featured_image_caption":"","42wp_featured_image_credits":"","42wp_featured_video":"","42wp_featured_image_hidden":false,"42wp_authors_list":[],"footnotes":""},"categories":[8],"tags":[5214,131,6513,2327,28285,3504,130,24704,132,137,1300,6732,3464,79,78,39739,42042,41956,42032,42033,25819,29345,32257,28766,307,42034,25667,26690,136,3562,2984,41398,172],"42wp_author":[47113],"class_list":["post-17363","post","type-post","status-publish","format-standard","has-post-thumbnail","hentry","category-motogp","tag-classificacao-motogp","tag-ducati","tag-espn","tag-francesco-bagnaia","tag-grandepremio","tag-gresini","tag-honda","tag-jorge-martin","tag-ktm","tag-lcr","tag-marc-marquez","tag-marco-simoncelli","tag-misano","tag-moto-gp","tag-motogp","tag-motogp-2025","tag-motogp-2025-calendario","tag-motogp-25","tag-motogp-calendario-2025","tag-motogp-classificacao-2025","tag-motogp-hoje","tag-motogp-horario","tag-motogp-sprint","tag-motogp-standings","tag-motor","tag-onde-assistir-motogp-2025","tag-pecco-bagnaia","tag-pilotos-motogp","tag-pramac","tag-san-marino","tag-sprint","tag-temporada-motogp","tag-yamaha","42wp_author-juliana-tesser"],"_links":{"self":[{"href":"https:\/\/grandepremio.com\/br\/wp-json\/wp\/v2\/posts\/17363","targetHints":{"allow":["GET"]}}],"collection":[{"href":"https:\/\/grandepremio.com\/br\/wp-json\/wp\/v2\/posts"}],"about":[{"href":"https:\/\/grandepremio.com\/br\/wp-json\/wp\/v2\/types\/post"}],"replies":[{"embeddable":true,"href":"https:\/\/grandepremio.com\/br\/wp-json\/wp\/v2\/comments?post=17363"}],"version-history":[{"count":0,"href":"https:\/\/grandepremio.com\/br\/wp-json\/wp\/v2\/posts\/17363\/revisions"}],"wp:featuredmedia":[{"embeddable":true,"href":"https:\/\/grandepremio.com\/br\/wp-json\/wp\/v2\/media\/1001013455"}],"wp:attachment":[{"href":"https:\/\/grandepremio.com\/br\/wp-json\/wp\/v2\/media?parent=17363"}],"wp:term":[{"taxonomy":"category","embeddable":true,"href":"https:\/\/grandepremio.com\/br\/wp-json\/wp\/v2\/categories?post=17363"},{"taxonomy":"post_tag","embeddable":true,"href":"https:\/\/grandepremio.com\/br\/wp-json\/wp\/v2\/tags?post=17363"},{"taxonomy":"42wp_author","embeddable":true,"href":"https:\/\/grandepremio.com\/br\/wp-json\/wp\/v2\/42wp_author?post=17363"}],"curies":[{"name":"wp","href":"https:\/\/api.w.org\/{rel}","templated":true}]}}