{"id":17364,"date":"2025-09-17T05:00:00","date_gmt":"2025-09-17T08:00:00","guid":{"rendered":"https:\/\/grandepremio.com\/br\/noticias\/mudar-motor-complicado-luca-marini-yamaha-escolheu-caminho-mais-longo\/"},"modified":"2025-09-16T12:28:42","modified_gmt":"2025-09-16T15:28:42","slug":"mudar-motor-complicado-luca-marini-yamaha-escolheu-caminho-mais-longo","status":"publish","type":"post","link":"https:\/\/grandepremio.com\/br\/motogp\/mudar-motor-complicado-luca-marini-yamaha-escolheu-caminho-mais-longo\/","title":{"rendered":"\u201cMudar motor \u00e9 complicado\u201d: Marini diz que Yamaha escolheu \u201ccaminho mais longo\u201d"},"content":{"rendered":"\n<p class=\"wp-block-paragraph\"><strong>Luca Marini<\/strong> avaliou que a rival <strong>Yamaha <\/strong>escolheu o \u201ccaminho mais longo\u201d para tentar recuperar a competitividade na <strong>MotoGP<\/strong>. Na vis\u00e3o do <strong>#10<\/strong>, trocar a configura\u00e7\u00e3o do motor \u2015 substituindo o atual propulsor de quatro cilindros em linha por um <strong>V4 <\/strong>\u2015 \u201c\u00e9 complicado\u201d.<\/p>\n\n\n\n<p class=\"wp-block-paragraph\">O fim de semana do GP de <strong>San Marino e da Riviera de Rimini<\/strong> marcou a estreia da <strong>YZR-M1<\/strong> equipada com motor V4 em corrida, j\u00e1 que Augusto Fern\u00e1ndez, piloto de testes da marca, correu como wild-card. Al\u00e9m disso, <strong>Fabio Quartararo<\/strong>, <strong>\u00c1lex Rins <\/strong>e <strong>Jack Miller <\/strong>tiveram uma oportunidade de testar a moto na segunda-feira, em um teste coletivo.<\/p>\n\n\n\n<p class=\"wp-block-paragraph\">Ap\u00f3s a atividade oficial de segunda-feira em Misano, Marini comentou as mudan\u00e7as na Yamaha e avaliou que a rival optou por um \u201ccaminho mais longo\u201d.<\/p>\n\n\n\n<p class=\"wp-block-paragraph\">\u201cEles escolheram o caminho mais longo\u201d, avaliou Marini. \u201cMudar o motor \u00e9 complicado. O V4 consume mais e \u00e9 mais lento, mas, devagar, eles v\u00e3o se ajustar\u201d, ponderou.<\/p>\n\n\n\n<figure class=\"wp-block-image size-large\"><img decoding=\"async\" src=\"https:\/\/www.grandepremio.com\/br\/wp-content\/uploads\/2025\/09\/rd16-1_misanotest_marini_2025-09315-1200x800.jpg\" alt=\"\" class=\"wp-image-1013293\"\/><figcaption class=\"wp-element-caption\">Luca Marini avaliou que a troca de motor da Yamaha \u00e9 complicada (Foto: Honda)<\/figcaption><\/figure>\n\n\n\n<p class=\"wp-block-paragraph\"><strong>\u25b6\ufe0f&nbsp;Inscreva-se nos dois canais do GRANDE PR\u00caMIO no YouTube:&nbsp;<a href=\"https:\/\/www.youtube.com\/channel\/UC9OlHEgxoaY6QY6nWPoiqQg?sub_confirmation=1\" target=\"_blank\" rel=\"noreferrer noopener\">GP<\/a>&nbsp;|&nbsp;<a href=\"https:\/\/www.youtube.com\/channel\/UC9csiS6q_C3C0FYhyr1rnFA?sub_confirmation=1\" target=\"_blank\" rel=\"noreferrer noopener\">GP2<\/a><\/strong><\/p>\n\n\n\n<p class=\"wp-block-paragraph\">Honda e Yamaha est\u00e3o no grupo \u2018D\u2019 de concess\u00f5es, o que, entre outras benesses, permite que as duas montadoras sigam desenvolvendo os motores ao longo do ano. At\u00e9 aqui, por\u00e9m, \u00e9 a casa de <strong>Hamamatsu <\/strong>que est\u00e1 em vantagem, j\u00e1 que ocupa a pen\u00faltima coloca\u00e7\u00e3o no <strong>Mundial de Construtores<\/strong>, com 30 pontos a mais do que a casa de <strong>Iwata<\/strong>.<\/p>\n\n\n\n<p class=\"wp-block-paragraph\">\u201cN\u00f3s, do nosso lado, estamos trabalhando da maneira certa, com feedback preciso e uma resposta muito boa da f\u00e1brica toda vez que pelo por algo. Estou me divertindo muito\u201d, frisou.<\/p>\n\n\n\n<p class=\"wp-block-paragraph\">Luca, por\u00e9m, n\u00e3o teve chance de rodar atr\u00e1s da Yamaha V4 durante o teste coletivo de Misano.<\/p>\n\n\n\n<p class=\"wp-block-paragraph\">\u201cN\u00e3o, infelizmente. Mas, em teste, voc\u00ea n\u00e3o tem a chance de seguir ningu\u00e9m e, assim se fica atr\u00e1s de algu\u00e9m, esse algu\u00e9m para. Tamb\u00e9m fa\u00e7o isso. Ningu\u00e9m quer mostrar que tem\u201d, encerrou.<\/p>\n\n\n\n<p class=\"wp-block-paragraph\">A&nbsp;<strong><a href=\"https:\/\/grandepremio.com\/motovelocidade\/\" target=\"_blank\" rel=\"noreferrer noopener\">MotoGP<\/a>&nbsp;<\/strong>volta a acelerar entre os dias 26 a 28 de setembro, no&nbsp;<strong>GP do Jap\u00e3o<\/strong>, direto de&nbsp;<strong><a href=\"https:\/\/www.grandepremio.com\/br\/circuito\/motegi\/\" target=\"_blank\" rel=\"noreferrer noopener\">Motegi<\/a><\/strong>, 17\u00aa etapa da temporada 2025. O&nbsp;<strong>GRANDE PR\u00caMIO&nbsp;<\/strong>faz a cobertura completa do evento, assim como das outras classes do&nbsp;<strong>Mundial de&nbsp;<a href=\"https:\/\/www.grandepremio.com\/motovelocidade\/\">Motovelocidade<\/a><\/strong><a href=\"https:\/\/www.grandepremio.com\/motovelocidade\/\">&nbsp;<\/a>durante todo o ano.<\/p>\n\n\n\n<figure class=\"wp-block-embed is-type-video is-provider-youtube wp-block-embed-youtube wp-embed-aspect-16-9 wp-has-aspect-ratio\"><div class=\"wp-block-embed__wrapper\">\n<iframe loading=\"lazy\" title=\"A HORA DO V4: YAMAHA P\u00d5E NOVA MOTO PARA JOGO EM MISANO | Paddock Sprint Moto\" width=\"500\" height=\"281\" src=\"https:\/\/www.youtube.com\/embed\/b_g7SpL1N0M?feature=oembed\" frameborder=\"0\" allow=\"accelerometer; autoplay; clipboard-write; encrypted-media; gyroscope; picture-in-picture; web-share\" referrerpolicy=\"strict-origin-when-cross-origin\" allowfullscreen><\/iframe>\n<\/div><\/figure>\n","protected":false},"excerpt":{"rendered":"<p>Luca Marini avaliou que, lentamente, a Yamaha vai se ajustar com o novo motor. O italiano, por outro lado, destacou o trabalho da Honda em busca de rea\u00e7\u00e3o<\/p>\n","protected":false},"author":0,"featured_media":1001013292,"comment_status":"closed","ping_status":"closed","sticky":false,"template":"","format":"standard","meta":{"42wp_featured_image_caption":"","42wp_featured_image_credits":"","42wp_featured_video":"","42wp_featured_image_hidden":false,"42wp_authors_list":[],"footnotes":""},"categories":[8],"tags":[5214,131,6513,2327,28285,3504,130,24704,132,137,1300,6732,3464,79,78,39739,42042,41956,42032,42033,25819,29345,32257,28766,307,42034,25667,26690,136,3562,2984,41398,172],"42wp_author":[47113],"class_list":["post-17364","post","type-post","status-publish","format-standard","has-post-thumbnail","hentry","category-motogp","tag-classificacao-motogp","tag-ducati","tag-espn","tag-francesco-bagnaia","tag-grandepremio","tag-gresini","tag-honda","tag-jorge-martin","tag-ktm","tag-lcr","tag-marc-marquez","tag-marco-simoncelli","tag-misano","tag-moto-gp","tag-motogp","tag-motogp-2025","tag-motogp-2025-calendario","tag-motogp-25","tag-motogp-calendario-2025","tag-motogp-classificacao-2025","tag-motogp-hoje","tag-motogp-horario","tag-motogp-sprint","tag-motogp-standings","tag-motor","tag-onde-assistir-motogp-2025","tag-pecco-bagnaia","tag-pilotos-motogp","tag-pramac","tag-san-marino","tag-sprint","tag-temporada-motogp","tag-yamaha","42wp_author-juliana-tesser"],"_links":{"self":[{"href":"https:\/\/grandepremio.com\/br\/wp-json\/wp\/v2\/posts\/17364","targetHints":{"allow":["GET"]}}],"collection":[{"href":"https:\/\/grandepremio.com\/br\/wp-json\/wp\/v2\/posts"}],"about":[{"href":"https:\/\/grandepremio.com\/br\/wp-json\/wp\/v2\/types\/post"}],"replies":[{"embeddable":true,"href":"https:\/\/grandepremio.com\/br\/wp-json\/wp\/v2\/comments?post=17364"}],"version-history":[{"count":0,"href":"https:\/\/grandepremio.com\/br\/wp-json\/wp\/v2\/posts\/17364\/revisions"}],"wp:featuredmedia":[{"embeddable":true,"href":"https:\/\/grandepremio.com\/br\/wp-json\/wp\/v2\/media\/1001013292"}],"wp:attachment":[{"href":"https:\/\/grandepremio.com\/br\/wp-json\/wp\/v2\/media?parent=17364"}],"wp:term":[{"taxonomy":"category","embeddable":true,"href":"https:\/\/grandepremio.com\/br\/wp-json\/wp\/v2\/categories?post=17364"},{"taxonomy":"post_tag","embeddable":true,"href":"https:\/\/grandepremio.com\/br\/wp-json\/wp\/v2\/tags?post=17364"},{"taxonomy":"42wp_author","embeddable":true,"href":"https:\/\/grandepremio.com\/br\/wp-json\/wp\/v2\/42wp_author?post=17364"}],"curies":[{"name":"wp","href":"https:\/\/api.w.org\/{rel}","templated":true}]}}