{"id":17375,"date":"2025-09-16T14:23:21","date_gmt":"2025-09-16T17:23:21","guid":{"rendered":"https:\/\/grandepremio.com\/br\/noticias\/nico-hulkenberg-acompanha-gabriel-bortoleto-aposta-sauber-forte-baku-chance-pontuar\/"},"modified":"2025-09-16T14:30:56","modified_gmt":"2025-09-16T17:30:56","slug":"nico-hulkenberg-acompanha-gabriel-bortoleto-aposta-sauber-forte-baku-chance-pontuar","status":"publish","type":"post","link":"https:\/\/grandepremio.com\/br\/f1\/nico-hulkenberg-acompanha-gabriel-bortoleto-aposta-sauber-forte-baku-chance-pontuar\/","title":{"rendered":"H\u00fclkenberg acompanha Bortoleto e aposta em Sauber forte em Baku: &#8220;Chance de pontuar&#8221;"},"content":{"rendered":"\n<p class=\"wp-block-paragraph\"><a href=\"https:\/\/www.grandepremio.com\/br\/f1\/noticias\/gabriel-bortoleto-reforca-confianca-carro-sauber-mira-novos-pontos-azerbaijao\/\">Assim como<\/a> <strong>Gabriel Bortoleto<\/strong>, <strong>Nico H\u00fclkenberg<\/strong> mostrou otimismo com a possibilidade de a <strong>Sauber<\/strong> voltar a conquistar um bom resultado em 2025 no <strong>GP do Azerbaij\u00e3o<\/strong>, 17\u00aa etapa da temporada da <strong>F\u00f3rmula 1<\/strong>. No entanto, o experiente piloto deixou claro que circuitos de rua, como o de <strong>Baku<\/strong>, &#8220;podem ser complicados&#8221; e, por isso, destacou a import\u00e2ncia de &#8220;aproveitar ao m\u00e1ximo as oportunidades&#8221;.<\/p>\n\n\n\n<p class=\"wp-block-paragraph\">Embora seja um dos grandes destaques do ano, o dono do <strong>C45 #27<\/strong> pontuou pela \u00faltima vez no <strong>GP da Inglaterra<\/strong>, quando conquistou o t\u00e3o aguardado p\u00f3dio \u2014 o que o fez estagnar na <a href=\"https:\/\/www.grandepremio.com\/br\/f1\/noticias\/lando-norris-desconta-frente-oscar-piastri-31-pontos-apos-italia-confira-classificacao-formula-1\/\">d\u00e9cima posi\u00e7\u00e3o do Mundial<\/a>, com 37 pontos somados. No <strong>GP da It\u00e1lia<\/strong>, <a href=\"https:\/\/www.grandepremio.com\/br\/f1\/noticias\/max-verstappen-vence-serenidade-gp-italia-patacoada-mclaren-gabriel-bortoleto-8o\/\">realizado no \u00faltimo dia 7<\/a>, sofreu com um problema hidr\u00e1ulico durante a volta de forma\u00e7\u00e3o de grid e sequer conseguiu largar. <\/p>\n\n\n\n<p class=\"wp-block-paragraph\">&#8220;O domingo em <strong>Monza<\/strong> foi, obviamente, um para esquecer, mas a equipe se concentrou em entender o problema para garantir que ele seja totalmente resolvido&#8221;, disse H\u00fclkenberg em um <em>comunicado da Sauber<\/em>. &#8220;Pelo lado positivo, nosso carro mostrou um ritmo promissor, o que me d\u00e1 bastante confian\u00e7a para Baku&#8221;, seguiu.<\/p>\n\n\n\n<p class=\"wp-block-paragraph\">\u25b6\ufe0f <strong>Inscreva-se nos dois canais do GRANDE PR\u00caMIO no YouTube:&nbsp;<a href=\"https:\/\/www.youtube.com\/channel\/UC9OlHEgxoaY6QY6nWPoiqQg?sub_confirmation=1\" target=\"_blank\" rel=\"noreferrer noopener\">GP<\/a>&nbsp;|&nbsp;<a href=\"https:\/\/www.youtube.com\/channel\/UC9csiS6q_C3C0FYhyr1rnFA?sub_confirmation=1\" target=\"_blank\" rel=\"noreferrer noopener\">GP2<\/a><\/strong><br>\u25b6\ufe0f <strong>AN\u00c1LISE:&nbsp;<a href=\"https:\/\/www.grandepremio.com\/br\/f1\/noticias\/gabriel-bortoleto-surfa-evolucao-surpresa-sauber-reforca-pedigree-digno-formula-1\/\">Bortoleto surfa em evolu\u00e7\u00e3o surpresa da Sauber e refor\u00e7a pedigree digno de F1<\/a><\/strong><\/p>\n\n\n\n<figure class=\"wp-block-image size-large\"><img decoding=\"async\" src=\"https:\/\/www.grandepremio.com\/br\/wp-content\/uploads\/2025\/08\/paises-baixos-2025-f1-corrida-sauber-nico-hulkenberg-03-1200x800.jpg\" alt=\"\" class=\"wp-image-1007531\"\/><figcaption class=\"wp-element-caption\">Nico H\u00fclkenberg mostrou confian\u00e7a na chance de pontuar no Azerbaij\u00e3o (Foto: Sauber)<\/figcaption><\/figure>\n\n\n\n<p class=\"wp-block-paragraph\">&#8220;Circuitos de rua podem ser complicados: \u00e9 preciso estar atento, gerenciar o tr\u00e1fego e aproveitar ao m\u00e1ximo qualquer oportunidade. \u00c9 um desafio diferente dos circuitos tradicionais, mas, se fizermos tudo certo desde sexta-feira, teremos uma chance de marcar pontos e fazer um fim de semana forte novamente&#8221;, concluiu.<\/p>\n\n\n\n<p class=\"wp-block-paragraph\">Com 55 tentos na conta, a Sauber, por sua vez, ocupa a oitava coloca\u00e7\u00e3o na classifica\u00e7\u00e3o de Construtores, somente 6 atr\u00e1s da <strong>Racing Bulls<\/strong>, na s\u00e9tima posi\u00e7\u00e3o. A <strong>Williams<\/strong>, com 86, lidera a briga pelo top-5, enquanto a <strong>Aston Martin<\/strong> segue no sexto posto, com 62.<\/p>\n\n\n\n<p class=\"wp-block-paragraph\">A&nbsp;<strong><a href=\"https:\/\/www.grandepremio.com\/br\/f1\/\" target=\"_blank\" rel=\"noreferrer noopener\"><\/a>F1<\/strong>&nbsp;retorna neste fim de semana, de 19 a 21 de setembro,&nbsp;em&nbsp;<a href=\"https:\/\/www.grandepremio.com\/br\/circuito\/baku\/\" target=\"_blank\" rel=\"noreferrer noopener\"><strong>Baku<\/strong><\/a>, palco do&nbsp;<strong>GP do Azerbaij\u00e3o<\/strong>. O&nbsp;<strong>GRANDE PR\u00caMIO<\/strong>&nbsp;acompanha todas as atividades da 17\u00aa etapa da temporada&nbsp;<strong><a href=\"https:\/\/www.grandepremio.com\/br\/f1\/ao-vivo\" target=\"_blank\" rel=\"noreferrer noopener\">AO VIVO E EM&nbsp;<\/a><a href=\"https:\/\/www.grandepremio.com\/br\/ao-vivo\/\" target=\"_blank\" rel=\"noreferrer noopener\">TEMPO REAL<\/a><\/strong>, al\u00e9m de classifica\u00e7\u00e3o e corrida em&nbsp;<strong><a href=\"https:\/\/www.youtube.com\/@GrandePremio1\/streams\" target=\"_blank\" rel=\"noreferrer noopener\">SEGUNDA TELA no YouTube<\/a><\/strong>, em parceria com a Voz do Esporte. O&nbsp;<strong>Briefing<\/strong>&nbsp;chega para analisar ap\u00f3s o fim de cada dia de atividades nas redes sociais e na GPTV.<\/p>\n\n\n\n<p class=\"wp-block-paragraph\"><strong>GP do Azerbaij\u00e3o de F1: veja os hor\u00e1rios em Brasil, Cabo Verde,&nbsp;<a href=\"https:\/\/grandepremio.pt\/\" target=\"_blank\" rel=\"noreferrer noopener\">Portugal<\/a>, Angola e Mo\u00e7ambique:<\/strong><\/p>\n\n\n\n<figure class=\"wp-block-table\"><table class=\"has-fixed-layout\"><tbody><tr><td><strong>Sess\u00e3o<\/strong><\/td><td><strong>BRA*<\/strong><\/td><td><strong>CBV<\/strong><\/td><td><strong>POR<\/strong><br><strong>ANG<\/strong><\/td><td><strong>MOZ<\/strong><\/td><\/tr><tr><td>Treino livre 1<\/td><td>05:30<\/td><td>07:30<\/td><td>09:30<\/td><td>10:30<\/td><\/tr><tr><td>Treino livre 2<\/td><td>09:00<\/td><td>11:00<\/td><td>13:00<\/td><td>16:00<\/td><\/tr><tr><td>Treino livre 3<\/td><td>05:30<\/td><td>07:30<\/td><td>09:30<\/td><td>10:30<\/td><\/tr><tr><td>Classifica\u00e7\u00e3o<\/td><td>09:00<\/td><td>11:00<\/td><td>13:00<\/td><td>16:00<\/td><\/tr><tr><td>Corrida<\/td><td>08:00<\/td><td>10:00<\/td><td>12:00<\/td><td>13:00<\/td><\/tr><\/tbody><\/table><\/figure>\n\n\n\n<p class=\"wp-block-paragraph\"><em>*Hor\u00e1rios de Bras\u00edlia<\/em><\/p>\n\n\n\n<figure class=\"wp-block-embed is-type-video is-provider-youtube wp-block-embed-youtube wp-embed-aspect-16-9 wp-has-aspect-ratio\"><div class=\"wp-block-embed__wrapper\">\n<iframe loading=\"lazy\" title=\"BASTIDORES DA FERRARI REVELAM CLIMA RUIM: DE QUEM \u00c9 A CULPA? | WGP\" width=\"500\" height=\"281\" src=\"https:\/\/www.youtube.com\/embed\/blP8CVpCWro?feature=oembed\" frameborder=\"0\" allow=\"accelerometer; autoplay; clipboard-write; encrypted-media; gyroscope; picture-in-picture; web-share\" referrerpolicy=\"strict-origin-when-cross-origin\" allowfullscreen><\/iframe>\n<\/div><\/figure>\n","protected":false},"excerpt":{"rendered":"<p>Sem somar pontos h\u00e1 quatro corridas, Nico H\u00fclkenberg destacou o &#8220;ritmo promissor&#8221; da Sauber nas \u00faltimas corridas e mostrou confian\u00e7a para o GP do Azerbaij\u00e3o deste fim de semana<\/p>\n","protected":false},"author":0,"featured_media":1001010559,"comment_status":"closed","ping_status":"closed","sticky":false,"template":"","format":"standard","meta":{"42wp_featured_image_caption":"","42wp_featured_image_credits":"","42wp_featured_video":"","42wp_featured_image_hidden":false,"42wp_authors_list":[],"footnotes":""},"categories":[2],"tags":[28198,4371,26271,5273,147,3630,180,3628,350,24976,34437,1491,28285,30840,1521,35129,1197,42001],"42wp_author":[47160],"class_list":["post-17375","post","type-post","status-publish","format-standard","has-post-thumbnail","hentry","category-f1","tag-azerbaijao","tag-baku","tag-calendario-f1","tag-classificacao-f1","tag-f1","tag-f1-2025","tag-formula-1","tag-formula-1-2025","tag-gabriel-bortoleto","tag-gp-do-azerbaijao","tag-gp-do-azerbaijao-f1","tag-grande-premio","tag-grandepremio","tag-horarios-f1","tag-nico-hulkenberg","tag-onde-assistir-f1","tag-sauber","tag-temporada-2025-f1","42wp_author-vicente-soella"],"_links":{"self":[{"href":"https:\/\/grandepremio.com\/br\/wp-json\/wp\/v2\/posts\/17375","targetHints":{"allow":["GET"]}}],"collection":[{"href":"https:\/\/grandepremio.com\/br\/wp-json\/wp\/v2\/posts"}],"about":[{"href":"https:\/\/grandepremio.com\/br\/wp-json\/wp\/v2\/types\/post"}],"replies":[{"embeddable":true,"href":"https:\/\/grandepremio.com\/br\/wp-json\/wp\/v2\/comments?post=17375"}],"version-history":[{"count":0,"href":"https:\/\/grandepremio.com\/br\/wp-json\/wp\/v2\/posts\/17375\/revisions"}],"wp:featuredmedia":[{"embeddable":true,"href":"https:\/\/grandepremio.com\/br\/wp-json\/wp\/v2\/media\/1001010559"}],"wp:attachment":[{"href":"https:\/\/grandepremio.com\/br\/wp-json\/wp\/v2\/media?parent=17375"}],"wp:term":[{"taxonomy":"category","embeddable":true,"href":"https:\/\/grandepremio.com\/br\/wp-json\/wp\/v2\/categories?post=17375"},{"taxonomy":"post_tag","embeddable":true,"href":"https:\/\/grandepremio.com\/br\/wp-json\/wp\/v2\/tags?post=17375"},{"taxonomy":"42wp_author","embeddable":true,"href":"https:\/\/grandepremio.com\/br\/wp-json\/wp\/v2\/42wp_author?post=17375"}],"curies":[{"name":"wp","href":"https:\/\/api.w.org\/{rel}","templated":true}]}}