{"id":17381,"date":"2025-09-16T12:12:36","date_gmt":"2025-09-16T15:12:36","guid":{"rendered":"https:\/\/grandepremio.com\/br\/noticias\/lewis-hamilton-cita-inquerito-protesta-contra-israel-massacre-gaza-genocidio\/"},"modified":"2025-09-18T10:56:29","modified_gmt":"2025-09-18T13:56:29","slug":"lewis-hamilton-cita-inquerito-protesta-contra-israel-massacre-gaza-genocidio","status":"publish","type":"post","link":"https:\/\/grandepremio.com\/br\/f1\/lewis-hamilton-cita-inquerito-protesta-contra-israel-massacre-gaza-genocidio\/","title":{"rendered":"Hamilton cita inqu\u00e9rito e protesta contra Israel por massacre em Gaza: &#8220;Genoc\u00eddio&#8221;"},"content":{"rendered":"\n<p class=\"wp-block-paragraph\">Heptacampe\u00e3o mundial de <strong>F\u00f3rmula 1, Lewis Hamilton<\/strong> usou suas redes sociais para se manifestar sobre o conflito na Faixa de Gaza. O piloto brit\u00e2nico protestou contra as a\u00e7\u00f5es de Israel e repercutiu um relat\u00f3rio de um comit\u00ea de investiga\u00e7\u00e3o da Organiza\u00e7\u00e3o das Na\u00e7\u00f5es Unidas (ONU) que apontou a exist\u00eancia de um genoc\u00eddio de palestinos.<\/p>\n\n\n\n<p class=\"wp-block-paragraph\">Publicado nesta ter\u00e7a-feira, o relat\u00f3rio fundamenta a acusa\u00e7\u00e3o de genoc\u00eddio em atos do governo israelense, como a morte de civis, a imposi\u00e7\u00e3o de condi\u00e7\u00f5es de vida para provocar a destrui\u00e7\u00e3o dos palestinos e medidas destinadas a impedir nascimentos.<\/p>\n\n\n\n<p class=\"wp-block-paragraph\">&#8220;A situa\u00e7\u00e3o em Gaza piora a cada dia. Nos \u00faltimos dois anos, mais de 10% da popula\u00e7\u00e3o foi morta ou ferida, incluindo dezenas de milhares de crian\u00e7as. E este n\u00famero s\u00f3 aumenta. A mais recente incurs\u00e3o na Cidade de Gaza for\u00e7ou centenas de milhares de pessoas a deixarem suas casas, com hospitais em toda a faixa j\u00e1 sobrecarregados com aqueles que sofrem de fome e as v\u00edtimas dos bombardeios que parecem nunca ter fim&#8221;, publicou Lewis no Instagram.<\/p>\n\n\n\n<p class=\"wp-block-paragraph\">\u25b6\ufe0f\u00a0<strong>Inscreva-se nos dois canais do GRANDE PR\u00caMIO no YouTube:\u00a0<a href=\"https:\/\/www.youtube.com\/channel\/UC9OlHEgxoaY6QY6nWPoiqQg?sub_confirmation=1\" target=\"_blank\" rel=\"noreferrer noopener\">GP<\/a>\u00a0|\u00a0<a href=\"https:\/\/www.youtube.com\/channel\/UC9csiS6q_C3C0FYhyr1rnFA?sub_confirmation=1\" target=\"_blank\" rel=\"noreferrer noopener\">GP2<\/a><\/strong><\/p>\n\n\n\n<figure class=\"wp-block-image size-large\"><img decoding=\"async\" src=\"https:\/\/www.grandepremio.com\/br\/wp-content\/uploads\/2025\/09\/italia-2025-f1-classificacao-ferrari-lewis-hamilton-afp-21-1200x800.jpg\" alt=\"\" class=\"wp-image-1010072\"\/><figcaption class=\"wp-element-caption\">Lewis Hamilton (Foto: AFP) <\/figcaption><\/figure>\n\n\n\n<p class=\"wp-block-paragraph\">Segundo o governo palestino, quase 65 mil pessoas foram mortas em Gaza desde o in\u00edcio do confronto em outubro de 2023, ap\u00f3s um ataque do Hamas em Israel que gerou uma massiva resposta militar. O relat\u00f3rio da comiss\u00e3o da ONU n\u00e3o distingue civis de combatentes, mas afirma que a maioria das v\u00edtimas \u00e9 composta por mulheres e crian\u00e7as.<\/p>\n\n\n\n<p class=\"wp-block-paragraph\">&#8220;Hoje, uma comiss\u00e3o de inqu\u00e9rito da ONU descreveu o que est\u00e1 acontecendo em Gaza como um genoc\u00eddio. Como seres humanos, n\u00e3o podemos ficar parados e deixar que isso continue acontecendo&#8221;, concluiu.<\/p>\n\n\n\n<p class=\"wp-block-paragraph\">Conhecido por seu ativismo, Hamilton tem um longo hist\u00f3rico de posicionamentos na F\u00f3rmula 1, especialmente na luta antirracista e na defesa do meio ambiente e dos direitos dos animais. Esta n\u00e3o \u00e9 a primeira vez que o piloto se manifesta sobre viola\u00e7\u00f5es de direitos humanos, tendo criticado publicamente os governos do Bahrein e protestado contra leis anti-LGBTQIA+ na Hungria e na Ar\u00e1bia Saudita.<\/p>\n\n\n\n<p class=\"wp-block-paragraph\">A&nbsp;<strong><a href=\"https:\/\/www.grandepremio.com\/br\/f1\/\" target=\"_blank\" rel=\"noreferrer noopener\"><\/a>F1<\/strong>&nbsp;retorna neste fim de semana, de 19 a 21 de setembro,<strong>&nbsp;em&nbsp;<a href=\"https:\/\/www.grandepremio.com\/br\/circuito\/baku\/\" target=\"_blank\" rel=\"noreferrer noopener\">Baku<\/a><\/strong>, palco do&nbsp;<strong>GP do Azerbaij\u00e3o<\/strong>. O&nbsp;<strong>GRANDE PR\u00caMIO<\/strong>&nbsp;acompanha todas as atividades da 17\u00aa etapa da temporada&nbsp;<strong><a href=\"https:\/\/www.grandepremio.com\/br\/f1\/ao-vivo\" target=\"_blank\" rel=\"noreferrer noopener\">AO VIVO E EM&nbsp;<\/a><a href=\"https:\/\/www.grandepremio.com\/br\/ao-vivo\/\" target=\"_blank\" rel=\"noreferrer noopener\">TEMPO REAL<\/a><\/strong>, al\u00e9m de classifica\u00e7\u00e3o e corrida em&nbsp;<strong><a href=\"https:\/\/www.youtube.com\/@GrandePremio1\/streams\" target=\"_blank\" rel=\"noreferrer noopener\">SEGUNDA TELA no YouTube<\/a><\/strong>, em parceria com a Voz do Esporte. O&nbsp;<strong>Briefing<\/strong>&nbsp;chega para analisar ap\u00f3s o fim de cada dia de atividades nas redes sociais e na GPTV.<\/p>\n\n\n\n<p class=\"wp-block-paragraph\"><strong>GP do Azerbaij\u00e3o de F1: veja os hor\u00e1rios em Brasil, Cabo Verde,&nbsp;<a href=\"https:\/\/grandepremio.pt\/\" target=\"_blank\" rel=\"noreferrer noopener\">Portugal<\/a>, Angola e Mo\u00e7ambique:<\/strong><\/p>\n\n\n\n<figure class=\"wp-block-table\"><table class=\"has-fixed-layout\"><tbody><tr><td><strong>Sess\u00e3o<\/strong><\/td><td><strong>BRA*<\/strong><\/td><td><strong>CBV<\/strong><\/td><td><strong>POR<\/strong><br><strong>ANG<\/strong><\/td><td><strong>MOZ<\/strong><\/td><\/tr><tr><td>Treino livre 1<\/td><td>05:30<\/td><td>07:30<\/td><td>09:30<\/td><td>10:30<\/td><\/tr><tr><td>Treino livre 2<\/td><td>9:00<\/td><td>11:00<\/td><td>13:00<\/td><td>16:00<\/td><\/tr><tr><td>Treino livre 3<\/td><td>05:30<\/td><td>07:30<\/td><td>09:30<\/td><td>10:30<\/td><\/tr><tr><td>Classifica\u00e7\u00e3o<\/td><td>9:00<\/td><td>11:00<\/td><td>13:00<\/td><td>16:00<\/td><\/tr><tr><td>Corrida<\/td><td>8:00<\/td><td>10:00<\/td><td>12:00<\/td><td>13:00<\/td><\/tr><\/tbody><\/table><\/figure>\n\n\n\n<p class=\"wp-block-paragraph\"><em>*Hor\u00e1rio de Bras\u00edlia<\/em><\/p>\n","protected":false},"excerpt":{"rendered":"<p>Pelas redes sociais, Lewis Hamilton protestou contra o massacre israelense em Gaza e chamou aten\u00e7\u00e3o para inqu\u00e9rito de comit\u00ea contratado pela ONU que descreve a situa\u00e7\u00e3o como genoc\u00eddio<\/p>\n","protected":false},"author":0,"featured_media":1001008690,"comment_status":"closed","ping_status":"closed","sticky":false,"template":"","format":"standard","meta":{"42wp_featured_image_caption":"","42wp_featured_image_credits":"","42wp_featured_video":"","42wp_featured_image_hidden":false,"42wp_authors_list":[],"footnotes":""},"categories":[2],"tags":[26271,5273,147,3630,180,3628,1491,28285,30840,87,35129,42001],"42wp_author":[47119],"class_list":["post-17381","post","type-post","status-publish","format-standard","has-post-thumbnail","hentry","category-f1","tag-calendario-f1","tag-classificacao-f1","tag-f1","tag-f1-2025","tag-formula-1","tag-formula-1-2025","tag-grande-premio","tag-grandepremio","tag-horarios-f1","tag-lewis-hamilton","tag-onde-assistir-f1","tag-temporada-2025-f1","42wp_author-gabriel-carvalho"],"_links":{"self":[{"href":"https:\/\/grandepremio.com\/br\/wp-json\/wp\/v2\/posts\/17381","targetHints":{"allow":["GET"]}}],"collection":[{"href":"https:\/\/grandepremio.com\/br\/wp-json\/wp\/v2\/posts"}],"about":[{"href":"https:\/\/grandepremio.com\/br\/wp-json\/wp\/v2\/types\/post"}],"replies":[{"embeddable":true,"href":"https:\/\/grandepremio.com\/br\/wp-json\/wp\/v2\/comments?post=17381"}],"version-history":[{"count":0,"href":"https:\/\/grandepremio.com\/br\/wp-json\/wp\/v2\/posts\/17381\/revisions"}],"wp:featuredmedia":[{"embeddable":true,"href":"https:\/\/grandepremio.com\/br\/wp-json\/wp\/v2\/media\/1001008690"}],"wp:attachment":[{"href":"https:\/\/grandepremio.com\/br\/wp-json\/wp\/v2\/media?parent=17381"}],"wp:term":[{"taxonomy":"category","embeddable":true,"href":"https:\/\/grandepremio.com\/br\/wp-json\/wp\/v2\/categories?post=17381"},{"taxonomy":"post_tag","embeddable":true,"href":"https:\/\/grandepremio.com\/br\/wp-json\/wp\/v2\/tags?post=17381"},{"taxonomy":"42wp_author","embeddable":true,"href":"https:\/\/grandepremio.com\/br\/wp-json\/wp\/v2\/42wp_author?post=17381"}],"curies":[{"name":"wp","href":"https:\/\/api.w.org\/{rel}","templated":true}]}}