{"id":17445,"date":"2025-09-14T12:35:36","date_gmt":"2025-09-14T15:35:36","guid":{"rendered":"https:\/\/grandepremio.com\/br\/noticias\/marc-marquez-match-point-hepta-motogp-japao-confira-matematica\/"},"modified":"2025-09-14T13:00:28","modified_gmt":"2025-09-14T16:00:28","slug":"marc-marquez-match-point-hepta-motogp-japao-confira-matematica","status":"publish","type":"post","link":"https:\/\/grandepremio.com\/br\/motogp\/marc-marquez-match-point-hepta-motogp-japao-confira-matematica\/","title":{"rendered":"Marc M\u00e1rquez tem match-point do hepta na MotoGP no Jap\u00e3o. Confira matem\u00e1tica"},"content":{"rendered":"\n<p class=\"wp-block-paragraph\"><strong>Marc M\u00e1rquez<\/strong> <a href=\"https:\/\/www.grandepremio.com\/br\/motogp\/noticias\/marc-marquez-resiste-pressao-marco-bezzecchi-vence-gp-san-marino-motogp\">venceu neste domingo (14)<\/a> o <strong>GP de San Marino e da Riviera di Rimini<\/strong> e viu seu irm\u00e3o e principal rival, \u00c1lex, chegar na terceira posi\u00e7\u00e3o. Desta forma, o espanhol pode assegurar seu s\u00e9timo t\u00edtulo da <strong>MotoGP<\/strong> e igualar <strong>Valentino Rossi<\/strong> j\u00e1 na etapa japonesa em <strong>Motegi<\/strong>, daqui duas semanas.<\/p>\n\n\n\n<p class=\"wp-block-paragraph\"><strong>\u00c1lex M\u00e1rquez<\/strong> ganhou uma sobrevida com o triunfo na corrida curta, por\u00e9m, viu a dist\u00e2ncia para o #93 da <strong>Ducati<\/strong> <a href=\"https:\/\/www.grandepremio.com\/br\/motogp\/noticias\/marc-marquez-abre-182-pontos-tem-1a-chance-titulo-japao-confira-classificacao\">aumentar em 182 pontos no encerramento da 16\u00aa etapa<\/a> em <strong>Misano<\/strong>. At\u00e9 o fim do campeonato, ser\u00e3o mais seis etapas &#8211; <strong>Jap\u00e3o, Indon\u00e9sia, Austr\u00e1lia, Mal\u00e1sia, Portugal<\/strong> e <strong>Comunidade Valenciana<\/strong> &#8211; e 222 pontos a serem disputados.<\/p>\n\n\n\n<p class=\"wp-block-paragraph\">Marc M\u00e1rquez precisa somar tr\u00eas pontos a mais que \u00c1lex para ser matematicamente o campe\u00e3o mundial em 2025. Por\u00e9m, isso n\u00e3o vai acontecer na corrida curta, e o espanhol ter\u00e1 de esperar at\u00e9 o fim da corrida principal para ter a certeza do t\u00edtulo.<\/p>\n\n\n\n<p class=\"wp-block-paragraph\">Nos crit\u00e9rios de desempate, a vantagem \u00e9 ampla e absoluta para Marc. O #93 venceu nada menos que 25 corridas em 32 disputadas at\u00e9 aqui &#8211; 14 sprints, 11 em GP&#8217;s. \u00c1lex, por sua vez, tem apenas tr\u00eas triunfos: um em corrida curta e duas nas provas principais. O piloto da Ducati est\u00e1 bem \u00e0 frente do irm\u00e3o tamb\u00e9m no quesito poles, s\u00e3o oito contra uma do #73 da <strong>Gresini<\/strong>.<\/p>\n\n\n\n<figure class=\"wp-block-image size-large\"><img decoding=\"async\" src=\"https:\/\/www.grandepremio.com\/br\/wp-content\/uploads\/2025\/09\/DSC1662-1200x750.png\" alt=\"\" class=\"wp-image-1012854\"\/><figcaption class=\"wp-element-caption\">\u00c1lex M\u00e1rquez vai precisar de atua\u00e7\u00e3o perfeita no Jap\u00e3o para evitar t\u00edtulo de Marc (Foto: MotoGP) <\/figcaption><\/figure>\n\n\n\n<p class=\"wp-block-paragraph\">A&nbsp;<strong><a href=\"https:\/\/grandepremio.com\/motovelocidade\/\" target=\"_blank\" rel=\"noreferrer noopener\">MotoGP<\/a>&nbsp;<\/strong>acelera entre os dias 26 a 28 de setembro, no&nbsp;<strong>GP do Jap\u00e3o<\/strong>, direto de&nbsp;<strong><a href=\"https:\/\/www.grandepremio.com\/br\/circuito\/motegi\/\" target=\"_blank\" rel=\"noreferrer noopener\">Motegi<\/a><\/strong>, 17\u00aa etapa da temporada 2025. O&nbsp;<strong>GRANDE PR\u00caMIO&nbsp;<\/strong>faz a cobertura completa do evento, assim como das outras classes do&nbsp;<strong>Mundial de&nbsp;<a href=\"https:\/\/www.grandepremio.com\/motovelocidade\/\">Motovelocidade<\/a><\/strong><a href=\"https:\/\/www.grandepremio.com\/motovelocidade\/\">&nbsp;<\/a>durante todo o ano.<\/p>\n\n\n\n<p class=\"wp-block-paragraph\"><strong>\u25b6\ufe0f&nbsp;Inscreva-se nos dois canais do GRANDE PR\u00caMIO no YouTube:&nbsp;<a href=\"https:\/\/www.youtube.com\/channel\/UC9OlHEgxoaY6QY6nWPoiqQg?sub_confirmation=1\" target=\"_blank\" rel=\"noreferrer noopener\">GP<\/a>&nbsp;|&nbsp;<a href=\"https:\/\/www.youtube.com\/channel\/UC9csiS6q_C3C0FYhyr1rnFA?sub_confirmation=1\" target=\"_blank\" rel=\"noreferrer noopener\">GP2<\/a><\/strong><\/p>\n\n\n\n<figure class=\"wp-block-embed is-type-video is-provider-youtube wp-block-embed-youtube wp-embed-aspect-16-9 wp-has-aspect-ratio\"><div class=\"wp-block-embed__wrapper\">\n<iframe loading=\"lazy\" title=\"A HORA DO V4: YAMAHA P\u00d5E NOVA MOTO PARA JOGO EM MISANO | Paddock Sprint Moto\" width=\"500\" height=\"281\" src=\"https:\/\/www.youtube.com\/embed\/b_g7SpL1N0M?feature=oembed\" frameborder=\"0\" allow=\"accelerometer; autoplay; clipboard-write; encrypted-media; gyroscope; picture-in-picture; web-share\" referrerpolicy=\"strict-origin-when-cross-origin\" allowfullscreen><\/iframe>\n<\/div><\/figure>\n","protected":false},"excerpt":{"rendered":"<p>Marc M\u00e1rquez precisa de tr\u00eas pontos a mais que o irm\u00e3o em Motegi para ser campe\u00e3o em 2025. Por\u00e9m, vai precisar esperar o encerramento da corrida principal para assegurar t\u00edtulo. Entenda!<\/p>\n","protected":false},"author":0,"featured_media":1001012798,"comment_status":"closed","ping_status":"closed","sticky":false,"template":"","format":"standard","meta":{"42wp_featured_image_caption":"","42wp_featured_image_credits":"","42wp_featured_video":"","42wp_featured_image_hidden":false,"42wp_authors_list":[],"footnotes":""},"categories":[8],"tags":[2090,24853,5214,131,32353,1491,28285,3504,5455,1300,3464,44706,78,39739,847,34187,41828],"42wp_author":[47128],"class_list":["post-17445","post","type-post","status-publish","format-standard","has-post-thumbnail","hentry","category-motogp","tag-alex-marquez","tag-calendario-motogp","tag-classificacao-motogp","tag-ducati","tag-gp-de-san-marino-e-da-riviera-de-rimini","tag-grande-premio","tag-grandepremio","tag-gresini","tag-horarios-motogp","tag-marc-marquez","tag-misano","tag-misano-2025","tag-motogp","tag-motogp-2025","tag-mundial-de-motovelocidade","tag-onde-assistir-motogp","tag-temporada-2025-da-motogp","42wp_author-guilherme-bloisi"],"_links":{"self":[{"href":"https:\/\/grandepremio.com\/br\/wp-json\/wp\/v2\/posts\/17445","targetHints":{"allow":["GET"]}}],"collection":[{"href":"https:\/\/grandepremio.com\/br\/wp-json\/wp\/v2\/posts"}],"about":[{"href":"https:\/\/grandepremio.com\/br\/wp-json\/wp\/v2\/types\/post"}],"replies":[{"embeddable":true,"href":"https:\/\/grandepremio.com\/br\/wp-json\/wp\/v2\/comments?post=17445"}],"version-history":[{"count":0,"href":"https:\/\/grandepremio.com\/br\/wp-json\/wp\/v2\/posts\/17445\/revisions"}],"wp:featuredmedia":[{"embeddable":true,"href":"https:\/\/grandepremio.com\/br\/wp-json\/wp\/v2\/media\/1001012798"}],"wp:attachment":[{"href":"https:\/\/grandepremio.com\/br\/wp-json\/wp\/v2\/media?parent=17445"}],"wp:term":[{"taxonomy":"category","embeddable":true,"href":"https:\/\/grandepremio.com\/br\/wp-json\/wp\/v2\/categories?post=17445"},{"taxonomy":"post_tag","embeddable":true,"href":"https:\/\/grandepremio.com\/br\/wp-json\/wp\/v2\/tags?post=17445"},{"taxonomy":"42wp_author","embeddable":true,"href":"https:\/\/grandepremio.com\/br\/wp-json\/wp\/v2\/42wp_author?post=17445"}],"curies":[{"name":"wp","href":"https:\/\/api.w.org\/{rel}","templated":true}]}}