{"id":17473,"date":"2025-09-13T15:45:27","date_gmt":"2025-09-13T18:45:27","guid":{"rendered":"https:\/\/grandepremio.com\/br\/noticias\/arthur-dorison-guillaume-bouzar-vencem-corridas-etapa-ledenon-f4-francesa\/"},"modified":"2025-09-13T15:48:07","modified_gmt":"2025-09-13T18:48:07","slug":"arthur-dorison-guillaume-bouzar-vencem-corridas-etapa-ledenon-f4-francesa","status":"publish","type":"post","link":"https:\/\/grandepremio.com\/br\/f4\/arthur-dorison-guillaume-bouzar-vencem-corridas-etapa-ledenon-f4-francesa\/","title":{"rendered":"Dorison e Bouzar vencem corridas 1 e 2 da etapa de L\u00e9denon da F4 Francesa"},"content":{"rendered":"\n<p class=\"wp-block-paragraph\"><strong>Arthur Dorison <\/strong>e <strong>Guillaume Bouzar<\/strong> venceram as corridas 1 e 2 da <strong>F4 Francesa<\/strong>, respectivamente, em <strong>L\u00e9denon<\/strong>, neste s\u00e1bado (13). O piloto do <strong>#10<\/strong> cravou a primeira pole-position da temporada 2025 e venceu a primeira prova do fim de semana. J\u00e1 na segunda, com grid invertido, teve um atraso por conta da chuva, com Bouzar levando a melhor.<\/p>\n\n\n\n<p class=\"wp-block-paragraph\">A corrida 1 n\u00e3o foi nada positiva para <strong>Alexandre Munoz<\/strong>, l\u00edder do campeonato, que foi v\u00edtima de um incidente logo na largada, terminou apenas na 28\u00aa coloca\u00e7\u00e3o e viu os rivais se aproximarem na tabela.\u00a0<\/p>\n\n\n\n<p class=\"wp-block-paragraph\">Louis Iglesias foi considerado culpado pela batida em Munoz e recebeu uma puni\u00e7\u00e3o de 30s, que o fez cair para 17\u00b0. <strong>Hugo Martiniello<\/strong> e <strong>Rintaro Sato<\/strong> tamb\u00e9m estiveram envolvidos e tiveram de abandonar a prova devido aos danos em ambos os carros.<\/p>\n\n\n\n<p class=\"wp-block-paragraph\">Ap\u00f3s cravar a primeira pole da carreira, Dorison conseguiu se manter \u00e0 frente dos rivais e venceu com tranquilidade. <strong>Joules Roussel<\/strong> e <strong>Rayan Caretti<\/strong> completaram o p\u00f3dio.<\/p>\n\n\n\n<figure class=\"wp-block-image size-full\"><img decoding=\"async\" src=\"https:\/\/www.grandepremio.com\/br\/wp-content\/uploads\/2025\/09\/DPPI_04322003_315-753x494-1.jpg\" alt=\"\" class=\"wp-image-1012652\"\/><figcaption class=\"wp-element-caption\">Guillaume Bouzar levou a melhor na corrida 2 da etapa de L\u00e9denon da F4 Francesa (Foto: Cl\u00e9ment Luck\/DPPI)<\/figcaption><\/figure>\n\n\n\n<p class=\"wp-block-paragraph\">\u25b6\ufe0f\u00a0<strong>Inscreva-se nos dois canais do GRANDE PR\u00caMIO no YouTube:\u00a0<a href=\"https:\/\/www.youtube.com\/channel\/UC9OlHEgxoaY6QY6nWPoiqQg?sub_confirmation=1\" target=\"_blank\" rel=\"noreferrer noopener\">GP<\/a>\u00a0|\u00a0<a href=\"https:\/\/www.youtube.com\/channel\/UC9csiS6q_C3C0FYhyr1rnFA?sub_confirmation=1\" target=\"_blank\" rel=\"noreferrer noopener\">GP2<\/a><\/strong><\/p>\n\n\n\n<p class=\"wp-block-paragraph\">A corrida 2 em L\u00e9denon foi adiada por 1h devido \u00e0 chuva forte e foi pouco movimentada, apesar do grid invertido.&nbsp; Bouzar venceu sem grandes sustos. Pior para Roussel, vice-l\u00edder do campeonato, que teve de abandonar a disputa.<\/p>\n\n\n\n<p class=\"wp-block-paragraph\">Mu\u00f1oz conseguiu recuperar os danos da primeira prova do dia e terminou na segunda posi\u00e7\u00e3o, ap\u00f3s largar em s\u00e9timo lugar. Sato foi outro piloto que compensou o resultado ruim na corrida 1 e terminou na terceira coloca\u00e7\u00e3o. Dorison, que largou da pole anteriormente, foi apenas o 11\u00b0.<\/p>\n\n\n\n<p class=\"wp-block-paragraph\">O pr\u00f3ximo compromisso da F4 Francesa ainda \u00e9 em L\u00e9denon, com a corrida 3 da quinta etapa da temporada 2025, que ser\u00e1 realizada neste domingo. O <strong>GRANDE PR\u00caMIO<\/strong> faz a cobertura da categoria de base.<\/p>\n\n\n\n<p class=\"wp-block-paragraph\"><\/p>\n","protected":false},"excerpt":{"rendered":"<p>Arthur Dorison e Guillaume Bouzar cruzaram a linha de chegada na frente nas corridas 1 e 2 da F4 Francesa em L\u00e9denon, respectivamente, neste s\u00e1bado (13)<\/p>\n","protected":false},"author":0,"featured_media":1001012649,"comment_status":"closed","ping_status":"closed","sticky":false,"template":"","format":"standard","meta":{"42wp_featured_image_caption":"","42wp_featured_image_credits":"","42wp_featured_video":"","42wp_featured_image_hidden":false,"42wp_authors_list":[],"footnotes":""},"categories":[47],"tags":[36237,36235,348,43121,5304,43122,1491,28285,36236,43123],"42wp_author":[47163],"class_list":["post-17473","post","type-post","status-publish","format-standard","has-post-thumbnail","hentry","category-f4","tag-calendario-f4","tag-classificacao-f4","tag-f4","tag-f4-2025","tag-formula-4","tag-formula-4-2025","tag-grande-premio","tag-grandepremio","tag-horarios-f4","tag-temporada-2025-f4","42wp_author-caio-cavalcante"],"_links":{"self":[{"href":"https:\/\/grandepremio.com\/br\/wp-json\/wp\/v2\/posts\/17473","targetHints":{"allow":["GET"]}}],"collection":[{"href":"https:\/\/grandepremio.com\/br\/wp-json\/wp\/v2\/posts"}],"about":[{"href":"https:\/\/grandepremio.com\/br\/wp-json\/wp\/v2\/types\/post"}],"replies":[{"embeddable":true,"href":"https:\/\/grandepremio.com\/br\/wp-json\/wp\/v2\/comments?post=17473"}],"version-history":[{"count":0,"href":"https:\/\/grandepremio.com\/br\/wp-json\/wp\/v2\/posts\/17473\/revisions"}],"wp:featuredmedia":[{"embeddable":true,"href":"https:\/\/grandepremio.com\/br\/wp-json\/wp\/v2\/media\/1001012649"}],"wp:attachment":[{"href":"https:\/\/grandepremio.com\/br\/wp-json\/wp\/v2\/media?parent=17473"}],"wp:term":[{"taxonomy":"category","embeddable":true,"href":"https:\/\/grandepremio.com\/br\/wp-json\/wp\/v2\/categories?post=17473"},{"taxonomy":"post_tag","embeddable":true,"href":"https:\/\/grandepremio.com\/br\/wp-json\/wp\/v2\/tags?post=17473"},{"taxonomy":"42wp_author","embeddable":true,"href":"https:\/\/grandepremio.com\/br\/wp-json\/wp\/v2\/42wp_author?post=17473"}],"curies":[{"name":"wp","href":"https:\/\/api.w.org\/{rel}","templated":true}]}}