{"id":17487,"date":"2025-09-13T11:29:39","date_gmt":"2025-09-13T14:29:39","guid":{"rendered":"https:\/\/grandepremio.com\/br\/noticias\/matteo-ferrari-ultrapassa-eric-granado-volta-final-vence-corrida-2-motoe-misano\/"},"modified":"2025-09-13T13:22:19","modified_gmt":"2025-09-13T16:22:19","slug":"matteo-ferrari-ultrapassa-eric-granado-volta-final-vence-corrida-2-motoe-misano","status":"publish","type":"post","link":"https:\/\/grandepremio.com\/br\/motogp\/matteo-ferrari-ultrapassa-eric-granado-volta-final-vence-corrida-2-motoe-misano\/","title":{"rendered":"Ferrari ultrapassa Granado na volta final e vence corrida 2 da MotoE em Misano"},"content":{"rendered":"\n<p class=\"wp-block-paragraph\"><strong>Matteo Ferrari<\/strong> foi arrojado e entregou uma disputa emocionante com <strong>Eric Granado<\/strong> at\u00e9 os metros finais em <strong>Misano <\/strong>para vencer, neste s\u00e1bado (13), a segunda corrida do dia na <strong>MotoE<\/strong>. O italiano levou para casa o terceiro triunfo na temporada e est\u00e1 vivo na briga pelo t\u00edtulo da categoria el\u00e9trica.<\/p>\n\n\n\n<p class=\"wp-block-paragraph\">O brasileiro largou na pole novamente e teve grande atua\u00e7\u00e3o, mas n\u00e3o teve ritmo na volta final para segurar o \u00edmpeto de Ferrari. Ainda assim, tamb\u00e9m vai para a etapa final do campeonato com boas chances de ser campe\u00e3o. <strong>Mattia Casadei<\/strong> completou o top-3.<\/p>\n\n\n\n<p class=\"wp-block-paragraph\"><strong>Alessandro Zaccone, Kevin Zannoni, Lorenzo Baldassarri, Oscar Gutierrez, Jacopo Hosciuc, Luca Bernardi<\/strong> e <strong>Alessio Finello<\/strong> fecharam os dez primeiros em <strong>San Marino<\/strong>.<\/p>\n\n\n\n<p class=\"wp-block-paragraph\">A&nbsp;<strong><a href=\"https:\/\/www.grandepremio.com\/br\/motogp\/\">MotoE<\/a>&nbsp;<\/strong>encerra o campeonato nos dias 7 e 8 de novembro, com a disputa da rodada dupla final em Portim\u00e3o, no circuito de Algarve. O&nbsp;<strong>GRANDE PR\u00caMIO&nbsp;<\/strong>faz a cobertura completa do evento, assim como das outras classes do&nbsp;<strong>Mundial de&nbsp;<a href=\"https:\/\/www.grandepremio.com\/motovelocidade\/\">Motovelocidade<\/a><\/strong><a href=\"https:\/\/www.grandepremio.com\/motovelocidade\/\">&nbsp;<\/a>durante todo o ano.<\/p>\n\n\n\n<p class=\"wp-block-paragraph\">\ud83d\udcfa&nbsp;<strong><a href=\"https:\/\/www.grandepremio.com\/br\/motogp\/noticias\/onde-assistir-ao-vivo-gp-de-san-marino-motogp-2025\/\">Onde assistir&nbsp;<\/a><a href=\"https:\/\/formula1aovivo.com\/\" target=\"_blank\" rel=\"noreferrer noopener\">ao vivo<\/a><a href=\"https:\/\/www.grandepremio.com\/br\/motogp\/noticias\/onde-assistir-ao-vivo-gp-de-san-marino-motogp-2025\/\">&nbsp;ao GP de San Marino de MotoGP 2025<\/a><\/strong><br>\u23f0&nbsp;<strong><a href=\"https:\/\/www.grandepremio.com\/br\/motogp\/noticias\/quais-horarios-gp-de-san-marino-de-motogp-2025\/\">Quais os hor\u00e1rios do GP de San Marino da MotoGP 2025<\/a><\/strong><\/p>\n\n\n\n\n\n\n\n<h2 class=\"wp-block-heading\" id=\"h-saiba-como-foi-a-corrida-2-em-misano\"><strong>Saiba como foi a corrida 2 em Misano:<\/strong><\/h2>\n\n\n\n<p class=\"wp-block-paragraph\">Eric Granado novamente sofreu para manter a lideran\u00e7a na curva 1 do circuito em Misano, por isso, foi ultrapassado por Alessandro Zaccone. Jordi Torres e Tibor Erik Varga perderam o equil\u00edbrio da moto e abandonaram a corrida.<\/p>\n\n\n\n<p class=\"wp-block-paragraph\">Na volta seguinte, outro enrosco, desta vez envolvendo Nicholas Spinelli, que brigava pelo segundo lugar, e Andrea Mantovani. Fim de prova para os compatriotas. Granado iniciava uma aproxima\u00e7\u00e3o em cima de Zaccone na briga pela vit\u00f3ria.<\/p>\n\n\n\n<p class=\"wp-block-paragraph\">Na abertura da quarta volta, enfim, Eric colocou por dentro na curva 1 e reassumiu a lideran\u00e7a da prova em uma manobra bastante arriscada. Matteo Ferrari e Hector Garz\u00f3 vinham com for\u00e7a para cima de Zaccone pela segunda posi\u00e7\u00e3o.<\/p>\n\n\n\n\n\n\n\n<p class=\"wp-block-paragraph\">Ferrari passa Alessandro e sobe para a vice-coloca\u00e7\u00e3o, com Granado abrindo uma boa vantagem. Garz\u00f3 perdeu o equil\u00edbrio no setor 4, caiu e abandonou. Matteo tinha um ritmo melhor e ultrapassou o brasileiro, mas levou o X na sequ\u00eancia.<\/p>\n\n\n\n<p class=\"wp-block-paragraph\">Na volta final, era Eric versus Ferrari pela vit\u00f3ria em San Marino, com o #11 balan\u00e7ando tudo o que podia e n\u00e3o podia pelo triunfo. O italiano colocou por dentro num erro de alinhamento do brasileiro e partiu at\u00e9 a bandeira quadriculada, conquistando sua terceira vit\u00f3ria na temporada 2025.<\/p>\n\n\n\n<h2 class=\"wp-block-heading\" id=\"h-motogp-2025-gp-de-san-marino-e-da-riviera-de-rimini-misano-horarios-do-fim-de-semana\"><strong>MotoGP 2025, GP de San Marino e da Riviera de Rimini, Misano, Hor\u00e1rios do fim de semana:<\/strong><\/h2>\n\n\n\n<figure class=\"wp-block-table\"><table class=\"has-fixed-layout\"><tbody><tr><td><strong>DIA<\/strong><\/td><td><strong>CATEGORIA<\/strong><\/td><td><strong>SESS\u00c3O<\/strong><\/td><td><strong>BRA*<\/strong><\/td><td><strong>POR<\/strong><\/td><\/tr><tr><td><strong>Domingo<\/strong><\/td><td>MotoGP<\/td><td>Warm-Up<\/td><td>04:40<\/td><td>08:40<\/td><\/tr><tr><td><strong>Domingo<\/strong><\/td><td>Moto3<\/td><td>GP \u2013 18 voltas<\/td><td>06:00<\/td><td>10:00<\/td><\/tr><tr><td><strong>Domingo<\/strong><\/td><td>Moto2<\/td><td>GP \u2013 21 voltas<\/td><td>07:00<\/td><td>11:15<\/td><\/tr><tr><td><strong>Domingo<\/strong><\/td><td>MotoGP<\/td><td>GP \u2013 24 voltas<\/td><td>09:00<\/td><td>13:00<\/td><\/tr><\/tbody><\/table><\/figure>\n\n\n\n<h2 class=\"wp-block-heading\" id=\"h-motoe-2025-gp-de-san-marino-e-da-riviera-de-rimini-corrida-2-resultado-final\">MotoE 2025, GP de San Marino e da Riviera de Rimini, Corrida 2, Resultado Final:<\/h2>\n\n\n\n<figure class=\"wp-block-table\"><table class=\"has-fixed-layout\"><tbody><tr><td>POS<\/td><td>Piloto<\/td><td>Equipe<\/td><td>Tempo<\/td><\/tr><tr><td>1<\/td><td>M FERRARI<\/td><td>Gresini Honda<\/td><td>7 voltas<\/td><\/tr><tr><td>2<\/td><td>E GRANADO<\/td><td>LCR<\/td><td>+0.082<\/td><\/tr><tr><td>3<\/td><td>M CASADEI<\/td><td>LCR<\/td><td>+0.173<\/td><\/tr><tr><td>4<\/td><td>A ZACCONE<\/td><td>Aruba Cloud<\/td><td>+0.420<\/td><\/tr><tr><td>5<\/td><td>K ZANNONI<\/td><td>Aspar<\/td><td>+0.732<\/td><\/tr><tr><td>6<\/td><td>L BALDASSARRI<\/td><td>Intact GP<\/td><td>+1.819<\/td><\/tr><tr><td>7<\/td><td>O GUTI\u00c9RREZ<\/td><td>MSi<\/td><td>+3.116<\/td><\/tr><tr><td>8<\/td><td>J HOSCIUC<\/td><td>MSi<\/td><td>+3.188<\/td><\/tr><tr><td>9<\/td><td>L BERNARDI<\/td><td>Aruba Cloud<\/td><td>+5.498<\/td><\/tr><tr><td>10<\/td><td>A FINELLO<\/td><td>Gresini Honda<\/td><td>+12.782<\/td><\/tr><tr><td>11<\/td><td>M HERRERA<\/td><td>Forward<\/td><td>+12.881<\/td><\/tr><tr><td>12<\/td><td>R FUSCO<\/td><td>Sic58<\/td><td>+16.835<\/td><\/tr><tr><td>13<\/td><td>T OCCHI<\/td><td>Sic58<\/td><td>+19.973<\/td><\/tr><tr><td>14<\/td><td>A MANTOVANI<\/td><td>Forward<\/td><td>+1.14.553<\/td><\/tr><tr><td>15<\/td><td>H GARZ\u00d3<\/td><td>Intact GP<\/td><td>Abandonou<\/td><\/tr><tr><td>16<\/td><td>N SPINELLI<\/td><td>Snipers<\/td><td>Abandonou<\/td><\/tr><tr><td>17<\/td><td>J TORRES<\/td><td>Aspar<\/td><td>Abandonou<\/td><\/tr><tr><td>18<\/td><td>T VARGA<\/td><td>Snipers<\/td><td>Abandonou<\/td><\/tr><\/tbody><\/table><\/figure>\n\n\n\n<p class=\"wp-block-paragraph\"><em><strong>A classifica\u00e7\u00e3o da MotoE ap\u00f3s seis etapas:<\/strong><\/em><\/p>\n\n\n\n<figure class=\"wp-block-table\"><table class=\"has-fixed-layout\"><tbody><tr><td>POS<\/td><td>Piloto<\/td><td>Moto<\/td><td>Equipe<\/td><td>Vit\u00f3rias<\/td><td>Pts<\/td><\/tr><tr><td>1<\/td><td>A ZACCONE<\/td><td>61<\/td><td>Aruba Cloud<\/td><td>2<\/td><td>160<\/td><\/tr><tr><td>2<\/td><td>M CASADEI<\/td><td>40<\/td><td>LCR E-Team<\/td><td>3<\/td><td>155<\/td><\/tr><tr><td>3<\/td><td>M FERRARI<\/td><td>11<\/td><td>Gresini<\/td><td>3<\/td><td>148<\/td><\/tr><tr><td>4<\/td><td>L BALDASSARRI<\/td><td>7<\/td><td>Dynavolt Intact GP<\/td><td>&#8211;<\/td><td>148<\/td><\/tr><tr><td>5<\/td><td>E GRANADO<\/td><td>51<\/td><td>LCR E-Team<\/td><td>2<\/td><td>142<\/td><\/tr><tr><td>6<\/td><td>N SPINELLI<\/td><td>29<\/td><td>Rivacold Snipers Team<\/td><td>&#8211;<\/td><td>134<\/td><\/tr><tr><td>7<\/td><td>A MANTOVANI<\/td><td>9<\/td><td>KLINT Forward<\/td><td>1<\/td><td>127<\/td><\/tr><tr><td>8<\/td><td>K ZANNONI<\/td><td>21<\/td><td>Aspar Team<\/td><td>&#8211;<\/td><td>107<\/td><\/tr><tr><td>9<\/td><td>H GARZ\u00d3<\/td><td>1<\/td><td>Dynavolt Intact GP<\/td><td>&#8211;<\/td><td>100<\/td><\/tr><tr><td>10<\/td><td>J TORRES<\/td><td>81<\/td><td>Aspar Team<\/td><td>&#8211;<\/td><td>88<\/td><\/tr><tr><td>11<\/td><td>O GUTIERREZ<\/td><td>99<\/td><td>MSi Racing Team<\/td><td>1<\/td><td>79<\/td><\/tr><tr><td>12<\/td><td>J HOSCIUC<\/td><td>12<\/td><td>MSi Racing Team<\/td><td>&#8211;<\/td><td>68<\/td><\/tr><tr><td>13<\/td><td>TE VARGA<\/td><td>47<\/td><td>Rivacold Snipers Team<\/td><td>&#8211;<\/td><td>48<\/td><\/tr><tr><td>14<\/td><td>A FINELLO<\/td><td>72<\/td><td>Gresini<\/td><td>&#8211;<\/td><td>47<\/td><\/tr><tr><td>15<\/td><td>L BERNARDI<\/td><td>19<\/td><td>Aruba Cloud<\/td><td>&#8211;<\/td><td>42<\/td><\/tr><tr><td>16<\/td><td>M HERRERA<\/td><td>6<\/td><td>KLINT Forward<\/td><td>&#8211;<\/td><td>34<\/td><\/tr><tr><td>17<\/td><td>R FUSCO<\/td><td>77<\/td><td>SIC58 Squadra Corse<\/td><td>&#8211;<\/td><td>26<\/td><\/tr><tr><td>18<\/td><td>T OCCHI<\/td><td>28<\/td><td>SIC58 Squadra Corse<\/td><td>&#8211;<\/td><td>14<\/td><\/tr><tr><td>19<\/td><td>D P\u00c9REZ<\/td><td>35<\/td><td>&nbsp;<\/td><td>&#8211;<\/td><td>4<\/td><\/tr><\/tbody><\/table><\/figure>\n","protected":false},"excerpt":{"rendered":"<p>Matteo Ferrari levou a melhor em uma disputa emocionante com Eric Granado at\u00e9 conquistar sua terceira vit\u00f3ria na temporada 2025 da MotoE<\/p>\n","protected":false},"author":0,"featured_media":1001012528,"comment_status":"closed","ping_status":"closed","sticky":false,"template":"","format":"standard","meta":{"42wp_featured_image_caption":"","42wp_featured_image_credits":"","42wp_featured_video":"","42wp_featured_image_hidden":false,"42wp_authors_list":[],"footnotes":""},"categories":[8],"tags":[25056,31628,286,32353,1491,28285,38826,1626,26202,3464,44706,280,41985,847,38825,43572],"42wp_author":[47128,47161],"class_list":["post-17487","post","type-post","status-publish","format-standard","has-post-thumbnail","hentry","category-motogp","tag-calendario-motoe","tag-classificacao-motoe","tag-eric-granado","tag-gp-de-san-marino-e-da-riviera-de-rimini","tag-grande-premio","tag-grandepremio","tag-horarios-motoe","tag-matteo-ferrari","tag-mattia-casadei","tag-misano","tag-misano-2025","tag-motoe","tag-motoe-2025","tag-mundial-de-motovelocidade","tag-onde-assistir-motoe","tag-temporada-2025-da-motoe","42wp_author-guilherme-bloisi","42wp_author-kaio-esteves"],"_links":{"self":[{"href":"https:\/\/grandepremio.com\/br\/wp-json\/wp\/v2\/posts\/17487","targetHints":{"allow":["GET"]}}],"collection":[{"href":"https:\/\/grandepremio.com\/br\/wp-json\/wp\/v2\/posts"}],"about":[{"href":"https:\/\/grandepremio.com\/br\/wp-json\/wp\/v2\/types\/post"}],"replies":[{"embeddable":true,"href":"https:\/\/grandepremio.com\/br\/wp-json\/wp\/v2\/comments?post=17487"}],"version-history":[{"count":0,"href":"https:\/\/grandepremio.com\/br\/wp-json\/wp\/v2\/posts\/17487\/revisions"}],"wp:featuredmedia":[{"embeddable":true,"href":"https:\/\/grandepremio.com\/br\/wp-json\/wp\/v2\/media\/1001012528"}],"wp:attachment":[{"href":"https:\/\/grandepremio.com\/br\/wp-json\/wp\/v2\/media?parent=17487"}],"wp:term":[{"taxonomy":"category","embeddable":true,"href":"https:\/\/grandepremio.com\/br\/wp-json\/wp\/v2\/categories?post=17487"},{"taxonomy":"post_tag","embeddable":true,"href":"https:\/\/grandepremio.com\/br\/wp-json\/wp\/v2\/tags?post=17487"},{"taxonomy":"42wp_author","embeddable":true,"href":"https:\/\/grandepremio.com\/br\/wp-json\/wp\/v2\/42wp_author?post=17487"}],"curies":[{"name":"wp","href":"https:\/\/api.w.org\/{rel}","templated":true}]}}