{"id":17498,"date":"2025-09-13T07:29:30","date_gmt":"2025-09-13T10:29:30","guid":{"rendered":"https:\/\/grandepremio.com\/br\/noticias\/alessandro-zaccone-larga-bem-vence-corrida-1-motoe-misano-eric-granado-fica-4o\/"},"modified":"2025-09-13T13:21:42","modified_gmt":"2025-09-13T16:21:42","slug":"alessandro-zaccone-larga-bem-vence-corrida-1-motoe-misano-eric-granado-fica-4o","status":"publish","type":"post","link":"https:\/\/grandepremio.com\/br\/motogp\/alessandro-zaccone-larga-bem-vence-corrida-1-motoe-misano-eric-granado-fica-4o\/","title":{"rendered":"Zaccone larga bem e vence corrida 1 da MotoE em Misano. Granado fica em 4\u00ba"},"content":{"rendered":"\n<p class=\"wp-block-paragraph\"><strong>Alessandro Zaccone<\/strong> levou a melhor na primeira corrida da <strong>MotoE<\/strong> em <strong>Misano<\/strong>. Neste s\u00e1bado (13), o italiano da Cloud ultrapassou o pole-position <strong>Eric Granado<\/strong> logo na largada e rumou para a segunda vit\u00f3ria na temporada 2025 da categoria el\u00e9trica.<\/p>\n\n\n\n<p class=\"wp-block-paragraph\"><strong>Nicholas Spinelli<\/strong> tentou dar o bote nos metros finais pela vit\u00f3ria, mas ficou com a segunda posi\u00e7\u00e3o, \u00e0 frente de <strong>Andrea Mantovani<\/strong>, que completou o top-3. Granado tamb\u00e9m fez grande duelo com o italiano da Klint, mas teve de se contentar com a quarta coloca\u00e7\u00e3o.<\/p>\n\n\n\n<p class=\"wp-block-paragraph\"><strong>Matteo Ferrari, Kevin Zannoni, Jordi Torres, Hector Garz\u00f3, Mattia Casadei <\/strong>e <strong>Lorenzo Baldassarri<\/strong> completam a lista dos dez primeiros na primeira prova do dia.<\/p>\n\n\n\n<p class=\"wp-block-paragraph\">A&nbsp;<strong><a href=\"https:\/\/www.grandepremio.com\/br\/motogp\/\">MotoE<\/a>&nbsp;<\/strong>acelera ainda neste s\u00e1bado (13), \u00e0s 11h10 (hor\u00e1rio de Bras\u00edlia) para a disputa da corrida 2 no&nbsp;<strong>GP de San Marino e da Riviera de Rimini<\/strong>, pen\u00faltima etapa da temporada 2025. O&nbsp;<strong>GRANDE PR\u00caMIO&nbsp;<\/strong>faz a cobertura completa do evento, assim como das outras classes do&nbsp;<strong>Mundial de&nbsp;<a href=\"https:\/\/www.grandepremio.com\/motovelocidade\/\">Motovelocidade<\/a><\/strong><a href=\"https:\/\/www.grandepremio.com\/motovelocidade\/\">&nbsp;<\/a>durante todo o ano.<\/p>\n\n\n\n\n\n\n\n<h2 class=\"wp-block-heading\" id=\"h-saiba-como-foi-a-corrida-1-em-misano\"><em><strong>Saiba como foi a corrida 1 em Misano:<\/strong><\/em><\/h2>\n\n\n\n<p class=\"wp-block-paragraph\">A pole-position era de Eric Granado, mas o brasileiro foi ultrapassado por Alessandro Zaccone, que fez uma excelente largada. O piloto da LCR perderia ainda mais duas posi\u00e7\u00f5es, caindo para quarto. Mattia Casadei come\u00e7ou bem e antes do fim da primeira volta j\u00e1 estava na oitava posi\u00e7\u00e3o.<\/p>\n\n\n\n<p class=\"wp-block-paragraph\">Lorenzo Baldassarri fazia uma \u00f3tima prova de recupera\u00e7\u00e3o e j\u00e1 estava na nona posi\u00e7\u00e3o. Andrea Mantovani fez boa ultrapassagem em cima de Nicholas Spinelli e saltou para segundo. Granado aproveitou a brecha da moto #29 e tamb\u00e9m passou, terceiro lugar para o brazuca, que tomaria o X.<\/p>\n\n\n\n<p class=\"wp-block-paragraph\">Hector Garz\u00f3 colocou por dentro em cima de Jordi Torres e assumiu o quinto lugar. Jacopo Hosciuc levou puni\u00e7\u00e3o por volta e quase causa um acidente mais grave. O pelot\u00e3o de frente, com quatro pilotos, come\u00e7ava a se desgarrar dos outros advers\u00e1rios a duas voltas do fim.<\/p>\n\n\n\n\n\n\n\n<p class=\"wp-block-paragraph\">Granado e Mantovani travaram um lindo duelo na volta final, melhor para o brasileiro na primeira oportunidade, mas o italiano segurou bem na segunda tentativa. Spinelli colocou por dentro em cima de Zaccone nos metros finais, mas o #61 fechou a porta para vencer a prova.<\/p>\n\n\n\n<h2 class=\"wp-block-heading\" id=\"h-motoe-2025-gp-de-san-marino-e-da-riviera-de-rimini-corrida-1-resultado-final\">MotoE 2025, GP de San Marino e da Riviera de Rimini, Corrida 1, Resultado Final:<\/h2>\n\n\n\n<figure class=\"wp-block-table\"><table class=\"has-fixed-layout\"><tbody><tr><td>POS<\/td><td>Piloto<\/td><td>Equipe<\/td><td>Tempo<\/td><\/tr><tr><td>1<\/td><td>A ZACCONE<\/td><td>Aruba Cloud<\/td><td>7 voltas<\/td><\/tr><tr><td>2<\/td><td>N SPINELLI<\/td><td>Snipers<\/td><td>+0.170<\/td><\/tr><tr><td>3<\/td><td>K ZANNONI<\/td><td>Aspar<\/td><td>+0.882<\/td><\/tr><tr><td>4<\/td><td>E GRANADO<\/td><td>LCR<\/td><td>+1.162<\/td><\/tr><tr><td>5<\/td><td>M FERRARI<\/td><td>Gresini Honda<\/td><td>+1.832<\/td><\/tr><tr><td>6<\/td><td>K ZANNONI<\/td><td>Aspar<\/td><td>+1.927<\/td><\/tr><tr><td>7<\/td><td>J TORRES<\/td><td>Aspar<\/td><td>+2.119<\/td><\/tr><tr><td>8<\/td><td>H GARZ\u00d3<\/td><td>Intact GP<\/td><td>+2.226<\/td><\/tr><tr><td>9<\/td><td>M CASADEI<\/td><td>LCR<\/td><td>+3.774<\/td><\/tr><tr><td>10<\/td><td>L BERNARDI<\/td><td>Aruba Cloud<\/td><td>+4.341<\/td><\/tr><tr><td>11<\/td><td>O GUTI\u00c9RREZ<\/td><td>MSi<\/td><td>+6.854<\/td><\/tr><tr><td>12<\/td><td>L BERNARDI<\/td><td>Aruba Cloud<\/td><td>+7.202<\/td><\/tr><tr><td>13<\/td><td>A FINELLO<\/td><td>Gresini Honda<\/td><td>+7.993<\/td><\/tr><tr><td>14<\/td><td>T VARGA<\/td><td>Snipers<\/td><td>+8.692<\/td><\/tr><tr><td>15<\/td><td>J HOSCIUC<\/td><td>MSi<\/td><td>+11.340<\/td><\/tr><tr><td>16<\/td><td>M HERRERA<\/td><td>Forward<\/td><td>+12.527<\/td><\/tr><tr><td>17<\/td><td>R FUSCO<\/td><td>Sic58<\/td><td>+17.566<\/td><\/tr><tr><td>18<\/td><td>T OCCHI<\/td><td>Sic58<\/td><td>+17.709<\/td><\/tr><\/tbody><\/table><\/figure>\n\n\n\n<h2 class=\"wp-block-heading\" id=\"h-motogp-2025-gp-de-san-marino-e-da-riviera-de-rimini-misano-horarios-do-fim-de-semana\"><strong>MotoGP 2025, GP de San Marino e da Riviera de Rimini, Misano, Hor\u00e1rios do fim de semana:<\/strong><\/h2>\n\n\n\n<figure class=\"wp-block-table\"><table class=\"has-fixed-layout\"><tbody><tr><td><strong>DIA<\/strong><\/td><td><strong>CATEGORIA<\/strong><\/td><td><strong>SESS\u00c3O<\/strong><\/td><td><strong>BRA*<\/strong><\/td><td><strong>POR<\/strong><\/td><\/tr><tr><td><strong>S\u00e1bado<\/strong><\/td><td>MotoE<\/td><td>Corrida 1<\/td><td>07:10<\/td><td>11:10<\/td><\/tr><tr><td><strong>S\u00e1bado<\/strong><\/td><td>Moto3<\/td><td>Classifica\u00e7\u00e3o<\/td><td>07:45<\/td><td>11:45<\/td><\/tr><tr><td><strong>S\u00e1bado<\/strong><\/td><td>Moto2<\/td><td>Classifica\u00e7\u00e3o<\/td><td>08:40<\/td><td>12:40<\/td><\/tr><tr><td><strong>S\u00e1bado<\/strong><\/td><td>MotoGP<\/td><td>Sprint<\/td><td>10:00<\/td><td>14:00<\/td><\/tr><tr><td><strong>S\u00e1bado<\/strong><\/td><td>MotoE<\/td><td>Corrida 2<\/td><td>11:10<\/td><td>15:10<\/td><\/tr><tr><td><strong>Domingo<\/strong><\/td><td>MotoGP<\/td><td>Warm-Up<\/td><td>04:40<\/td><td>08:40<\/td><\/tr><tr><td><strong>Domingo<\/strong><\/td><td>Moto3<\/td><td>GP \u2013 18 voltas<\/td><td>06:00<\/td><td>10:00<\/td><\/tr><tr><td><strong>Domingo<\/strong><\/td><td>Moto2<\/td><td>GP \u2013 21 voltas<\/td><td>07:00<\/td><td>11:15<\/td><\/tr><tr><td><strong>Domingo<\/strong><\/td><td>MotoGP<\/td><td>GP \u2013 24 voltas<\/td><td>09:00<\/td><td>13:00<\/td><\/tr><\/tbody><\/table><\/figure>\n\n\n\n<p class=\"wp-block-paragraph\"><em>*Hor\u00e1rios de Bras\u00edlia<\/em><\/p>\n","protected":false},"excerpt":{"rendered":"<p>Alessandro Zaccone passou Eric Granado na curva 1 em Misano e segurou o \u00edmpeto de Nicholas Spinelli para vencer pela segunda vez na MotoE 2025. Brasileiro da LCR ficou fora do p\u00f3dio<\/p>\n","protected":false},"author":0,"featured_media":1001002613,"comment_status":"closed","ping_status":"closed","sticky":false,"template":"","format":"standard","meta":{"42wp_featured_image_caption":"","42wp_featured_image_credits":"","42wp_featured_video":"","42wp_featured_image_hidden":false,"42wp_authors_list":[],"footnotes":""},"categories":[8],"tags":[25056,31628,286,32353,1491,28285,38826,3464,44706,280,41985,847,38825,43572],"42wp_author":[47128,47161],"class_list":["post-17498","post","type-post","status-publish","format-standard","has-post-thumbnail","hentry","category-motogp","tag-calendario-motoe","tag-classificacao-motoe","tag-eric-granado","tag-gp-de-san-marino-e-da-riviera-de-rimini","tag-grande-premio","tag-grandepremio","tag-horarios-motoe","tag-misano","tag-misano-2025","tag-motoe","tag-motoe-2025","tag-mundial-de-motovelocidade","tag-onde-assistir-motoe","tag-temporada-2025-da-motoe","42wp_author-guilherme-bloisi","42wp_author-kaio-esteves"],"_links":{"self":[{"href":"https:\/\/grandepremio.com\/br\/wp-json\/wp\/v2\/posts\/17498","targetHints":{"allow":["GET"]}}],"collection":[{"href":"https:\/\/grandepremio.com\/br\/wp-json\/wp\/v2\/posts"}],"about":[{"href":"https:\/\/grandepremio.com\/br\/wp-json\/wp\/v2\/types\/post"}],"replies":[{"embeddable":true,"href":"https:\/\/grandepremio.com\/br\/wp-json\/wp\/v2\/comments?post=17498"}],"version-history":[{"count":0,"href":"https:\/\/grandepremio.com\/br\/wp-json\/wp\/v2\/posts\/17498\/revisions"}],"wp:featuredmedia":[{"embeddable":true,"href":"https:\/\/grandepremio.com\/br\/wp-json\/wp\/v2\/media\/1001002613"}],"wp:attachment":[{"href":"https:\/\/grandepremio.com\/br\/wp-json\/wp\/v2\/media?parent=17498"}],"wp:term":[{"taxonomy":"category","embeddable":true,"href":"https:\/\/grandepremio.com\/br\/wp-json\/wp\/v2\/categories?post=17498"},{"taxonomy":"post_tag","embeddable":true,"href":"https:\/\/grandepremio.com\/br\/wp-json\/wp\/v2\/tags?post=17498"},{"taxonomy":"42wp_author","embeddable":true,"href":"https:\/\/grandepremio.com\/br\/wp-json\/wp\/v2\/42wp_author?post=17498"}],"curies":[{"name":"wp","href":"https:\/\/api.w.org\/{rel}","templated":true}]}}