{"id":17500,"date":"2025-09-13T04:45:00","date_gmt":"2025-09-13T07:45:00","guid":{"rendered":"https:\/\/grandepremio.com\/br\/noticias\/fernando-alonso-elege-corrida-problematica-como-melhor-atuacao-f1-memoravel\/"},"modified":"2025-09-12T17:03:07","modified_gmt":"2025-09-12T20:03:07","slug":"fernando-alonso-elege-corrida-problematica-como-melhor-atuacao-f1-memoravel","status":"publish","type":"post","link":"https:\/\/grandepremio.com\/br\/f1\/fernando-alonso-elege-corrida-problematica-como-melhor-atuacao-f1-memoravel\/","title":{"rendered":"Alonso elege corrida problem\u00e1tica como melhor atua\u00e7\u00e3o na F1: &#8220;Memor\u00e1vel&#8221;"},"content":{"rendered":"\n<p class=\"wp-block-paragraph\">Com 417 GPs nas costas, \u00e9 at\u00e9 dif\u00edcil para <strong>Fernando Alonso<\/strong> lembrar de todas as corridas e escolher uma favorita da carreira. O espanhol elegeu o <strong>GP da Mal\u00e1sia de 2010<\/strong> como a melhor corrida na <strong>F\u00f3rmula 1<\/strong>. O curioso \u00e9 que ele n\u00e3o venceu, n\u00e3o subiu ao p\u00f3dio e sequer pontuou na prova malaia, mas explicou que a atua\u00e7\u00e3o foi memor\u00e1vel, j\u00e1 que enfrentou problemas na caixa de c\u00e2mbio e embreagem e mal conseguiu cruzar a linha de chegada.<\/p>\n\n\n\n<p class=\"wp-block-paragraph\">O fim de semana em <strong>Sepang<\/strong> foi complicado para Alonso. Ainda na classifica\u00e7\u00e3o, foi eliminado no Q1 e largou apenas na 19\u00aa posi\u00e7\u00e3o devido \u00e0s condi\u00e7\u00f5es clim\u00e1ticas inst\u00e1veis.<\/p>\n\n\n\n<p class=\"wp-block-paragraph\">Questionado se o <strong>GP da Europa de 2012<\/strong> \u2014 prova em que o espanhol saiu de 11\u00b0 lugar no grid para vencer em casa \u2014 era a corrida favorita da carreira, ele negou. \u201cH\u00e1 muitas corridas que as pessoas talvez n\u00e3o conhe\u00e7am\u201d, disse Fernando ao canal da <strong>Aston Martin<\/strong> no <strong>Youtube<\/strong>.<\/p>\n\n\n\n<p class=\"wp-block-paragraph\">\u201cFoi na Mal\u00e1sia, em Sepang [em 2010], onde tive um problema com a troca de marchas. A caixa de c\u00e2mbio estava quebrada, semi-quebrada, a embreagem tinha uma falha \u2013 as marchas subiam normalmente, mas n\u00e3o desciam\u201d, recordou.<\/p>\n\n\n\n<figure class=\"wp-block-image size-full\"><img decoding=\"async\" src=\"https:\/\/www.grandepremio.com\/br\/wp-content\/uploads\/2020\/09\/6-Alonso.jpg\" alt=\"\" class=\"wp-image-415955\"\/><figcaption class=\"wp-element-caption\">Fernando Alonso passou por diversas dificuldades no GP da Mal\u00e1sia de 2010 (Foto: Ferrari)<\/figcaption><\/figure>\n\n\n\n<p class=\"wp-block-paragraph\">\u25b6\ufe0f\u00a0<strong>Inscreva-se nos dois canais do GRANDE PR\u00caMIO no YouTube:\u00a0<a href=\"https:\/\/www.youtube.com\/channel\/UC9OlHEgxoaY6QY6nWPoiqQg?sub_confirmation=1\" target=\"_blank\" rel=\"noreferrer noopener\">GP<\/a>\u00a0|\u00a0<a href=\"https:\/\/www.youtube.com\/channel\/UC9csiS6q_C3C0FYhyr1rnFA?sub_confirmation=1\" target=\"_blank\" rel=\"noreferrer noopener\">GP2<\/a><\/strong><br><strong>LEIA MAIS:<\/strong>\u00a0<a href=\"https:\/\/www.grandepremio.com\/br\/f1\/noticias\/flavio-briatore-indica-chances-manter-franco-colapinto-alpine-2026-precisamos-estabilidade\/\"><strong>Briatore indica chances de manter Colapinto na Alpine em 2026: \u201cEstabilidade\u201d<\/strong><\/a><\/p>\n\n\n\n<p class=\"wp-block-paragraph\">\u201cNa metade da corrida, tentei reduzir a marcha na curva 1 e, da s\u00e9tima [marcha], passei apenas para a quinta, em vez da segunda, ent\u00e3o fiz a primeira curva em quinta, perdi tempo e percebi na curva seguinte que havia um problema\u201d, declarou.<\/p>\n\n\n\n<p class=\"wp-block-paragraph\">\u201cDesesperado, tentei pisar fundo no acelerador para reduzir a marcha, porque sen\u00e3o eu abandonaria a corrida naquela volta. Pisei fundo no acelerador e a redu\u00e7\u00e3o de marcha entrou em a\u00e7\u00e3o, ent\u00e3o, no pr\u00f3ximo ponto de frenagem, pisei fundo no acelerador quatro vezes e quatro redu\u00e7\u00f5es de marcha aconteceram\u201d, relembrou.<\/p>\n\n\n\n<p class=\"wp-block-paragraph\">\u201cComuniquei \u00e0 equipe: \u2018O que estou fazendo est\u00e1 certo ou errado? Vou quebrar a caixa de c\u00e2mbio em uma volta?\u2019 Eles responderam: \u2018Continue fazendo o que est\u00e1 fazendo, a caixa de c\u00e2mbio est\u00e1 segura assim\u2019\u201d, afirmou.<\/p>\n\n\n\n<p class=\"wp-block-paragraph\">\u201cFiz cerca de 30 voltas assim, ent\u00e3o a mudan\u00e7a para cima estava boa, depois tive de frear e, enquanto mantinha a press\u00e3o no pedal do freio, tive de acelerar algumas vezes para fazer as redu\u00e7\u00f5es que queria \u2013 obviamente sincronizando o acelerador e as borboletas de troca de marcha\u201d, explicou.<\/p>\n\n\n\n<figure class=\"wp-block-image size-large\"><img decoding=\"async\" src=\"https:\/\/www.grandepremio.com\/br\/wp-content\/uploads\/2025\/08\/paises-baixos-2025-f1-quinta-feira-aston-martin-fernando-alonso-01-1200x800.jpg\" alt=\"\" class=\"wp-image-1005956\"\/><figcaption class=\"wp-element-caption\">Fernando Alonso relembrou perrengue no GP da Mal\u00e1sia de 2010 (Foto: Aston Martin)<\/figcaption><\/figure>\n\n\n\n<p class=\"wp-block-paragraph\">\u201cOs engenheiros disseram [ap\u00f3s a corrida]: \u2018N\u00e3o sei como voc\u00ea chegou a essa solu\u00e7\u00e3o t\u00e3o r\u00e1pido, porque poderia ser um recurso, mas voc\u00ea fez isso em 13 ou 14 segundos, na segunda curva depois de ter um problema. Eu disse: \u2018Odeio perder, odeio abandonar a corrida, vou tentar de tudo antes de aceitar que precisamos abandonar\u2019\u201d, acrescentou.<\/p>\n\n\n\n<p class=\"wp-block-paragraph\">\u201c[Foi] completamente an\u00f4nimo, ningu\u00e9m vai se lembrar dessa corrida, mas o n\u00edvel de energia que tive de colocar nessa prova, o n\u00edvel de concentra\u00e7\u00e3o, foco para instintivamente chegar a uma solu\u00e7\u00e3o para um problema que nunca tinha ocorrido&#8230; Acho que foi um GP bastante memor\u00e1vel\u201d, encerrou Fernando.<\/p>\n\n\n\n<p class=\"wp-block-paragraph\">Uma falha no motor a algumas voltas do fim deixou Alonso em 13\u00ba lugar e uma volta atr\u00e1s do l\u00edder, sem nenhum ponto, mas at\u00e9 hoje se orgulha do desempenho que conseguiu apresentar enquanto lidava com tantos problemas.<\/p>\n\n\n\n<p class=\"wp-block-paragraph\">A corrida teve dobradinha da <strong>Red Bull<\/strong>, com <strong>Sebastian Vettel<\/strong> em primeiro, seguido de <strong>Mark Webber<\/strong> e <strong>Nico Rosberg<\/strong> completou o p\u00f3dio pela <strong>Mercedes<\/strong>. O GP da Mal\u00e1sia de 2010 tamb\u00e9m marcou a \u00faltima vez em que um piloto brasileiro liderou o <strong>Mundial de Pilotos<\/strong>, com<strong> Felipe Massa<\/strong>, que saiu da prova como primeiro no campeonato.<\/p>\n\n\n\n<p class=\"wp-block-paragraph\">A\u00a0<a href=\"https:\/\/www.grandepremio.com\/br\/f1\/\" target=\"_blank\" rel=\"noreferrer noopener\"><\/a><strong><a href=\"https:\/\/www.grandepremio.com\/br\/f1\/\" target=\"_blank\" rel=\"noreferrer noopener\">F\u00f3rmula 1<\/a><\/strong>\u00a0retorna de 19 a 21 de setembro com o\u00a0<strong>GP do Azerbaij\u00e3o<\/strong>, 17\u00aa etapa da temporada 2025.<\/p>\n\n\n\n<figure class=\"wp-block-embed is-type-video is-provider-youtube wp-block-embed-youtube wp-embed-aspect-16-9 wp-has-aspect-ratio\"><div class=\"wp-block-embed__wrapper\">\n<iframe loading=\"lazy\" title=\"BASTIDORES DA FERRARI REVELAM CLIMA RUIM: DE QUEM \u00c9 A CULPA? | WGP\" width=\"500\" height=\"281\" src=\"https:\/\/www.youtube.com\/embed\/blP8CVpCWro?feature=oembed\" frameborder=\"0\" allow=\"accelerometer; autoplay; clipboard-write; encrypted-media; gyroscope; picture-in-picture; web-share\" referrerpolicy=\"strict-origin-when-cross-origin\" allowfullscreen><\/iframe>\n<\/div><\/figure>\n","protected":false},"excerpt":{"rendered":"<p>Fernando Alonso elegeu o GP da Mal\u00e1sia de 2010 como a melhor corrida da carreira na F1. O curioso \u00e9 que ele n\u00e3o venceu, n\u00e3o subiu ao p\u00f3dio e nem pontuou nesta prova, mas ressaltou que a atua\u00e7\u00e3o foi memor\u00e1vel por conta dos problemas na caixa de c\u00e2mbio e na embreagem<\/p>\n","protected":false},"author":0,"featured_media":1000572070,"comment_status":"closed","ping_status":"closed","sticky":false,"template":"","format":"standard","meta":{"42wp_featured_image_caption":"","42wp_featured_image_credits":"","42wp_featured_video":"","42wp_featured_image_hidden":false,"42wp_authors_list":[],"footnotes":""},"categories":[2],"tags":[27776,34186,27487,39086,41965,5660,8235,41950,969,147,3430,3630,642,11958,160,41966,176,207,180,3628,26411,1491,30103,28285,370],"42wp_author":[47163],"class_list":["post-17500","post","type-post","status-publish","format-standard","has-post-thumbnail","hentry","category-f1","tag-assistir-f1-ao-vivo","tag-assistir-f1-gratis","tag-assistir-f1-online","tag-calendario-f1-2025","tag-calendario-f1-2025-horarios","tag-classificacao","tag-classificacao-da-f1","tag-classificacao-f1-2025","tag-corrida","tag-f1","tag-f1-2010","tag-f1-2025","tag-f1-ao-vivo","tag-f1-live","tag-f1-tv","tag-f1-tv-2025","tag-fernando-alonso","tag-ferrari","tag-formula-1","tag-formula-1-2025","tag-gp-da-malasia","tag-grande-premio","tag-grande-premio-f1","tag-grandepremio","tag-sepang","42wp_author-caio-cavalcante"],"_links":{"self":[{"href":"https:\/\/grandepremio.com\/br\/wp-json\/wp\/v2\/posts\/17500","targetHints":{"allow":["GET"]}}],"collection":[{"href":"https:\/\/grandepremio.com\/br\/wp-json\/wp\/v2\/posts"}],"about":[{"href":"https:\/\/grandepremio.com\/br\/wp-json\/wp\/v2\/types\/post"}],"replies":[{"embeddable":true,"href":"https:\/\/grandepremio.com\/br\/wp-json\/wp\/v2\/comments?post=17500"}],"version-history":[{"count":0,"href":"https:\/\/grandepremio.com\/br\/wp-json\/wp\/v2\/posts\/17500\/revisions"}],"wp:featuredmedia":[{"embeddable":true,"href":"https:\/\/grandepremio.com\/br\/wp-json\/wp\/v2\/media\/1000572070"}],"wp:attachment":[{"href":"https:\/\/grandepremio.com\/br\/wp-json\/wp\/v2\/media?parent=17500"}],"wp:term":[{"taxonomy":"category","embeddable":true,"href":"https:\/\/grandepremio.com\/br\/wp-json\/wp\/v2\/categories?post=17500"},{"taxonomy":"post_tag","embeddable":true,"href":"https:\/\/grandepremio.com\/br\/wp-json\/wp\/v2\/tags?post=17500"},{"taxonomy":"42wp_author","embeddable":true,"href":"https:\/\/grandepremio.com\/br\/wp-json\/wp\/v2\/42wp_author?post=17500"}],"curies":[{"name":"wp","href":"https:\/\/api.w.org\/{rel}","templated":true}]}}