{"id":17541,"date":"2025-09-12T06:31:39","date_gmt":"2025-09-12T09:31:39","guid":{"rendered":"https:\/\/grandepremio.com\/br\/noticias\/motogp-presta-homenagem-anuncia-hall-da-fama-evento-misano\/"},"modified":"2025-09-12T15:22:13","modified_gmt":"2025-09-12T18:22:13","slug":"motogp-presta-homenagem-anuncia-hall-da-fama-evento-misano","status":"publish","type":"post","link":"https:\/\/grandepremio.com\/br\/motogp\/motogp-presta-homenagem-anuncia-hall-da-fama-evento-misano\/","title":{"rendered":"MotoGP presta homenagem e anuncia Hall da Fama em evento em Misano"},"content":{"rendered":"\n<p class=\"wp-block-paragraph\">A <strong>MotoGP<\/strong> realizou um grande evento no teatro <strong>Amintore Galli<\/strong> nesta quinta-feira (11) para celebrar sua pr\u00f3pria hist\u00f3ria. Em <strong>Misano<\/strong>, palco da etapa deste fim de semana, a categoria recebeu seus campe\u00f5es mundiais para a cria\u00e7\u00e3o de um &#8220;hall da fama&#8221;.<\/p>\n\n\n\n<p class=\"wp-block-paragraph\">Compareceram \u00e0 cerim\u00f4nia <strong>Giacomo Agostini<\/strong> e <strong>Valentino Rossi<\/strong> -os maiores campe\u00f5es da MotoGP &#8211; al\u00e9m de nomes como <strong>Kenny Roberts, Freddie Spencer, Wayne Rainey, Mick Doohan, Eddie Lawson, Kevin Schwantz, Jorge Lorenzo, Casey Stoner<\/strong> e <strong>Dani Pedrosa<\/strong>.<\/p>\n\n\n\n<p class=\"wp-block-paragraph\">Pedrosa \u00e9 o \u00fanico piloto condecorado para estar na lista gloriosa que n\u00e3o foi campe\u00e3o mundial. A categoria n\u00e3o deixou tamb\u00e9m de prestar sua homenagem para grandes campe\u00f5es que j\u00e1 se foram, como <strong>John Surtees, Barry Sheene<\/strong> e <strong>Mike Hailwood<\/strong> foram relembrados em v\u00eddeo.<\/p>\n\n\n\n<p class=\"wp-block-paragraph\">Tr\u00eas novas lendas v\u00e3o fazer parte do seleto grupo que foi homenageado na noite italiana a partir de 2026. <strong>Leslie Graham, Libero Liberati<\/strong> e <strong>Gary Hocking<\/strong>, campe\u00f5es das temporada 1949, 1957 e 1961, respectivamente, ocupar\u00e3o seus lugares no pante\u00e3o dos grandes nomes da categoria.<\/p>\n\n\n\n<figure class=\"wp-block-image size-large\"><img decoding=\"async\" src=\"https:\/\/www.grandepremio.com\/br\/wp-content\/uploads\/2025\/09\/LG9_9802-1200x750.png\" alt=\"\" class=\"wp-image-1012095\"\/><figcaption class=\"wp-element-caption\">Valentino Rossi esteve em Rimini para homenagem da categoria (Foto: MotoGP)<\/figcaption><\/figure>\n\n\n\n<p class=\"wp-block-paragraph\">\u25b6\ufe0f&nbsp;<strong>Inscreva-se nos dois canais do GRANDE PR\u00caMIO no YouTube:&nbsp;<a href=\"https:\/\/www.youtube.com\/channel\/UC9OlHEgxoaY6QY6nWPoiqQg?sub_confirmation=1\" target=\"_blank\" rel=\"noreferrer noopener\">GP<\/a>&nbsp;|&nbsp;<a href=\"https:\/\/www.youtube.com\/channel\/UC9csiS6q_C3C0FYhyr1rnFA?sub_confirmation=1\" target=\"_blank\" rel=\"noreferrer noopener\">GP2<\/a><\/strong><\/p>\n\n\n\n<p class=\"wp-block-paragraph\">A&nbsp;<strong><a href=\"https:\/\/grandepremio.com\/motovelocidade\/\" target=\"_blank\" rel=\"noreferrer noopener\">MotoGP<\/a>&nbsp;<\/strong>acelera entre os dias 12 a 14 de setembro, no&nbsp;<strong>GP de San Marino e da Riviera de Rimini<\/strong>, direto da&nbsp;<strong>It\u00e1lia<\/strong>, 16\u00aa etapa da temporada 2025. O&nbsp;<strong>GRANDE PR\u00caMIO&nbsp;<\/strong>faz a cobertura completa do evento, assim como das outras classes do&nbsp;<strong>Mundial de&nbsp;<a href=\"https:\/\/www.grandepremio.com\/motovelocidade\/\">Motovelocidade<\/a><\/strong><a href=\"https:\/\/www.grandepremio.com\/motovelocidade\/\">&nbsp;<\/a>durante todo o ano.<\/p>\n\n\n\n<p class=\"wp-block-paragraph\">\ud83d\udcfa&nbsp;<strong><a href=\"https:\/\/www.grandepremio.com\/br\/motogp\/noticias\/onde-assistir-ao-vivo-gp-de-san-marino-motogp-2025\/\">Onde assistir&nbsp;<\/a><a href=\"https:\/\/formula1aovivo.com\/\" target=\"_blank\" rel=\"noreferrer noopener\">ao vivo<\/a><a href=\"https:\/\/www.grandepremio.com\/br\/motogp\/noticias\/onde-assistir-ao-vivo-gp-de-san-marino-motogp-2025\/\">&nbsp;ao GP de San Marino de MotoGP 2025<\/a><\/strong><br>\u23f0&nbsp;<strong><a href=\"https:\/\/www.grandepremio.com\/br\/motogp\/noticias\/quais-horarios-gp-de-san-marino-de-motogp-2025\/\">Quais os hor\u00e1rios do GP de San Marino da MotoGP 2025<\/a><\/strong><\/p>\n\n\n\n<figure class=\"wp-block-embed is-type-video is-provider-youtube wp-block-embed-youtube wp-embed-aspect-16-9 wp-has-aspect-ratio\"><div class=\"wp-block-embed__wrapper\">\n<iframe loading=\"lazy\" title=\"&quot;DEPEND\u00caNCIA DE MARC M\u00c1RQUEZ&quot;: KAIO ESTEVES V\u00ca COM PREOCUPA\u00c7\u00c3O T\u00cdTULO DA DUCATI NA MOTOGP\" width=\"500\" height=\"281\" src=\"https:\/\/www.youtube.com\/embed\/19eC1C9oiB0?feature=oembed\" frameborder=\"0\" allow=\"accelerometer; autoplay; clipboard-write; encrypted-media; gyroscope; picture-in-picture; web-share\" referrerpolicy=\"strict-origin-when-cross-origin\" allowfullscreen><\/iframe>\n<\/div><\/figure>\n","protected":false},"excerpt":{"rendered":"<p>A MotoGP recebeu grandes campe\u00f5es em Misano para um tributo \u00e0 sua pr\u00f3pria hist\u00f3ria. Categoria anunciou mais tr\u00eas nomes que far\u00e3o parte do seleto grupo de lendas a partir de 2026<\/p>\n","protected":false},"author":0,"featured_media":1001012094,"comment_status":"closed","ping_status":"closed","sticky":false,"template":"","format":"standard","meta":{"42wp_featured_image_caption":"","42wp_featured_image_credits":"","42wp_featured_video":"","42wp_featured_image_hidden":false,"42wp_authors_list":[],"footnotes":""},"categories":[8],"tags":[24853,5214,2784,32353,1491,28285,5455,3464,44706,78,39739,847,34187,41828,80],"42wp_author":[47128],"class_list":["post-17541","post","type-post","status-publish","format-standard","has-post-thumbnail","hentry","category-motogp","tag-calendario-motogp","tag-classificacao-motogp","tag-giacomo-agostini","tag-gp-de-san-marino-e-da-riviera-de-rimini","tag-grande-premio","tag-grandepremio","tag-horarios-motogp","tag-misano","tag-misano-2025","tag-motogp","tag-motogp-2025","tag-mundial-de-motovelocidade","tag-onde-assistir-motogp","tag-temporada-2025-da-motogp","tag-valentino-rossi","42wp_author-guilherme-bloisi"],"_links":{"self":[{"href":"https:\/\/grandepremio.com\/br\/wp-json\/wp\/v2\/posts\/17541","targetHints":{"allow":["GET"]}}],"collection":[{"href":"https:\/\/grandepremio.com\/br\/wp-json\/wp\/v2\/posts"}],"about":[{"href":"https:\/\/grandepremio.com\/br\/wp-json\/wp\/v2\/types\/post"}],"replies":[{"embeddable":true,"href":"https:\/\/grandepremio.com\/br\/wp-json\/wp\/v2\/comments?post=17541"}],"version-history":[{"count":0,"href":"https:\/\/grandepremio.com\/br\/wp-json\/wp\/v2\/posts\/17541\/revisions"}],"wp:featuredmedia":[{"embeddable":true,"href":"https:\/\/grandepremio.com\/br\/wp-json\/wp\/v2\/media\/1001012094"}],"wp:attachment":[{"href":"https:\/\/grandepremio.com\/br\/wp-json\/wp\/v2\/media?parent=17541"}],"wp:term":[{"taxonomy":"category","embeddable":true,"href":"https:\/\/grandepremio.com\/br\/wp-json\/wp\/v2\/categories?post=17541"},{"taxonomy":"post_tag","embeddable":true,"href":"https:\/\/grandepremio.com\/br\/wp-json\/wp\/v2\/tags?post=17541"},{"taxonomy":"42wp_author","embeddable":true,"href":"https:\/\/grandepremio.com\/br\/wp-json\/wp\/v2\/42wp_author?post=17541"}],"curies":[{"name":"wp","href":"https:\/\/api.w.org\/{rel}","templated":true}]}}