{"id":17569,"date":"2025-09-11T09:51:37","date_gmt":"2025-09-11T12:51:37","guid":{"rendered":"https:\/\/grandepremio.com\/br\/noticias\/marc-marquez-nega-corpo-mole-catalunha-rebate-criticos-que-se-danem\/"},"modified":"2025-09-11T13:14:45","modified_gmt":"2025-09-11T16:14:45","slug":"marc-marquez-nega-corpo-mole-catalunha-rebate-criticos-que-se-danem","status":"publish","type":"post","link":"https:\/\/grandepremio.com\/br\/motogp\/marc-marquez-nega-corpo-mole-catalunha-rebate-criticos-que-se-danem\/","title":{"rendered":"Marc M\u00e1rquez nega corpo mole na Catalunha e rebate cr\u00edticos: \u201cQue se danem\u201d"},"content":{"rendered":"\n<p class=\"wp-block-paragraph\"><strong>Marc M\u00e1rquez <\/strong>perdeu a paci\u00eancia e mandou um recado claro \u00e0queles que o acusam de ter feito corpo mole no GP da <strong>Catalunha <\/strong>para evitar ter a primeira chance de t\u00edtulo j\u00e1 em <strong>Misano <\/strong>neste fim de semana. O espanhol frisou que <strong>\u00c1lex M\u00e1rquez <\/strong>foi mais r\u00e1pido.<\/p>\n\n\n\n<p class=\"wp-block-paragraph\">Depois de vencer a sprint em <strong>Barcelona<\/strong>, Marc teria o match-point em <strong>Misano <\/strong>se n\u00e3o perdesse mais do que tr\u00eas pontos para o irm\u00e3o. Na corrida de domingo, por\u00e9m, ainda que tenha perseguido o ca\u00e7ula na maior parte da prova, o <strong>#93<\/strong> n\u00e3o conseguiu atacar, ficou em segundo e n\u00e3o pode ser campe\u00e3o j\u00e1 no <strong>Circuito Marco Simoncelli<\/strong>.<\/p>\n\n\n\n<p class=\"wp-block-paragraph\">O desfecho, contudo, resultou em uma onda de teorias da conspira\u00e7\u00e3o, com alguns insinuando que Marc quis evitar o match-point para n\u00e3o alcan\u00e7ar o nono t\u00edtulo no <strong>Mundial de Motovelocidade <\/strong>na casa de <strong>Valentino Rossi<\/strong>.<\/p>\n\n\n\n<p class=\"wp-block-paragraph\">J\u00e1 em Misano, Marc n\u00e3o economizou na hora de responder aos detratores.<\/p>\n\n\n\n<figure class=\"wp-block-image size-full\"><img decoding=\"async\" src=\"https:\/\/www.grandepremio.com\/br\/wp-content\/uploads\/2025\/09\/AFP__20250905__73J92DD__v1__MidRes__MotoPrixEspCatalunyaPractice.jpg\" alt=\"\" class=\"wp-image-1009581\"\/><figcaption class=\"wp-element-caption\">Marc M\u00e1rquez mandou cr\u00edticos se danarem (Foto: AFP)<\/figcaption><\/figure>\n\n\n\n<p class=\"wp-block-paragraph\"><strong>\u25b6\ufe0f&nbsp;Inscreva-se nos dois canais do GRANDE PR\u00caMIO no YouTube:&nbsp;<a href=\"https:\/\/www.youtube.com\/channel\/UC9OlHEgxoaY6QY6nWPoiqQg?sub_confirmation=1\" target=\"_blank\" rel=\"noreferrer noopener\">GP<\/a>&nbsp;|&nbsp;<a href=\"https:\/\/www.youtube.com\/channel\/UC9csiS6q_C3C0FYhyr1rnFA?sub_confirmation=1\" target=\"_blank\" rel=\"noreferrer noopener\">GP2<\/a><\/strong><\/p>\n\n\n\n<p class=\"wp-block-paragraph\">\u201cOs que pensam isso ou escrevem isso, que se danem!\u201d disparou Marc. \u201cE traduza para que entendam\u201d, acrescentou.<\/p>\n\n\n\n<p class=\"wp-block-paragraph\">O espanhol sublinhou que tentou assegurar a decis\u00e3o na It\u00e1lia, j\u00e1 que prefere fechar a conta o mais cedo poss\u00edvel, mas reconheceu que havia outro piloto mais r\u00e1pido.<\/p>\n\n\n\n<p class=\"wp-block-paragraph\">\u201cTentei que fosse aqui. Eu falei: d\u00e1 na mesma onde, quando\u2026 Mas vou tentar que seja o mais cedo poss\u00edvel\u201d, lembrou. \u201cIsso significa seguir com a mesma mentalidade, mas teve um piloto que foi mais r\u00e1pido do que n\u00f3s na Catalunha. Ainda que tenhamos sido quem mais pontuou, n\u00e3o serviu para ter o match-point aqui\u201d, comentou.<\/p>\n\n\n\n<p class=\"wp-block-paragraph\">\u201cAgora as pessoas falam no <strong>Jap\u00e3o<\/strong>. Acho bom ter o match-point, mas tampouco acho que ser\u00e1 t\u00e3o f\u00e1cil fechar no Jap\u00e3o, porque significaria o \u00c1lex pontuar pouco aqui e l\u00e1. Seguiremos com a nossa mentalidade e um dos objetivos \u00e9 seguir no p\u00f3dio, que \u00e9 a minha prioridade daqui at\u00e9 o fim da temporada\u201d, encerrou.<\/p>\n\n\n\n<p class=\"wp-block-paragraph\">Para garantir o match-point em <strong>Motegi<\/strong>, Marc precisa somar apenas tr\u00eas pontos. Ou seja, um s\u00e9timo lugar na sprint j\u00e1 seria o suficiente.<\/p>\n\n\n\n<p class=\"wp-block-paragraph\">A&nbsp;<strong><a href=\"https:\/\/grandepremio.com\/motovelocidade\/\" target=\"_blank\" rel=\"noreferrer noopener\">MotoGP<\/a>&nbsp;<\/strong>acelera entre os dias 12 a 14 de setembro, no&nbsp;<strong>GP de San Marino e da Riviera de Rimini<\/strong>, direto da&nbsp;<strong>It\u00e1lia<\/strong>, 16\u00aa etapa da temporada 2025. O&nbsp;<strong>GRANDE PR\u00caMIO&nbsp;<\/strong>faz a cobertura completa do evento, assim como das outras classes do&nbsp;<strong>Mundial de&nbsp;<a href=\"https:\/\/www.grandepremio.com\/motovelocidade\/\">Motovelocidade<\/a><\/strong><a href=\"https:\/\/www.grandepremio.com\/motovelocidade\/\">&nbsp;<\/a>durante todo o ano.<\/p>\n\n\n\n<p class=\"wp-block-paragraph\">\ud83d\udcfa&nbsp;<strong><a href=\"https:\/\/www.grandepremio.com\/br\/motogp\/noticias\/onde-assistir-ao-vivo-gp-de-san-marino-motogp-2025\/\">Onde assistir&nbsp;<\/a><a href=\"https:\/\/formula1aovivo.com\/\" target=\"_blank\" rel=\"noreferrer noopener\">ao vivo<\/a><a href=\"https:\/\/www.grandepremio.com\/br\/motogp\/noticias\/onde-assistir-ao-vivo-gp-de-san-marino-motogp-2025\/\">&nbsp;ao GP de San Marino de MotoGP 2025<\/a><\/strong><br>\u23f0&nbsp;<strong><a href=\"https:\/\/www.grandepremio.com\/br\/motogp\/noticias\/quais-horarios-gp-de-san-marino-de-motogp-2025\/\">Quais os hor\u00e1rios do GP de San Marino da MotoGP 2025<\/a><\/strong><\/p>\n\n\n\n<figure class=\"wp-block-embed is-type-video is-provider-youtube wp-block-embed-youtube wp-embed-aspect-16-9 wp-has-aspect-ratio\"><div class=\"wp-block-embed__wrapper\">\n<iframe loading=\"lazy\" title=\"&quot;DEPEND\u00caNCIA DE MARC M\u00c1RQUEZ&quot;: KAIO ESTEVES V\u00ca COM PREOCUPA\u00c7\u00c3O T\u00cdTULO DA DUCATI NA MOTOGP\" width=\"500\" height=\"281\" src=\"https:\/\/www.youtube.com\/embed\/19eC1C9oiB0?feature=oembed\" frameborder=\"0\" allow=\"accelerometer; autoplay; clipboard-write; encrypted-media; gyroscope; picture-in-picture; web-share\" referrerpolicy=\"strict-origin-when-cross-origin\" allowfullscreen><\/iframe>\n<\/div><\/figure>\n","protected":false},"excerpt":{"rendered":"<p>Marc M\u00e1rquez negou que n\u00e3o tenha vencido propositalmente no GP da Catalunha para evitar um match-point em Misano neste fim de semana. Espanhol destacou que \u00c1lex M\u00e1rquez foi simplesmente mais r\u00e1pido<\/p>\n","protected":false},"author":0,"featured_media":1001011018,"comment_status":"closed","ping_status":"closed","sticky":false,"template":"","format":"standard","meta":{"42wp_featured_image_caption":"","42wp_featured_image_credits":"","42wp_featured_video":"","42wp_featured_image_hidden":false,"42wp_authors_list":[],"footnotes":""},"categories":[8],"tags":[5214,131,6513,2327,28285,3504,130,24704,132,137,1300,6732,3464,79,78,39739,42042,41956,42032,42033,25819,29345,32257,28766,307,42034,25667,26690,136,3562,2984,41398,172],"42wp_author":[47113],"class_list":["post-17569","post","type-post","status-publish","format-standard","has-post-thumbnail","hentry","category-motogp","tag-classificacao-motogp","tag-ducati","tag-espn","tag-francesco-bagnaia","tag-grandepremio","tag-gresini","tag-honda","tag-jorge-martin","tag-ktm","tag-lcr","tag-marc-marquez","tag-marco-simoncelli","tag-misano","tag-moto-gp","tag-motogp","tag-motogp-2025","tag-motogp-2025-calendario","tag-motogp-25","tag-motogp-calendario-2025","tag-motogp-classificacao-2025","tag-motogp-hoje","tag-motogp-horario","tag-motogp-sprint","tag-motogp-standings","tag-motor","tag-onde-assistir-motogp-2025","tag-pecco-bagnaia","tag-pilotos-motogp","tag-pramac","tag-san-marino","tag-sprint","tag-temporada-motogp","tag-yamaha","42wp_author-juliana-tesser"],"_links":{"self":[{"href":"https:\/\/grandepremio.com\/br\/wp-json\/wp\/v2\/posts\/17569","targetHints":{"allow":["GET"]}}],"collection":[{"href":"https:\/\/grandepremio.com\/br\/wp-json\/wp\/v2\/posts"}],"about":[{"href":"https:\/\/grandepremio.com\/br\/wp-json\/wp\/v2\/types\/post"}],"replies":[{"embeddable":true,"href":"https:\/\/grandepremio.com\/br\/wp-json\/wp\/v2\/comments?post=17569"}],"version-history":[{"count":0,"href":"https:\/\/grandepremio.com\/br\/wp-json\/wp\/v2\/posts\/17569\/revisions"}],"wp:featuredmedia":[{"embeddable":true,"href":"https:\/\/grandepremio.com\/br\/wp-json\/wp\/v2\/media\/1001011018"}],"wp:attachment":[{"href":"https:\/\/grandepremio.com\/br\/wp-json\/wp\/v2\/media?parent=17569"}],"wp:term":[{"taxonomy":"category","embeddable":true,"href":"https:\/\/grandepremio.com\/br\/wp-json\/wp\/v2\/categories?post=17569"},{"taxonomy":"post_tag","embeddable":true,"href":"https:\/\/grandepremio.com\/br\/wp-json\/wp\/v2\/tags?post=17569"},{"taxonomy":"42wp_author","embeddable":true,"href":"https:\/\/grandepremio.com\/br\/wp-json\/wp\/v2\/42wp_author?post=17569"}],"curies":[{"name":"wp","href":"https:\/\/api.w.org\/{rel}","templated":true}]}}