{"id":17573,"date":"2025-09-11T08:52:21","date_gmt":"2025-09-11T11:52:21","guid":{"rendered":"https:\/\/grandepremio.com\/br\/noticias\/formula-e-confirma-testes-pre-temporada-quatro-dias-valencia-outubro\/"},"modified":"2025-09-15T09:00:21","modified_gmt":"2025-09-15T12:00:21","slug":"formula-e-confirma-testes-pre-temporada-quatro-dias-valencia-outubro","status":"publish","type":"post","link":"https:\/\/grandepremio.com\/br\/formula-e\/formula-e-confirma-testes-pre-temporada-quatro-dias-valencia-outubro\/","title":{"rendered":"F\u00f3rmula E confirma testes de pr\u00e9-temporada de quatro dias em Val\u00eancia para outubro"},"content":{"rendered":"\n<p class=\"wp-block-paragraph\">A <strong>F\u00f3rmula E<\/strong> anunciou nesta quarta-feira (10) as datas dos testes para a 12\u00aa temporada da categoria. O <strong>Circuito Ricardo Tormo<\/strong>, em <strong>Val\u00eancia<\/strong>, ser\u00e1 novamente o palco da prepara\u00e7\u00e3o das equipes entre os dias <strong>27 e 30 de outubro<\/strong>. O local tamb\u00e9m receberia a sess\u00e3o em 2024, mas <strong><a href=\"https:\/\/www.grandepremio.com\/br\/formula-e\/noticias\/formula-e-deixa-valencia-apos-enchentes-leva-pre-temporada-2025-para-jarama\/\">as atividades precisaram transferidas para Jarama<\/a><\/strong>, em <strong>Madri<\/strong>, por conta de enchentes que atingiram a regi\u00e3o valenciana. Al\u00e9m da pr\u00e9-temporada, <strong>tamb\u00e9m ser\u00e1 realizada a segunda edi\u00e7\u00e3o do teste exclusivo para pilotas<\/strong>, <strong>no dia 31<\/strong>. A programa\u00e7\u00e3o detalhada de cada dia ainda n\u00e3o foi divulgada.<\/p>\n\n\n\n<p class=\"wp-block-paragraph\">Foi justamente em Jarama, em outubro do ano passado, que o carro <strong>Gen3 Evo<\/strong> fez sua estreia oficial. Portanto, ser\u00e1 a primeira vez que a gera\u00e7\u00e3o atual vai \u00e0 pista em Val\u00eancia \u2014 que, al\u00e9m de ser a casa tradicional dos testes, tamb\u00e9m <strong><a href=\"http:\/\/grandepremio.com\/br\/formula-e\/noticias\/formula-e-muda-base-operacional-escolhe-valencia-novo-ponto-logistico\/\">\u00e9 a base operacional da F\u00f3rmula E desde o in\u00edcio do ano passado<\/a><\/strong>.<\/p>\n\n\n\n<p class=\"wp-block-paragraph\">Agora, com um ano de experi\u00eancia acumulada, as equipes chegam a Val\u00eancia com maior compreens\u00e3o sobre o potencial do Gen3 Evo e preparados para explorar ainda mais seus limites na \u00faltima temporada antes da introdu\u00e7\u00e3o da <strong>Gen4<\/strong>. Os quatro dias de atividades na Espanha ser\u00e3o o \u00faltimo grande ensaio antes do in\u00edcio oficial da temporada 2025\/26, marcada para come\u00e7ar em <strong>6 de dezembro<\/strong>, em<strong> S\u00e3o Paulo<\/strong>.<\/p>\n\n\n\n<p class=\"wp-block-paragraph\">Al\u00e9m das atividades coletivas, o local tamb\u00e9m receber\u00e1 a segunda edi\u00e7\u00e3o do teste dedicado a mulheres, iniciativa criada por F\u00f3rmula E e <strong>Federa\u00e7\u00e3o Internacional de Automobilismo (FIA)<\/strong> para promover diversidade e inclus\u00e3o no automobilismo. O evento ser\u00e1 realizado no dia <strong>31 de outubro e ter\u00e1 o dobro do tempo de pista em rela\u00e7\u00e3o ao ano passado<\/strong> e contar\u00e1 com at\u00e9 20 participantes, todas <strong>guiando o Gen3 Evo em igualdade de condi\u00e7\u00f5es com os titulares do campeonato<\/strong>.<\/p>\n\n\n\n<figure class=\"wp-block-image size-large\"><img decoding=\"async\" src=\"https:\/\/www.grandepremio.com\/br\/wp-content\/uploads\/2025\/09\/resources_formula-e_pulselive_com-Vh1cGCLY-1200x675.png\" alt=\"\" class=\"wp-image-1011835\"\/><figcaption class=\"wp-element-caption\">Circuito Ricardo Tormo volta a receber a pr\u00e9-temporada da F\u00f3rmula E (Foto: F\u00f3rmula E)<\/figcaption><\/figure>\n\n\n\n<p class=\"wp-block-paragraph\">Cada equipe <strong>ser\u00e1 obrigada a inscrever pelo menos uma pilota no teste<\/strong>, com a possibilidade de alinhar duas. Na estreia, em 2024, a iniciativa j\u00e1 abriu portas concretas: <strong>cinco mulheres conquistaram fun\u00e7\u00f5es em equipes da F\u00f3rmula E<\/strong>, tr\u00eas delas em cargos permanentes. Paralelamente, tamb\u00e9m ser\u00e1 realizado um programa especial do <strong>FIA Girls on Track<\/strong>, que vai reunir at\u00e9 100 jovens locais em oficinas educativas e atividades com pilotos e equipes.<\/p>\n\n\n\n<p class=\"wp-block-paragraph\"><strong>Jeff Dodds<\/strong>, CEO da F\u00f3rmula E, destacou que o teste oferece uma plataforma in\u00e9dita para talentos femininos. \u201cDiferente de outras categorias, onde as mulheres precisam usar carros antigos ou limitados, <strong>aqui elas ter\u00e3o em m\u00e3os o Gen3 Evo<\/strong>, o mesmo que acelera 30% mais r\u00e1pido que um F1. J\u00e1 vimos progressos reais a partir da edi\u00e7\u00e3o passada e <strong>acreditamos que este ano abrir\u00e1 ainda mais portas<\/strong>\u201d, afirmou.<\/p>\n\n\n\n<p class=\"wp-block-paragraph\">As confirma\u00e7\u00f5es das duplas da&nbsp;<a href=\"https:\/\/www.grandepremio.com\/br\/formula-e\/\" target=\"_blank\" rel=\"noreferrer noopener\">F\u00f3rmula E<\/a>&nbsp;ser\u00e3o feitas at\u00e9 meados de setembro, \u00e9poca em que os times precisam fazer as inscri\u00e7\u00f5es no campeonato. A temporada 2025\/26 come\u00e7a no dia&nbsp;<strong>5 de dezembro<\/strong>, com o&nbsp;<strong>eP de&nbsp;<a href=\"https:\/\/www.grandepremio.com\/br\/circuito\/sao-paulo\/\" target=\"_blank\" rel=\"noreferrer noopener\"><\/a><a href=\"https:\/\/www.grandepremio.com\/br\/circuito\/sao-paulo\/\" target=\"_blank\" rel=\"noreferrer noopener\"><\/a><a href=\"https:\/\/www.grandepremio.com\/br\/circuito\/sao-paulo\/\" target=\"_blank\" rel=\"noreferrer noopener\"><\/a><a href=\"https:\/\/www.grandepremio.com\/br\/circuito\/sao-paulo\/\" target=\"_blank\" rel=\"noreferrer noopener\"><\/a><a href=\"https:\/\/www.grandepremio.com\/br\/circuito\/sao-paulo\/\" target=\"_blank\" rel=\"noreferrer noopener\"><\/a><a href=\"https:\/\/www.grandepremio.com\/br\/circuito\/sao-paulo\/\" target=\"_blank\" rel=\"noreferrer noopener\">S\u00e3o Paulo<\/a><\/strong>, no&nbsp;<strong>Samb\u00f3dromo do Anhembi<\/strong>.<\/p>\n\n\n\n<p class=\"wp-block-paragraph\">\u25b6\ufe0f&nbsp;<strong>Inscreva-se nos dois canais do GRANDE PR\u00caMIO no YouTube:&nbsp;<a href=\"https:\/\/www.youtube.com\/channel\/UC9OlHEgxoaY6QY6nWPoiqQg?sub_confirmation=1\" target=\"_blank\" rel=\"noreferrer noopener\">GP<\/a>&nbsp;|&nbsp;<a href=\"https:\/\/www.youtube.com\/channel\/UC9csiS6q_C3C0FYhyr1rnFA?sub_confirmation=1\" target=\"_blank\" rel=\"noreferrer noopener\">GP2<\/a><\/strong><\/p>\n\n\n\n<figure class=\"wp-block-embed is-type-video is-provider-youtube wp-block-embed-youtube wp-embed-aspect-16-9 wp-has-aspect-ratio\"><div class=\"wp-block-embed__wrapper\">\n<iframe loading=\"lazy\" title=\"\ud83d\udd34eP DE LONDRES | F\u00d3RMULA E 2024\/2025 AO VIVO E COM IMAGENS | 16\u00aa ETAPA | CORRIDA 2\" width=\"500\" height=\"281\" src=\"https:\/\/www.youtube.com\/embed\/cxuGvfvoZp0?feature=oembed\" frameborder=\"0\" allow=\"accelerometer; autoplay; clipboard-write; encrypted-media; gyroscope; picture-in-picture; web-share\" referrerpolicy=\"strict-origin-when-cross-origin\" allowfullscreen><\/iframe>\n<\/div><\/figure>\n","protected":false},"excerpt":{"rendered":"<p>Em prepara\u00e7\u00e3o para a temporada 2025\/26, a F\u00f3rmula E volta a Val\u00eancia para os testes coletivos entre os dias 27 e 30 de outubro. Categoria tamb\u00e9m realizar\u00e1 segunda edi\u00e7\u00e3o da sess\u00e3o exclusiva para mulheres<\/p>\n","protected":false},"author":0,"featured_media":1000776607,"comment_status":"closed","ping_status":"closed","sticky":false,"template":"","format":"standard","meta":{"42wp_featured_image_caption":"","42wp_featured_image_credits":"","42wp_featured_video":"","42wp_featured_image_hidden":false,"42wp_authors_list":[],"footnotes":""},"categories":[19],"tags":[28679,6853,840,38802,43531,1491,28285,35442,36219,41542,43530,2716],"42wp_author":[47164],"class_list":["post-17573","post","type-post","status-publish","format-standard","has-post-thumbnail","hentry","category-formula-e","tag-calendario-formula-e","tag-classificacao-formula-e","tag-formula-e","tag-formula-e-2025","tag-formula-e-2026","tag-grande-premio","tag-grandepremio","tag-horarios-formula-e","tag-onde-assistir-formula-e","tag-temporada-2025-da-formula-e","tag-temporada-2026-da-formula-e","tag-valencia","42wp_author-marcos-gil-ribeiro"],"_links":{"self":[{"href":"https:\/\/grandepremio.com\/br\/wp-json\/wp\/v2\/posts\/17573","targetHints":{"allow":["GET"]}}],"collection":[{"href":"https:\/\/grandepremio.com\/br\/wp-json\/wp\/v2\/posts"}],"about":[{"href":"https:\/\/grandepremio.com\/br\/wp-json\/wp\/v2\/types\/post"}],"replies":[{"embeddable":true,"href":"https:\/\/grandepremio.com\/br\/wp-json\/wp\/v2\/comments?post=17573"}],"version-history":[{"count":0,"href":"https:\/\/grandepremio.com\/br\/wp-json\/wp\/v2\/posts\/17573\/revisions"}],"wp:featuredmedia":[{"embeddable":true,"href":"https:\/\/grandepremio.com\/br\/wp-json\/wp\/v2\/media\/1000776607"}],"wp:attachment":[{"href":"https:\/\/grandepremio.com\/br\/wp-json\/wp\/v2\/media?parent=17573"}],"wp:term":[{"taxonomy":"category","embeddable":true,"href":"https:\/\/grandepremio.com\/br\/wp-json\/wp\/v2\/categories?post=17573"},{"taxonomy":"post_tag","embeddable":true,"href":"https:\/\/grandepremio.com\/br\/wp-json\/wp\/v2\/tags?post=17573"},{"taxonomy":"42wp_author","embeddable":true,"href":"https:\/\/grandepremio.com\/br\/wp-json\/wp\/v2\/42wp_author?post=17573"}],"curies":[{"name":"wp","href":"https:\/\/api.w.org\/{rel}","templated":true}]}}