{"id":17574,"date":"2025-09-11T08:30:34","date_gmt":"2025-09-11T11:30:34","guid":{"rendered":"https:\/\/grandepremio.com\/br\/noticias\/aleix-espargaro-elogia-trabalho-duro-honda-novo-chassi-de-outro-nivel\/"},"modified":"2025-09-11T09:19:14","modified_gmt":"2025-09-11T12:19:14","slug":"aleix-espargaro-elogia-trabalho-duro-honda-novo-chassi-de-outro-nivel","status":"publish","type":"post","link":"https:\/\/grandepremio.com\/br\/motogp\/aleix-espargaro-elogia-trabalho-duro-honda-novo-chassi-de-outro-nivel\/","title":{"rendered":"Aleix Espargar\u00f3 elogia \u201ctrabalho duro\u201d da Honda e diz que novo chassi \u00e9 \u201cde outro n\u00edvel\u201d"},"content":{"rendered":"\n<p class=\"wp-block-paragraph\"><strong>Aleix Espargar\u00f3 <\/strong>afirmou que o novo chassi desenvolvido pela <strong>Honda <\/strong>para a <strong>MotoGP <\/strong>\u00e9 \u201cde outro n\u00edvel\u201d. O catal\u00e3o exaltou o trabalho duro da montadora japonesa e contou que pressionou para que <strong>Luca Marini <\/strong>e <strong>Joan Mir <\/strong>testassem o item ainda em fim de semana de corrida.<\/p>\n\n\n\n<p class=\"wp-block-paragraph\">Desde o retorno das f\u00e9rias, Marini e Mir contam com atualiza\u00e7\u00f5es na <strong>RC213V <\/strong>que melhoraram significativamente a performance. O espanhol registrou na <strong>\u00c1ustria <\/strong>o melhor resultado do ano com um sexto lugar, enquanto o #10 conseguiu um quinto na <strong>Hungria<\/strong>.<\/p>\n\n\n\n<p class=\"wp-block-paragraph\">Apesar de ter um contrato direto com a <strong>HRC<\/strong>, <strong>Johann Zarco <\/strong>ainda n\u00e3o recebeu as novidades e atravessa uma fase mais dif\u00edcil. Desde o segundo lugar no GP da <strong>Gr\u00e3-Bretanha<\/strong>, o franc\u00eas teve cinco abandonos em GP, dois 12\u00ba e um 13\u00ba.<\/p>\n\n\n\n<p class=\"wp-block-paragraph\">Piloto de testes da Honda, Aleix v\u00ea o chassi, testado por ele em uma atividade privada em <strong>Barcelona<\/strong>, como o avan\u00e7o mais importante da Honda at\u00e9 aqui.<\/p>\n\n\n\n<figure class=\"wp-block-image size-large\"><img decoding=\"async\" src=\"https:\/\/www.grandepremio.com\/br\/wp-content\/uploads\/2025\/07\/ESPARGARO-1200x800.jpg\" alt=\"\" class=\"wp-image-987391\"\/><figcaption class=\"wp-element-caption\">Aleix Espargar\u00f3 elogiou o empenho da Honda em melhorar (Foto: Honda)<\/figcaption><\/figure>\n\n\n\n<p class=\"wp-block-paragraph\"><strong>\u25b6\ufe0f&nbsp;Inscreva-se nos dois canais do GRANDE PR\u00caMIO no YouTube:&nbsp;<a href=\"https:\/\/www.youtube.com\/channel\/UC9OlHEgxoaY6QY6nWPoiqQg?sub_confirmation=1\" target=\"_blank\" rel=\"noreferrer noopener\">GP<\/a>&nbsp;|&nbsp;<a href=\"https:\/\/www.youtube.com\/channel\/UC9csiS6q_C3C0FYhyr1rnFA?sub_confirmation=1\" target=\"_blank\" rel=\"noreferrer noopener\">GP2<\/a><\/strong><\/p>\n\n\n\n<p class=\"wp-block-paragraph\">\u201cH\u00e1 um m\u00eas, cheguei aqui e um dos itens para testar era o novo chassi\u201d, disse Aleix antes do GP da Catalunha. \u201cTestei e n\u00e3o podia acreditar na diferen\u00e7a. Era incr\u00edvel. Fiz muitas compara\u00e7\u00f5es e disse aos engenheiros: \u2018N\u00e3o \u00e9 poss\u00edvel, esse chassi \u00e9 de outro n\u00edvel\u2019\u201d, seguiu.<\/p>\n\n\n\n<p class=\"wp-block-paragraph\">\u201cQuando terminei o teste, disse para Romano [Albesiano, diretor-t\u00e9cnico da Honda]: \u2018Voc\u00ea precisa levar esse chassi para Joan e Luca\u2019\u201d, relatou. \u201cA\u00ed ele disse: \u2018N\u00e3o, eles n\u00e3o v\u00e3o testar durante o GP\u2019. E eu disse: \u2018Sim, v\u00e3o. Vou mandar mensagem para eles e dizer que precisam testar\u2019. E mandei mensagem para os dois, dizendo: \u2018Voc\u00eas precisam testar o chassi. \u00c9 realmente um grande passo\u2019\u201d, detalhou.<\/p>\n\n\n\n<p class=\"wp-block-paragraph\">Aleix relatou que os dois titulares gostaram do chassi, mas reconheceu que as pistas de \u00c1ustria e Hungria n\u00e3o foram par\u00e2metros ideias de avalia\u00e7\u00e3o.<\/p>\n\n\n\n<p class=\"wp-block-paragraph\">\u201cN\u00e3o esperava melhorar tanto aqui em Barcelona. E eles testaram, e tanto Luca quanto Joan gostaram muito\u201d, relatou. \u201cObviamente, concordo com Luca de que os \u00faltimos circuitos foram estranhos, mas testei em Barcelona e o chassi era 0s3 ou 0s4 mais r\u00e1pido. A Honda est\u00e1 trabalhando duro, e fico feliz em ver o progresso\u201d, comemorou.<\/p>\n\n\n\n<p class=\"wp-block-paragraph\">A&nbsp;<strong><a href=\"https:\/\/grandepremio.com\/motovelocidade\/\" target=\"_blank\" rel=\"noreferrer noopener\">MotoGP<\/a>&nbsp;<\/strong>acelera entre os dias 12 a 14 de setembro, no&nbsp;<strong>GP de San Marino e da Riviera de Rimini<\/strong>, direto da&nbsp;<strong>It\u00e1lia<\/strong>, 16\u00aa etapa da temporada 2025. O&nbsp;<strong>GRANDE PR\u00caMIO&nbsp;<\/strong>faz a cobertura completa do evento, assim como das outras classes do&nbsp;<strong>Mundial de&nbsp;<a href=\"https:\/\/www.grandepremio.com\/motovelocidade\/\">Motovelocidade<\/a><\/strong><a href=\"https:\/\/www.grandepremio.com\/motovelocidade\/\">&nbsp;<\/a>durante todo o ano.<\/p>\n\n\n\n<p class=\"wp-block-paragraph\">\ud83d\udcfa&nbsp;<strong><a href=\"https:\/\/www.grandepremio.com\/br\/motogp\/noticias\/onde-assistir-ao-vivo-gp-de-san-marino-motogp-2025\/\">Onde assistir&nbsp;<\/a><a href=\"https:\/\/formula1aovivo.com\/\" target=\"_blank\" rel=\"noreferrer noopener\">ao vivo<\/a><a href=\"https:\/\/www.grandepremio.com\/br\/motogp\/noticias\/onde-assistir-ao-vivo-gp-de-san-marino-motogp-2025\/\">&nbsp;ao GP de San Marino de MotoGP 2025<\/a><\/strong><br>\u23f0&nbsp;<strong><a href=\"https:\/\/www.grandepremio.com\/br\/motogp\/noticias\/quais-horarios-gp-de-san-marino-de-motogp-2025\/\">Quais os hor\u00e1rios do GP de San Marino da MotoGP 2025<\/a><\/strong><\/p>\n\n\n\n<figure class=\"wp-block-embed is-type-video is-provider-youtube wp-block-embed-youtube wp-embed-aspect-16-9 wp-has-aspect-ratio\"><div class=\"wp-block-embed__wrapper\">\n<iframe loading=\"lazy\" title=\"&quot;DEPEND\u00caNCIA DE MARC M\u00c1RQUEZ&quot;: KAIO ESTEVES V\u00ca COM PREOCUPA\u00c7\u00c3O T\u00cdTULO DA DUCATI NA MOTOGP\" width=\"500\" height=\"281\" src=\"https:\/\/www.youtube.com\/embed\/19eC1C9oiB0?feature=oembed\" frameborder=\"0\" allow=\"accelerometer; autoplay; clipboard-write; encrypted-media; gyroscope; picture-in-picture; web-share\" referrerpolicy=\"strict-origin-when-cross-origin\" allowfullscreen><\/iframe>\n<\/div><\/figure>\n","protected":false},"excerpt":{"rendered":"<p>Piloto de testes da Honda, Aleix Espargar\u00f3 contou que ficou encantado com o novo chassi da RC213V e pressionou para que Luca Marini e Joan Mir testassem j\u00e1 no fim de semana de corrida<\/p>\n","protected":false},"author":0,"featured_media":1001009575,"comment_status":"closed","ping_status":"closed","sticky":false,"template":"","format":"standard","meta":{"42wp_featured_image_caption":"","42wp_featured_image_credits":"","42wp_featured_video":"","42wp_featured_image_hidden":false,"42wp_authors_list":[],"footnotes":""},"categories":[8],"tags":[5214,131,6513,2327,28285,3504,130,24704,132,137,1300,6732,3464,79,78,39739,42042,41956,42032,42033,25819,29345,32257,28766,307,42034,25667,26690,136,3562,2984,41398,172],"42wp_author":[47113],"class_list":["post-17574","post","type-post","status-publish","format-standard","has-post-thumbnail","hentry","category-motogp","tag-classificacao-motogp","tag-ducati","tag-espn","tag-francesco-bagnaia","tag-grandepremio","tag-gresini","tag-honda","tag-jorge-martin","tag-ktm","tag-lcr","tag-marc-marquez","tag-marco-simoncelli","tag-misano","tag-moto-gp","tag-motogp","tag-motogp-2025","tag-motogp-2025-calendario","tag-motogp-25","tag-motogp-calendario-2025","tag-motogp-classificacao-2025","tag-motogp-hoje","tag-motogp-horario","tag-motogp-sprint","tag-motogp-standings","tag-motor","tag-onde-assistir-motogp-2025","tag-pecco-bagnaia","tag-pilotos-motogp","tag-pramac","tag-san-marino","tag-sprint","tag-temporada-motogp","tag-yamaha","42wp_author-juliana-tesser"],"_links":{"self":[{"href":"https:\/\/grandepremio.com\/br\/wp-json\/wp\/v2\/posts\/17574","targetHints":{"allow":["GET"]}}],"collection":[{"href":"https:\/\/grandepremio.com\/br\/wp-json\/wp\/v2\/posts"}],"about":[{"href":"https:\/\/grandepremio.com\/br\/wp-json\/wp\/v2\/types\/post"}],"replies":[{"embeddable":true,"href":"https:\/\/grandepremio.com\/br\/wp-json\/wp\/v2\/comments?post=17574"}],"version-history":[{"count":0,"href":"https:\/\/grandepremio.com\/br\/wp-json\/wp\/v2\/posts\/17574\/revisions"}],"wp:featuredmedia":[{"embeddable":true,"href":"https:\/\/grandepremio.com\/br\/wp-json\/wp\/v2\/media\/1001009575"}],"wp:attachment":[{"href":"https:\/\/grandepremio.com\/br\/wp-json\/wp\/v2\/media?parent=17574"}],"wp:term":[{"taxonomy":"category","embeddable":true,"href":"https:\/\/grandepremio.com\/br\/wp-json\/wp\/v2\/categories?post=17574"},{"taxonomy":"post_tag","embeddable":true,"href":"https:\/\/grandepremio.com\/br\/wp-json\/wp\/v2\/tags?post=17574"},{"taxonomy":"42wp_author","embeddable":true,"href":"https:\/\/grandepremio.com\/br\/wp-json\/wp\/v2\/42wp_author?post=17574"}],"curies":[{"name":"wp","href":"https:\/\/api.w.org\/{rel}","templated":true}]}}