{"id":17592,"date":"2025-09-10T14:10:58","date_gmt":"2025-09-10T17:10:58","guid":{"rendered":"https:\/\/grandepremio.com\/br\/noticias\/max-verstappen-pede-carros-menores-f1-seria-otimo-modelo-como-2010\/"},"modified":"2025-09-10T14:14:08","modified_gmt":"2025-09-10T17:14:08","slug":"max-verstappen-pede-carros-menores-f1-seria-otimo-modelo-como-2010","status":"publish","type":"post","link":"https:\/\/grandepremio.com\/br\/f1\/max-verstappen-pede-carros-menores-f1-seria-otimo-modelo-como-2010\/","title":{"rendered":"Verstappen pede carros menores na F1: \u201cSeria \u00f3timo um modelo como de 2010\u201d"},"content":{"rendered":"\n<p class=\"wp-block-paragraph\">A <strong>F\u00f3rmula 1<\/strong> ter\u00e1 uma grande mudan\u00e7a de regulamento na <strong>temporada 2026<\/strong>, com altera\u00e7\u00f5es importantes nos motores e na aerodin\u00e2mica. Para <strong>Max Verstappen<\/strong>, o ideal seria que a categoria colocasse os esfor\u00e7os na redu\u00e7\u00e3o de tamanho e de peso dos carros, para ter um modelo como o de <strong>2010<\/strong>, visando facilitar as disputas de posi\u00e7\u00e3o. No entanto, o neerland\u00eas enfatizou que s\u00f3 seria poss\u00edvel caso haja uma modifica\u00e7\u00e3o nas regras das unidades de pot\u00eancia.<\/p>\n\n\n\n<p class=\"wp-block-paragraph\">Al\u00e9m de modifica\u00e7\u00f5es no \u00e2mbito das unidades de pot\u00eancia, com a parte el\u00e9trica passando a representar at\u00e9 50% da for\u00e7a total \u2014 frente aos 20% atuais \u2014 e combust\u00edvel 100% sustent\u00e1vel, a aerodin\u00e2mica dos carros tamb\u00e9m enfrentar\u00e1 uma verdadeira revolu\u00e7\u00e3o com o novo regulamento, incluindo o fim do DRS, o retorno da aerodin\u00e2mica ativa e a redu\u00e7\u00e3o significativa do efeito-solo.<\/p>\n\n\n\n<p class=\"wp-block-paragraph\">A partir de 2017, os carros da F1 ficaram 20 cm mais largos, passando da largura m\u00e1xima de 1,80 m para 2 m. Tamb\u00e9m houve um aumento de 20 kg no peso m\u00ednimo, o que acabou tornando as ultrapassagens mais dif\u00edceis, j\u00e1 que as pistas permaneceram com a mesma largura.<\/p>\n\n\n\n<p class=\"wp-block-paragraph\">Verstappen gostaria que a categoria se inspirasse no que tinha h\u00e1 aproximadamente 15 anos, quando os motores eram V8 aspirados e os carros eram cerca de 180 kg mais leves.<\/p>\n\n\n\n<figure class=\"wp-block-image size-large\"><img decoding=\"async\" src=\"https:\/\/www.grandepremio.com\/br\/wp-content\/uploads\/2025\/09\/italia-2025-f1-quinta-feira-red-bull-max-verstappen-02-1200x800.jpg\" alt=\"\" class=\"wp-image-1008737\"\/><figcaption class=\"wp-element-caption\">Max Verstappen disse que a F1 deveria ter carros menores e mais leves (Foto: Red Bull Content Pool)<\/figcaption><\/figure>\n\n\n\n<p class=\"wp-block-paragraph\">\u25b6\ufe0f&nbsp;<strong>Inscreva-se nos dois canais do GRANDE PR\u00caMIO no YouTube:&nbsp;<a href=\"https:\/\/www.youtube.com\/channel\/UC9OlHEgxoaY6QY6nWPoiqQg?sub_confirmation=1\" target=\"_blank\" rel=\"noreferrer noopener\">GP<\/a>&nbsp;|&nbsp;<a href=\"https:\/\/www.youtube.com\/channel\/UC9csiS6q_C3C0FYhyr1rnFA?sub_confirmation=1\" target=\"_blank\" rel=\"noreferrer noopener\">GP2<\/a><\/strong><br>\u25b6\ufe0f&nbsp;<strong>AN\u00c1LISE:&nbsp;<a href=\"https:\/\/www.grandepremio.com\/br\/f1\/noticias\/opiniao-gp-mclaren-interfere-briga-titulo-ofende-sentido-competicao-f1\/\">McLaren interfere na briga pelo t\u00edtulo e ofende sentido de competi\u00e7\u00e3o na F1<\/a><\/strong><\/p>\n\n\n\n<p class=\"wp-block-paragraph\">\u201cO mais importante \u00e9 ter carros mais leves e menores. Mas isso s\u00f3 \u00e9 poss\u00edvel se mudarmos as regras relativas aos motores\u201d, ressaltou o neerland\u00eas.<\/p>\n\n\n\n<p class=\"wp-block-paragraph\">\u201cNo momento, os motores s\u00e3o super eficientes, mas tamb\u00e9m s\u00e3o bastante grandes. Isso torna o carro mais longo, voc\u00ea precisa de mais refrigera\u00e7\u00e3o, ent\u00e3o o b\u00f3lido fica bem maior\u201d, explicou.<\/p>\n\n\n\n<p class=\"wp-block-paragraph\">\u201cAcho que se pud\u00e9ssemos ter um tipo de carro semelhante ao da era de 2010, ou mesmo antes, seria \u00f3timo, porque acho que ajudaria nas corridas. Mas, no final das contas, n\u00e3o sou eu quem decide\u201d, encerrou o tetracampe\u00e3o.<\/p>\n\n\n\n<p class=\"wp-block-paragraph\">A&nbsp;<a href=\"https:\/\/www.grandepremio.com\/br\/f1\/\" target=\"_blank\" rel=\"noreferrer noopener\"><\/a><strong><a href=\"https:\/\/www.grandepremio.com\/br\/f1\/\" target=\"_blank\" rel=\"noreferrer noopener\">F\u00f3rmula 1<\/a><\/strong>&nbsp;retorna de 19 a 21 de setembro com o&nbsp;<strong>GP do Azerbaij\u00e3o<\/strong>, 17\u00aa etapa da temporada 2025.<\/p>\n\n\n\n<figure class=\"wp-block-embed is-type-video is-provider-youtube wp-block-embed-youtube wp-embed-aspect-16-9 wp-has-aspect-ratio\"><div class=\"wp-block-embed__wrapper\">\n<iframe loading=\"lazy\" title=\"McLAREN APOIA NORRIS CONTRA PIASTRI E INTERFERE NA BRIGA PELO T\u00cdTULO DA F1? | Paddock GP #431\" width=\"500\" height=\"281\" src=\"https:\/\/www.youtube.com\/embed\/dnRTAUW2bsk?feature=oembed\" frameborder=\"0\" allow=\"accelerometer; autoplay; clipboard-write; encrypted-media; gyroscope; picture-in-picture; web-share\" referrerpolicy=\"strict-origin-when-cross-origin\" allowfullscreen><\/iframe>\n<\/div><\/figure>\n","protected":false},"excerpt":{"rendered":"<p>Max Verstappen sugeriu \u00e0 F1 que voltassem com carros mais leves e menores, como era por volta de 2010, para facilitar as disputas de posi\u00e7\u00e3o<\/p>\n","protected":false},"author":0,"featured_media":1000404276,"comment_status":"closed","ping_status":"closed","sticky":false,"template":"","format":"standard","meta":{"42wp_featured_image_caption":"","42wp_featured_image_credits":"","42wp_featured_video":"","42wp_featured_image_hidden":false,"42wp_authors_list":[],"footnotes":""},"categories":[2],"tags":[5660,969,147,3630,642,160,180,3628,1491,30103,28285,203,204],"42wp_author":[47163],"class_list":["post-17592","post","type-post","status-publish","format-standard","has-post-thumbnail","hentry","category-f1","tag-classificacao","tag-corrida","tag-f1","tag-f1-2025","tag-f1-ao-vivo","tag-f1-tv","tag-formula-1","tag-formula-1-2025","tag-grande-premio","tag-grande-premio-f1","tag-grandepremio","tag-max-verstappen","tag-red-bull","42wp_author-caio-cavalcante"],"_links":{"self":[{"href":"https:\/\/grandepremio.com\/br\/wp-json\/wp\/v2\/posts\/17592","targetHints":{"allow":["GET"]}}],"collection":[{"href":"https:\/\/grandepremio.com\/br\/wp-json\/wp\/v2\/posts"}],"about":[{"href":"https:\/\/grandepremio.com\/br\/wp-json\/wp\/v2\/types\/post"}],"replies":[{"embeddable":true,"href":"https:\/\/grandepremio.com\/br\/wp-json\/wp\/v2\/comments?post=17592"}],"version-history":[{"count":0,"href":"https:\/\/grandepremio.com\/br\/wp-json\/wp\/v2\/posts\/17592\/revisions"}],"wp:featuredmedia":[{"embeddable":true,"href":"https:\/\/grandepremio.com\/br\/wp-json\/wp\/v2\/media\/1000404276"}],"wp:attachment":[{"href":"https:\/\/grandepremio.com\/br\/wp-json\/wp\/v2\/media?parent=17592"}],"wp:term":[{"taxonomy":"category","embeddable":true,"href":"https:\/\/grandepremio.com\/br\/wp-json\/wp\/v2\/categories?post=17592"},{"taxonomy":"post_tag","embeddable":true,"href":"https:\/\/grandepremio.com\/br\/wp-json\/wp\/v2\/tags?post=17592"},{"taxonomy":"42wp_author","embeddable":true,"href":"https:\/\/grandepremio.com\/br\/wp-json\/wp\/v2\/42wp_author?post=17592"}],"curies":[{"name":"wp","href":"https:\/\/api.w.org\/{rel}","templated":true}]}}