{"id":17604,"date":"2025-09-10T08:40:49","date_gmt":"2025-09-10T11:40:49","guid":{"rendered":"https:\/\/grandepremio.com\/br\/noticias\/chefe-red-bull-recusa-protagonismo-diz-teve-impacto-zero-vitoria-monza\/"},"modified":"2025-09-10T08:43:31","modified_gmt":"2025-09-10T11:43:31","slug":"chefe-red-bull-recusa-protagonismo-diz-teve-impacto-zero-vitoria-monza","status":"publish","type":"post","link":"https:\/\/grandepremio.com\/br\/f1\/chefe-red-bull-recusa-protagonismo-diz-teve-impacto-zero-vitoria-monza\/","title":{"rendered":"Chefe da Red Bull recusa protagonismo e diz que teve \u201cimpacto zero\u201d na vit\u00f3ria em Monza"},"content":{"rendered":"\n<p class=\"wp-block-paragraph\"><strong>Laurent Mekies<\/strong> <a href=\"http:\/\/grandepremio.com\/br\/f1\/noticias\/red-bull-promove-troca-indica-chefe-racing-bulls-substituto-christian-horner-f1\/\">assumiu a chefia da <strong>Red Bull<\/strong><\/a><strong> <\/strong>em julho e teve o primeiro triunfo logo na quarta corrida, no <strong>GP da It\u00e1lia<\/strong> <a href=\"https:\/\/www.grandepremio.com\/br\/f1\/noticias\/max-verstappen-vence-serenidade-gp-italia-patacoada-mclaren-gabriel-bortoleto-8o\/\">no \u00faltimo domingo (7)<\/a>. O feito quebrou o jejum de quase quatro meses sem vit\u00f3ria. E <a href=\"https:\/\/www.grandepremio.com\/br\/f1\/noticias\/max-verstappen-exalta-papel-laurent-mekies-evolucao-red-bull-faz-perguntas-certas\/\">apesar de ter sido elogiado<\/a> por <strong>Max Verstappen<\/strong> e <a href=\"https:\/\/www.grandepremio.com\/br\/f1\/noticias\/red-bull-atribui-melhora-filosofia-laurent-mekies-engenheiros-estao-ouvindo-mais-pilotos\/\">pelo consultor <strong>Helmut Marko<\/strong><\/a>, o dirigente negou qualquer protagonismo em Monza.<\/p>\n\n\n\n<p class=\"wp-block-paragraph\">A <strong>Red Bull<\/strong> sobrou durante o fim de semana do <strong>GP da It\u00e1lia<\/strong>. No s\u00e1bado, <strong>Verstappen<\/strong><a href=\"https:\/\/www.grandepremio.com\/br\/f1\/noticias\/max-verstappen-apavora-desbanca-lando-norris-crava-pole-gp-italia-gabriel-bortoleto-7o\/\"><strong> <\/strong>garantiu a pole-position<\/a> depois de superar<strong> Lando Norris<\/strong> por 0s077 e ser o mais r\u00e1pido na classifica\u00e7\u00e3o. Na corrida, foi incomodado apenas nas primeiras voltas, mas neutralizou o rival e venceu com 19s de vantagem. Durante a coletiva de imprensa acompanhada pelo<strong> GRANDE PR\u00caMIO<\/strong> ap\u00f3s a corrida em <strong>Monza<\/strong>, <strong>Max <\/strong>disse que a abordagem de <strong>Mekies <\/strong>foi muito importante para a evolu\u00e7\u00e3o do time.<\/p>\n\n\n\n<p class=\"wp-block-paragraph\">O consultor <strong>Marko <\/strong>tamb\u00e9m elogiou e afirmou que, com a nova metodologia, os engenheiros escutam mais o que os pilotos t\u00eam a dizer. <strong>Mekies<\/strong>, no entanto, rejeitou o protagonismo e disse que existem in\u00fameras pessoas trabalhando para tornar o <strong>RB21 <\/strong>mais competitivo.<\/p>\n\n\n\n<p class=\"wp-block-paragraph\">&#8220;A resposta \u00e9 muito f\u00e1cil, o n\u00edvel de contribui\u00e7\u00e3o \u00e9 zero, e n\u00e3o estou brincando. S\u00e3o 1.500 pessoas trabalhando para tornar esse carro mais r\u00e1pido. Ent\u00e3o, essas s\u00e3o as adi\u00e7\u00f5es desses talentos que tornam o carro mais r\u00e1pido&#8221;, disse o chefe da <strong>Red Bull<\/strong>.<\/p>\n\n\n\n<figure class=\"wp-block-image size-large\"><img decoding=\"async\" src=\"https:\/\/www.grandepremio.com\/br\/wp-content\/uploads\/2025\/09\/italia-2025-f1-treinos-livres-red-bull-max-verstappen-afp-03-1200x800.jpg\" alt=\"\" class=\"wp-image-1009240\"\/><figcaption class=\"wp-element-caption\">Max Verstappen sobrou no GP da It\u00e1lia (Foto: AFP) <\/figcaption><\/figure>\n\n\n\n<p class=\"wp-block-paragraph\">&#8220;Ent\u00e3o, a resposta curta, tive zero impacto. Nosso \u00fanico papel \u00e9 garantir que nossos talentos sejam colocados nas condi\u00e7\u00f5es certas para trabalhar da melhor forma. E essa a \u00fanica coisa que estamos fazendo. Nosso \u00fanico papel \u00e9 garantir que os talentos que temos sejam colocados nas condi\u00e7\u00f5es certas para expressar seu talento da melhor forma&#8221;, finalizou o chefe da <strong>Red Bull<\/strong>.<\/p>\n\n\n\n<p class=\"wp-block-paragraph\">A&nbsp;<a href=\"https:\/\/www.grandepremio.com\/br\/f1\/\" target=\"_blank\" rel=\"noreferrer noopener\"><\/a><strong><a href=\"https:\/\/www.grandepremio.com\/br\/f1\/\" target=\"_blank\" rel=\"noreferrer noopener\">F\u00f3rmula 1<\/a><\/strong>&nbsp;retorna de 19 a 21 de setembro com o&nbsp;<strong>GP do Azerbaij\u00e3o<\/strong>, 17\u00aa etapa da temporada 2025.<\/p>\n\n\n\n<p class=\"wp-block-paragraph\">\u25b6\ufe0f&nbsp;<strong>Inscreva-se nos dois canais do GRANDE PR\u00caMIO no YouTube:&nbsp;<a href=\"https:\/\/www.youtube.com\/channel\/UC9OlHEgxoaY6QY6nWPoiqQg?sub_confirmation=1\" target=\"_blank\" rel=\"noreferrer noopener\">GP<\/a>&nbsp;|&nbsp;<a href=\"https:\/\/www.youtube.com\/channel\/UC9csiS6q_C3C0FYhyr1rnFA?sub_confirmation=1\" target=\"_blank\" rel=\"noreferrer noopener\">GP2<\/a><\/strong><br>\u25b6\ufe0f&nbsp;<strong>LEIA TAMB\u00c9M:&nbsp;<a href=\"https:\/\/www.grandepremio.com\/br\/f1\/noticias\/max-verstappen-vence-serenidade-gp-italia-patacoada-mclaren-gabriel-bortoleto-8o\/\">Verstappen vence com serenidade GP da It\u00e1lia de patacoada da McLaren. Bortoleto \u00e9 8\u00ba<\/a><\/strong><\/p>\n\n\n\n<figure class=\"wp-block-embed is-type-video is-provider-youtube wp-block-embed-youtube wp-embed-aspect-16-9 wp-has-aspect-ratio\"><div class=\"wp-block-embed__wrapper\">\n<iframe loading=\"lazy\" title=\"McLAREN APOIA NORRIS CONTRA PIASTRI E INTERFERE NA BRIGA PELO T\u00cdTULO DA F1? | Paddock GP #431\" width=\"500\" height=\"281\" src=\"https:\/\/www.youtube.com\/embed\/dnRTAUW2bsk?feature=oembed\" frameborder=\"0\" allow=\"accelerometer; autoplay; clipboard-write; encrypted-media; gyroscope; picture-in-picture; web-share\" referrerpolicy=\"strict-origin-when-cross-origin\" allowfullscreen><\/iframe>\n<\/div><\/figure>\n","protected":false},"excerpt":{"rendered":"<p>Laurent Mekies citou os in\u00fameros funcion\u00e1rios da Red Bull e disse que a vit\u00f3ria no GP da It\u00e1lia \u00e9 fruto do esfor\u00e7o coletivo<\/p>\n","protected":false},"author":0,"featured_media":1000995355,"comment_status":"closed","ping_status":"closed","sticky":false,"template":"","format":"standard","meta":{"42wp_featured_image_caption":"","42wp_featured_image_credits":"","42wp_featured_video":"","42wp_featured_image_hidden":false,"42wp_authors_list":[],"footnotes":""},"categories":[2],"tags":[33106,36310,24898,1491,28285,10753,203,31957,204,27332,27716],"42wp_author":[47149],"class_list":["post-17604","post","type-post","status-publish","format-standard","has-post-thumbnail","hentry","category-f1","tag-chefe-red-bull","tag-f1-na-italia","tag-gp-da-italia","tag-grande-premio","tag-grandepremio","tag-laurent-mekies","tag-max-verstappen","tag-mekies","tag-red-bull","tag-red-bull-f1","tag-red-bull-formula-1","42wp_author-bernardo-castro"],"_links":{"self":[{"href":"https:\/\/grandepremio.com\/br\/wp-json\/wp\/v2\/posts\/17604","targetHints":{"allow":["GET"]}}],"collection":[{"href":"https:\/\/grandepremio.com\/br\/wp-json\/wp\/v2\/posts"}],"about":[{"href":"https:\/\/grandepremio.com\/br\/wp-json\/wp\/v2\/types\/post"}],"replies":[{"embeddable":true,"href":"https:\/\/grandepremio.com\/br\/wp-json\/wp\/v2\/comments?post=17604"}],"version-history":[{"count":0,"href":"https:\/\/grandepremio.com\/br\/wp-json\/wp\/v2\/posts\/17604\/revisions"}],"wp:featuredmedia":[{"embeddable":true,"href":"https:\/\/grandepremio.com\/br\/wp-json\/wp\/v2\/media\/1000995355"}],"wp:attachment":[{"href":"https:\/\/grandepremio.com\/br\/wp-json\/wp\/v2\/media?parent=17604"}],"wp:term":[{"taxonomy":"category","embeddable":true,"href":"https:\/\/grandepremio.com\/br\/wp-json\/wp\/v2\/categories?post=17604"},{"taxonomy":"post_tag","embeddable":true,"href":"https:\/\/grandepremio.com\/br\/wp-json\/wp\/v2\/tags?post=17604"},{"taxonomy":"42wp_author","embeddable":true,"href":"https:\/\/grandepremio.com\/br\/wp-json\/wp\/v2\/42wp_author?post=17604"}],"curies":[{"name":"wp","href":"https:\/\/api.w.org\/{rel}","templated":true}]}}