{"id":17743,"date":"2025-09-07T10:45:04","date_gmt":"2025-09-07T13:45:04","guid":{"rendered":"https:\/\/grandepremio.com\/br\/noticias\/honda-transfere-somkiat-chantra-wsbk-abre-caminho-diogo-moreira-lcr-2026\/"},"modified":"2025-09-07T11:21:16","modified_gmt":"2025-09-07T14:21:16","slug":"honda-transfere-somkiat-chantra-wsbk-abre-caminho-diogo-moreira-lcr-2026","status":"publish","type":"post","link":"https:\/\/grandepremio.com\/br\/motogp\/honda-transfere-somkiat-chantra-wsbk-abre-caminho-diogo-moreira-lcr-2026\/","title":{"rendered":"Honda transfere Chantra para WSBK e abre caminho para Moreira na LCR em 2026"},"content":{"rendered":"\n<p class=\"wp-block-paragraph\"><strong>Somkiat Chantra<\/strong> ter\u00e1 novos rumos na carreira a partir de 2026 e vai perder a vaga na <strong><a href=\"https:\/\/www.grandepremio.com\/br\/motogp\/\">MotoGP<\/a><\/strong>. De acordo com a vers\u00e3o espanhola do <em>Motorsport<\/em>, o tailand\u00eas da <strong>LCR Honda<\/strong>\u00a0foi realocado pela <strong>HRC<\/strong> e vai defender a equipe oficial da Honda no <strong>Mundial de Superbike (WSBK)<\/strong>.<\/p>\n\n\n\n<p class=\"wp-block-paragraph\">Segundo a publica\u00e7\u00e3o, Chantra formar\u00e1 dupla com o brit\u00e2nico<strong> Jake Dixon<\/strong>, em uma forma\u00e7\u00e3o totalmente renovada. Com a aposentadoria de<strong> Takaaki Nakagami <\/strong>e a sa\u00edda de <strong>Ai Ogura <\/strong>para a Trackhouse, a marca japonesa recorreu ao <strong>#35<\/strong> para manter a cota asi\u00e1tica na LCR, que tem a petrol\u00edfera <strong>Idemitsu<\/strong> como patrocinadora principal.<\/p>\n\n\n\n<p class=\"wp-block-paragraph\">No entanto, a aposta n\u00e3o rendeu. A falta de experi\u00eancia e dificuldade de adapta\u00e7\u00e3o \u2014 al\u00e9m dos problemas f\u00edsicos \u2014  impediram o piloto de corresponder \u00e0s expectativas.<\/p>\n\n\n\n<p class=\"wp-block-paragraph\">Para a Honda, a maior perda n\u00e3o foi financeira, mas t\u00e9cnica. A marca da asa dourada n\u00e3o p\u00f4de contar com dados de corrida do tailand\u00eas, dificultando o desenvolvimento da <strong>RC213V<\/strong> e, consequentemente, o trabalho dos japoneses na MotoGP.<\/p>\n\n\n\n<figure class=\"wp-block-image size-large\"><img decoding=\"async\" src=\"https:\/\/www.grandepremio.com\/br\/wp-content\/uploads\/2025\/09\/2025-MotoGP-rd15_Catalonia_P_0021_L-1200x800.jpg\" alt=\"\" class=\"wp-image-1009569\"\/><figcaption class=\"wp-element-caption\">Somkiat Chantra (Foto: Honda)<\/figcaption><\/figure>\n\n\n\n<p class=\"wp-block-paragraph\"><strong>\u25b6\ufe0f\u00a0Inscreva-se nos dois canais do GRANDE PR\u00caMIO no YouTube:\u00a0<a href=\"https:\/\/www.youtube.com\/channel\/UC9OlHEgxoaY6QY6nWPoiqQg?sub_confirmation=1\" target=\"_blank\" rel=\"noreferrer noopener\">GP<\/a>\u00a0|\u00a0<a href=\"https:\/\/www.youtube.com\/channel\/UC9csiS6q_C3C0FYhyr1rnFA?sub_confirmation=1\" target=\"_blank\" rel=\"noreferrer noopener\">GP2<\/a><\/strong><\/p>\n\n\n\n<p class=\"wp-block-paragraph\">A vaga de Chantra \u00e9 a \u00fanica dispon\u00edvel para 2026 na MotoGP e deve ser preenchida pelo brasileiro <strong>Diogo Moreira<\/strong>, da <strong>Italtrans<\/strong>. Diogo foi procurado por Honda e <strong>Yamaha<\/strong> e j\u00e1 disse publicamente que se sente pronto para subir para a classe rainha do <strong>Mundial de Motovelocidade<\/strong>. O acordo, no entanto, ainda n\u00e3o foi oficializado.<\/p>\n\n\n\n<p class=\"wp-block-paragraph\">A&nbsp;<strong><a href=\"https:\/\/grandepremio.com\/motovelocidade\/\" target=\"_blank\" rel=\"noreferrer noopener\">MotoGP<\/a>&nbsp;<\/strong>acelera entre os dias 12 a 14 de setembro, no&nbsp;<strong>GP de San Marino e da Riviera de Rimini<\/strong>, direto da&nbsp;<strong>It\u00e1lia<\/strong>, 16\u00aa etapa da temporada 2025. O&nbsp;<strong>GRANDE PR\u00caMIO&nbsp;<\/strong>faz a cobertura completa do evento, assim como das outras classes do&nbsp;<strong>Mundial de&nbsp;<a href=\"https:\/\/www.grandepremio.com\/motovelocidade\/\">Motovelocidade<\/a><\/strong><a href=\"https:\/\/www.grandepremio.com\/motovelocidade\/\">&nbsp;<\/a>durante todo o ano.<\/p>\n\n\n\n<p class=\"wp-block-paragraph\"><strong>\u25b6\ufe0f&nbsp;Inscreva-se nos dois canais do GRANDE PR\u00caMIO no YouTube:&nbsp;<a href=\"https:\/\/www.youtube.com\/channel\/UC9OlHEgxoaY6QY6nWPoiqQg?sub_confirmation=1\" target=\"_blank\" rel=\"noreferrer noopener\">GP<\/a>&nbsp;|&nbsp;<a href=\"https:\/\/www.youtube.com\/channel\/UC9csiS6q_C3C0FYhyr1rnFA?sub_confirmation=1\" target=\"_blank\" rel=\"noreferrer noopener\">GP2<\/a><\/strong><\/p>\n\n\n\n<p class=\"wp-block-paragraph\"><\/p>\n","protected":false},"excerpt":{"rendered":"<p>De acordo com vers\u00e3o espanhola do Motorsport, Honda bateu martelo e decidiu deslocar Somkiat Chantra para equipe principal do Mundial de Superbike (WSBK), facilitando confirma\u00e7\u00e3o do brasileiro Diogo Moreira na MotoGP 2026<\/p>\n","protected":false},"author":0,"featured_media":1000945852,"comment_status":"closed","ping_status":"closed","sticky":false,"template":"","format":"standard","meta":{"42wp_featured_image_caption":"","42wp_featured_image_credits":"","42wp_featured_video":"","42wp_featured_image_hidden":false,"42wp_authors_list":[],"footnotes":""},"categories":[8],"tags":[24853,5214,26718,1491,28285,130,5455,1656,3800,137,2825,78,39739,847,950,34187,32243,41828,2174],"42wp_author":[47161],"class_list":["post-17743","post","type-post","status-publish","format-standard","has-post-thumbnail","hentry","category-motogp","tag-calendario-motogp","tag-classificacao-motogp","tag-diogo-moreira","tag-grande-premio","tag-grandepremio","tag-honda","tag-horarios-motogp","tag-hrc","tag-italtrans","tag-lcr","tag-lcr-honda","tag-motogp","tag-motogp-2025","tag-mundial-de-motovelocidade","tag-mundial-de-superbike","tag-onde-assistir-motogp","tag-somkiat-chantra","tag-temporada-2025-da-motogp","tag-wsbk","42wp_author-kaio-esteves"],"_links":{"self":[{"href":"https:\/\/grandepremio.com\/br\/wp-json\/wp\/v2\/posts\/17743","targetHints":{"allow":["GET"]}}],"collection":[{"href":"https:\/\/grandepremio.com\/br\/wp-json\/wp\/v2\/posts"}],"about":[{"href":"https:\/\/grandepremio.com\/br\/wp-json\/wp\/v2\/types\/post"}],"replies":[{"embeddable":true,"href":"https:\/\/grandepremio.com\/br\/wp-json\/wp\/v2\/comments?post=17743"}],"version-history":[{"count":0,"href":"https:\/\/grandepremio.com\/br\/wp-json\/wp\/v2\/posts\/17743\/revisions"}],"wp:featuredmedia":[{"embeddable":true,"href":"https:\/\/grandepremio.com\/br\/wp-json\/wp\/v2\/media\/1000945852"}],"wp:attachment":[{"href":"https:\/\/grandepremio.com\/br\/wp-json\/wp\/v2\/media?parent=17743"}],"wp:term":[{"taxonomy":"category","embeddable":true,"href":"https:\/\/grandepremio.com\/br\/wp-json\/wp\/v2\/categories?post=17743"},{"taxonomy":"post_tag","embeddable":true,"href":"https:\/\/grandepremio.com\/br\/wp-json\/wp\/v2\/tags?post=17743"},{"taxonomy":"42wp_author","embeddable":true,"href":"https:\/\/grandepremio.com\/br\/wp-json\/wp\/v2\/42wp_author?post=17743"}],"curies":[{"name":"wp","href":"https:\/\/api.w.org\/{rel}","templated":true}]}}