{"id":17891,"date":"2025-09-05T08:14:31","date_gmt":"2025-09-05T11:14:31","guid":{"rendered":"https:\/\/grandepremio.com\/br\/noticias\/f1-anuncia-extensao-contrato-garante-gp-de-monaco-ate-temporada-2035\/"},"modified":"2025-09-05T12:06:45","modified_gmt":"2025-09-05T15:06:45","slug":"f1-anuncia-extensao-contrato-garante-gp-de-monaco-ate-temporada-2035","status":"publish","type":"post","link":"https:\/\/grandepremio.com\/br\/f1\/f1-anuncia-extensao-contrato-garante-gp-de-monaco-ate-temporada-2035\/","title":{"rendered":"F1 anuncia extens\u00e3o de contrato e garante GP de M\u00f4naco at\u00e9 temporada 2035"},"content":{"rendered":"\n<p class=\"wp-block-paragraph\">A <strong>F1<\/strong> anunciou nesta <strong>sexta-feira (5)<\/strong> a amplia\u00e7\u00e3o do contrato com o <strong>GP de M\u00f4naco<\/strong> e garantiu a realiza\u00e7\u00e3o da etapa no tradicional circuito nas ruas de <strong>Monte Carlo<\/strong> at\u00e9 a temporada 2035 \u2014 o acordo anterior com o <strong>Autom\u00f3vel Club de M\u00f4naco<\/strong> era v\u00e1lido at\u00e9 2031.<\/p>\n\n\n\n<p class=\"wp-block-paragraph\">M\u00f4naco \u00e9 um dos pa\u00edses que recebem a F1 a mais tempo desde 1950, quando a categoria disputou a temporada inaugural. O Principado n\u00e3o esteve no calend\u00e1rio em apenas em cinco anos \u2014 entre 1951 e 1954, al\u00e9m de 2020, quando a corrida n\u00e3o foi realizada em decorr\u00eancia da pandemia de covid-19. At\u00e9 os dias de hoje, <strong>Ayrton Senna<\/strong> \u00e9 o maior vencedor da corrida, com seis triunfos.<\/p>\n\n\n\n<p class=\"wp-block-paragraph\">A extens\u00e3o do contrato com M\u00f4naco \u00e9 uma vit\u00f3ria para os f\u00e3s mais tradicionais da F1 diante de uma franca expans\u00e3o para novos mercados e pistas que a categoria adotou nos \u00faltimos anos, com o ingressos de palcos como <strong>Miami<\/strong>, <strong>Las Vegas<\/strong>, <strong>Ar\u00e1bia Saudita<\/strong> e <strong>Catar<\/strong>, por exemplo.<\/p>\n\n\n\n<p class=\"wp-block-paragraph\">&#8220;As ruas de M\u00f4naco ecoa o som da F\u00f3rmula 1 desde os primeiros dias da categoria esporte, por isso tenho o prazer de anunciar a extens\u00e3o deste fant\u00e1stico evento at\u00e9 2035&#8221;, disse o CEO da F1, <strong>Stefano Domenicali<\/strong>.<\/p>\n\n\n\n<figure class=\"wp-block-image size-large\"><img decoding=\"async\" src=\"https:\/\/www.grandepremio.com\/br\/wp-content\/uploads\/2025\/05\/monaco-2025-f1-corrida-mclaren-lando-norris-afp-21-1200x793.jpg\" alt=\"\" class=\"wp-image-973172\"\/><figcaption class=\"wp-element-caption\">Lando Norris venceu o GP de M\u00f4naco de F1 em 2025 (Foto: AFP) <\/figcaption><\/figure>\n\n\n\n<p class=\"wp-block-paragraph\">&#8220;\u00c9 uma corrida ic\u00f4nica que \u00e9 amada por todos os pilotos e f\u00e3s, com uma vibra\u00e7\u00e3o \u00fanica gra\u00e7as \u00e0 sua localiza\u00e7\u00e3o no Principado mais glamoroso do mundo&#8221;, continuou o CEO da F1. &#8220;\u201cGostaria de agradecer especialmente a Sua Alteza Seren\u00edssima, o <strong>Pr\u00edncipe Albert II<\/strong> de M\u00f4naco, a <strong>Michel Boeri<\/strong>, presidente do Autom\u00f3vel Clube de M\u00f4naco, e a todos os envolvidos em garantir o futuro de longo prazo desta parceria hist\u00f3rica&#8221;, completou.<\/p>\n\n\n\n<p class=\"wp-block-paragraph\">Apesar da disputa em pista estar diminuta por diversas quest\u00f5es nos \u00faltimos anos, mas principalmente pelo fato do carro da F1 ter aumentado consideravelmente e ocupar um grande espa\u00e7o entre os guard-rails em Monte Carlo, o GP de M\u00f4naco sempre foi apontado como uma prova real \u00e0s habilidades dos pilotos pela dificuldade que o circuito estreito imp\u00f5e.<\/p>\n\n\n\n<p class=\"wp-block-paragraph\">\u201cA renova\u00e7\u00e3o do GP de M\u00f4naco at\u00e9 2035 est\u00e1 em conson\u00e2ncia com uma tradi\u00e7\u00e3o esportiva e hist\u00f3rica \u00e0 qual o Principado permanece profundamente ligado. S\u00f3 posso acolher com satisfa\u00e7\u00e3o este compromisso renovado, que \u00e9 um testemunho do nosso sucesso coletivo, da excel\u00eancia da nossa colabora\u00e7\u00e3o com a F\u00f3rmula 1 e do lugar \u00fanico que M\u00f4naco ocupa no cen\u00e1rio internacional do automobilismo&#8221;, disse o Pr\u00edncipe Albert II.<\/p>\n\n\n\n<p class=\"wp-block-paragraph\">Em busca de mais varia\u00e7\u00f5es na corrida, o GP de M\u00f4naco de F1 deste ano teve uma altera\u00e7\u00e3o regulamentar, obrigando os pilotos a fazerem duas paradas nos boxes obrigat\u00f3rias. A medida causou alguma pol\u00eamica, mas, ao que tudo indica, dever\u00e1 ser reproduzida em 2026.<\/p>\n\n\n\n<figure class=\"wp-block-image size-large\"><img decoding=\"async\" src=\"https:\/\/www.grandepremio.com\/br\/wp-content\/uploads\/2025\/05\/monaco-2025-f1-corrida-red-bull-yuki-tsunoda-01-1200x800.jpg\" alt=\"\" class=\"wp-image-973095\"\/><figcaption class=\"wp-element-caption\">Yuki Tsunoda em M\u00f4naco neste ano (Foto: AFP)<\/figcaption><\/figure>\n\n\n\n<p class=\"wp-block-paragraph\">\u201cGostaria de estender meus mais sinceros agradecimentos a Sua Alteza Seren\u00edssima, o Pr\u00edncipe Albert II de M\u00f4naco, pelo seu apoio inabal\u00e1vel, assim como a Stefano Domenicali, pela confian\u00e7a cont\u00ednua. O Autom\u00f3vel Clube de M\u00f4naco est\u00e1 encantado com esta extens\u00e3o de quatro anos, que reflete o relacionamento forte e duradouro entre a F\u00f3rmula 1 e o Principado de M\u00f4naco&#8221;, falou Michel Boeri, presidente do Autom\u00f3vel Clube de M\u00f4naco.<\/p>\n\n\n\n<p class=\"wp-block-paragraph\">\u201cEste acordo reafirma, mais do que nunca, nosso compromisso de oferecer um fim de semana de corrida excepcional, incompar\u00e1vel e mundialmente renomado aos f\u00e3s apaixonados que viajam de todas as partes do mundo para assistir ao GP de M\u00f4naco, realizado pela primeira vez em 1929. Gostaria tamb\u00e9m de reconhecer o trabalho extraordin\u00e1rio da comunidade da F1 e de todos os volunt\u00e1rios, assim como o das institui\u00e7\u00f5es monegascas, cujo envolvimento \u00e9 essencial para o sucesso deste evento extraordin\u00e1rio&#8221;, finalizou.<\/p>\n\n\n\n<p class=\"wp-block-paragraph\">O&nbsp;<strong>GRANDE PR\u00caMIO<\/strong>&nbsp;acompanha todas as atividades do&nbsp;<strong>GP da It\u00e1lia<\/strong>&nbsp;<strong><a href=\"https:\/\/www.grandepremio.com\/br\/f1\/ao-vivo\" target=\"_blank\" rel=\"noreferrer noopener\">AO VIVO E EM&nbsp;<\/a><a href=\"https:\/\/www.grandepremio.com\/br\/ao-vivo\/\" target=\"_blank\" rel=\"noreferrer noopener\">TEMPO REAL<\/a><\/strong>, al\u00e9m de classifica\u00e7\u00e3o e corrida em&nbsp;<strong><a href=\"https:\/\/www.youtube.com\/@GrandePremio1\/streams\" target=\"_blank\" rel=\"noreferrer noopener\">SEGUNDA TELA no YouTube<\/a><\/strong>, em parceria com a Voz do Esporte. O&nbsp;<strong>Briefing<\/strong>&nbsp;chega para analisar ap\u00f3s o fim de cada dia de atividades nas redes sociais e na GPTV.<\/p>\n\n\n\n<p class=\"wp-block-paragraph\">Al\u00e9m da cobertura tradicional, o<strong>&nbsp;GRANDE PR\u00caMIO<\/strong>&nbsp;estar\u00e1&nbsp;<strong>IN LOCO&nbsp;<\/strong>em<strong>&nbsp;<a href=\"https:\/\/www.grandepremio.com\/br\/circuito\/monza\/\" target=\"_blank\" rel=\"noreferrer noopener\">Monza<\/a>&nbsp;<\/strong>para acompanhar todas as emo\u00e7\u00f5es da etapa com o rep\u00f3rter&nbsp;<strong>Leonid Kliuev<\/strong>.<\/p>\n\n\n\n<p class=\"wp-block-paragraph\"><strong>GP da It\u00e1lia de F1: veja os hor\u00e1rios em Brasil, Cabo Verde,&nbsp;<a href=\"https:\/\/grandepremio.pt\/\" target=\"_blank\" rel=\"noreferrer noopener\">Portugal<\/a>, Angola e Mo\u00e7ambique:<\/strong><\/p>\n\n\n\n<figure class=\"wp-block-table\"><table class=\"has-fixed-layout\"><tbody><tr><td><strong>Sess\u00e3o<\/strong><\/td><td><strong>BRA*<\/strong><\/td><td><strong>CBV<\/strong><\/td><td><strong>POR<\/strong><br><strong>ANG<\/strong><\/td><td><strong>MOZ<\/strong><\/td><\/tr><tr><td>Treino livre 1<\/td><td>08:30<\/td><td>10:30<\/td><td>12:30<\/td><td>13:30<\/td><\/tr><tr><td>Treino livre 2<\/td><td>12:00<\/td><td>14:00<\/td><td>16:00<\/td><td>17:00<\/td><\/tr><tr><td>Treino livre 3<\/td><td>07:30<\/td><td>09:30<\/td><td>11:30<\/td><td>12:30<\/td><\/tr><tr><td>Classifica\u00e7\u00e3o<\/td><td>11:00<\/td><td>13:00<\/td><td>15:00<\/td><td>16:00<\/td><\/tr><tr><td>Corrida<\/td><td>10:00<\/td><td>12:00<\/td><td>14:00<\/td><td>15:00<\/td><\/tr><\/tbody><\/table><\/figure>\n\n\n\n<p class=\"wp-block-paragraph\"><em>*Hor\u00e1rio de Bras\u00edlia<\/em><\/p>\n\n\n\n<p class=\"wp-block-paragraph\"><strong>\u25b6\ufe0f<\/strong>&nbsp;<strong>Inscreva-se nos dois canais do GRANDE PR\u00caMIO no YouTube:&nbsp;<a href=\"https:\/\/www.youtube.com\/channel\/UC9OlHEgxoaY6QY6nWPoiqQg?sub_confirmation=1\" target=\"_blank\" rel=\"noreferrer noopener\">GP<\/a>&nbsp;|&nbsp;<a href=\"https:\/\/www.youtube.com\/channel\/UC9csiS6q_C3C0FYhyr1rnFA?sub_confirmation=1\" target=\"_blank\" rel=\"noreferrer noopener\">GP2<\/a><\/strong><br>\u25b6\ufe0f&nbsp;<strong>AN\u00c1LISE:&nbsp;<a href=\"https:\/\/www.grandepremio.com\/br\/f1\/noticias\/lando-norris-chega-italia-busca-sequencia-inedita-carreira-bater-oscar-piastri-2025\/\">Norris chega \u00e0 It\u00e1lia em busca de sequ\u00eancia in\u00e9dita na carreira para bater Piastri em 2025<\/a><\/strong><\/p>\n\n\n\n<figure class=\"wp-block-embed is-type-video is-provider-youtube wp-block-embed-youtube wp-embed-aspect-16-9 wp-has-aspect-ratio\"><div class=\"wp-block-embed__wrapper\">\n<iframe loading=\"lazy\" title=\"BORTOLETO CHAMA VERSTAPPEN PRA AUDI: BOA DUPLA? E S\u00d3 FALTA MOREIRA NA MOTOGP | WGP\" width=\"500\" height=\"281\" src=\"https:\/\/www.youtube.com\/embed\/fISE11ytJbs?feature=oembed\" frameborder=\"0\" allow=\"accelerometer; autoplay; clipboard-write; encrypted-media; gyroscope; picture-in-picture; web-share\" referrerpolicy=\"strict-origin-when-cross-origin\" allowfullscreen><\/iframe>\n<\/div><\/figure>\n","protected":false},"excerpt":{"rendered":"<p>Parte do calend\u00e1rio da F1 desde 1950 \u2014 salvo raras exce\u00e7\u00f5es \u2014, GP de M\u00f4naco amplia acordo e segue na categoria at\u00e9 2035<\/p>\n","protected":false},"author":0,"featured_media":1000973186,"comment_status":"closed","ping_status":"closed","sticky":false,"template":"","format":"standard","meta":{"42wp_featured_image_caption":"","42wp_featured_image_credits":"","42wp_featured_video":"","42wp_featured_image_hidden":false,"42wp_authors_list":[],"footnotes":""},"categories":[2],"tags":[20491,27861,309,26271,546,209,5273,302,147,3630,176,207,180,3628,25440,350,800,24898,40688,5100,1491,28285,119,30840,28104,17313,42338,28045,485,547,87,595,203,90,82,764,1737,42337,32394,1521,29923,35129,2916,676,38179,204,24999,1197,907,42001,215,597],"42wp_author":[47155],"class_list":["post-17891","post","type-post","status-publish","format-standard","has-post-thumbnail","hentry","category-f1","tag-alpine","tag-andrea-kimi-antonelli","tag-aston-martin","tag-calendario-f1","tag-carlos-sainz","tag-charles-leclerc","tag-classificacao-f1","tag-esteban-ocon","tag-f1","tag-f1-2025","tag-fernando-alonso","tag-ferrari","tag-formula-1","tag-formula-1-2025","tag-franco-colapinto","tag-gabriel-bortoleto","tag-george-russell","tag-gp-da-italia","tag-gp-da-italia-f1","tag-gp-de-monaco","tag-grande-premio","tag-grandepremio","tag-haas","tag-horarios-f1","tag-isack-hadjar","tag-italia","tag-italia-2025","tag-italia-f1","tag-lance-stroll","tag-lando-norris","tag-lewis-hamilton","tag-liam-lawson","tag-max-verstappen","tag-mclaren","tag-mercedes","tag-monte-carlo","tag-monza","tag-monza-2025","tag-monza-f1","tag-nico-hulkenberg","tag-oliver-bearman","tag-onde-assistir-f1","tag-oscar-piastri","tag-pierre-gasly","tag-racing-bulls","tag-red-bull","tag-renovacao","tag-sauber","tag-stefano-domenicali","tag-temporada-2025-f1","tag-williams","tag-yuki-tsunoda","42wp_author-daniel-balsa"],"_links":{"self":[{"href":"https:\/\/grandepremio.com\/br\/wp-json\/wp\/v2\/posts\/17891","targetHints":{"allow":["GET"]}}],"collection":[{"href":"https:\/\/grandepremio.com\/br\/wp-json\/wp\/v2\/posts"}],"about":[{"href":"https:\/\/grandepremio.com\/br\/wp-json\/wp\/v2\/types\/post"}],"replies":[{"embeddable":true,"href":"https:\/\/grandepremio.com\/br\/wp-json\/wp\/v2\/comments?post=17891"}],"version-history":[{"count":0,"href":"https:\/\/grandepremio.com\/br\/wp-json\/wp\/v2\/posts\/17891\/revisions"}],"wp:featuredmedia":[{"embeddable":true,"href":"https:\/\/grandepremio.com\/br\/wp-json\/wp\/v2\/media\/1000973186"}],"wp:attachment":[{"href":"https:\/\/grandepremio.com\/br\/wp-json\/wp\/v2\/media?parent=17891"}],"wp:term":[{"taxonomy":"category","embeddable":true,"href":"https:\/\/grandepremio.com\/br\/wp-json\/wp\/v2\/categories?post=17891"},{"taxonomy":"post_tag","embeddable":true,"href":"https:\/\/grandepremio.com\/br\/wp-json\/wp\/v2\/tags?post=17891"},{"taxonomy":"42wp_author","embeddable":true,"href":"https:\/\/grandepremio.com\/br\/wp-json\/wp\/v2\/42wp_author?post=17891"}],"curies":[{"name":"wp","href":"https:\/\/api.w.org\/{rel}","templated":true}]}}