{"id":18252,"date":"2025-08-28T10:29:39","date_gmt":"2025-08-28T13:29:39","guid":{"rendered":"https:\/\/grandepremio.com\/br\/noticias\/pedro-clerot-anuncia-ida-f3-realizacao-sonho-lado-f1-ainda-sem-time\/"},"modified":"2025-08-28T11:26:17","modified_gmt":"2025-08-28T14:26:17","slug":"pedro-clerot-anuncia-ida-f3-realizacao-sonho-lado-f1-ainda-sem-time","status":"publish","type":"post","link":"https:\/\/grandepremio.com\/br\/f3\/pedro-clerot-anuncia-ida-f3-realizacao-sonho-lado-f1-ainda-sem-time\/","title":{"rendered":"Clerot anuncia ida para F3 e &#8220;realiza\u00e7\u00e3o de sonho&#8221; ao lado da F1. Mas ainda sem time"},"content":{"rendered":"\n<p class=\"wp-block-paragraph\"><strong>Pedro Clerot<\/strong> anunciou nesta quinta-feira (28) que <strong>vai disputar a temporada 2026 da F\u00f3rmula 3<\/strong>. O piloto brasiliense, campe\u00e3o da primeira edi\u00e7\u00e3o da <strong>F4 Brasil<\/strong> em 2022 e atualmente quarto colocado na <strong>FRECA<\/strong>, <strong>j\u00e1 assinou contrato para o pr\u00f3ximo ano<\/strong>, mas <strong>ainda n\u00e3o revelou com qual equipe estar\u00e1 no grid<\/strong>.<\/p>\n\n\n\n<p class=\"wp-block-paragraph\">Aos 18 anos, Clerot chega \u00e0 F3 ap\u00f3s disputar duas temporadas da FRECA. Na primeira, em 2024, terminou o campeonato na oitava posi\u00e7\u00e3o. Neste ano, <strong>ainda sonha com a conquista do t\u00edtulo<\/strong>: tem <strong>128 pontos<\/strong>, 58 a menos que o l\u00edder <strong>Freddie Slater<\/strong>, com quatro rodadas duplas pela frente.<\/p>\n\n\n\n<p class=\"wp-block-paragraph\">\u201c<strong>Ano que vem estarei correndo na F\u00f3rmula 3<\/strong>. Ainda n\u00e3o posso anunciar a equipe, mas estarei no grid disputando as dez etapas da temporada, <strong>tendo a grande oportunidade de correr nas pistas e nos mesmos finais de semana da F\u00f3rmula 1<\/strong>\u201d, disse Clerot.<\/p>\n\n\n\n<p class=\"wp-block-paragraph\">\u201c<strong>\u00c9 a realiza\u00e7\u00e3o de um grande sonho para mim<\/strong>. Tenho certeza que ser\u00e1 um ano bacana e estou bem confiante para come\u00e7ar esse trabalho\u201d, acrescentou.<\/p>\n\n\n\n<figure class=\"wp-block-image size-large\"><img decoding=\"async\" src=\"https:\/\/www.grandepremio.com\/br\/wp-content\/uploads\/2025\/06\/452811_1156216_zan_fr_r3_nb_0067-1200x800.jpg\" alt=\"\" class=\"wp-image-978772\"\/><figcaption class=\"wp-element-caption\">Pedro Clerot venceu corrida 2 da FRECA em Zandvoort (Foto: Dutch Photo Agency\/RF1)<\/figcaption><\/figure>\n\n\n\n<p class=\"wp-block-paragraph\">Antes de migrar para o automobilismo europeu, tornou-se <strong>o mais jovem piloto a vencer uma corrida de monopostos no Brasil<\/strong>, pela F-Delta, em 2021, com 14 anos. No ano seguinte, garantiu o t\u00edtulo da F4 Brasil com sete vit\u00f3rias, 11 p\u00f3dios e quatro poles.<\/p>\n\n\n\n<p class=\"wp-block-paragraph\">Na Europa, correu na F4 Espanhola em 2023 e encerrou a temporada no sexto lugar, com duas vit\u00f3rias e tr\u00eas p\u00f3dios antes de chegar \u00e0 FRECA. Clerot compete atualmente pela Van Amersfoort Racing, onde soma <strong>tr\u00eas p\u00f3dios<\/strong>, <strong>duas poles<\/strong> e <strong><a href=\"https:\/\/www.grandepremio.com\/br\/freca\/noticias\/pedro-clerot-sai-da-pole-domina-ponta-a-ponta-vence-corrida-2-freca-zandvoort\/\">venceu em Zandvoort<\/a><\/strong>.<\/p>\n\n\n\n<p class=\"wp-block-paragraph\">Em 2026, tentar\u00e1 repetir o feito de <strong>Gabriel Bortoleto<\/strong> e <strong>Rafael C\u00e2mara<\/strong>, que conquistaram a F3 nas temporadas de estreia. Caso iguale os compatriotas, ser\u00e1 o terceiro t\u00edtulo brasileiro na categoria em quatro anos.<\/p>\n\n\n\n<p class=\"wp-block-paragraph\">A\u00a0<strong>F\u00f3rmula 3<\/strong>\u00a0est\u00e1 em pausa e retorna entre os dias 5 a 7 de setembro, em\u00a0<a href=\"https:\/\/www.grandepremio.com\/br\/circuito\/monza\/\" target=\"_blank\" rel=\"noreferrer noopener\"><strong>Monza<\/strong><\/a>, palco da rodada da\u00a0<strong>It\u00e1lia<\/strong>, encerramento da temporada 2025.<\/p>\n\n\n\n<p class=\"wp-block-paragraph\">\u25b6\ufe0f\u00a0<strong>Inscreva-se nos dois canais do GRANDE PR\u00caMIO no YouTube:\u00a0<a href=\"https:\/\/www.youtube.com\/channel\/UC9OlHEgxoaY6QY6nWPoiqQg?sub_confirmation=1\" target=\"_blank\" rel=\"noreferrer noopener\">GP<\/a>\u00a0|\u00a0<a href=\"https:\/\/www.youtube.com\/channel\/UC9csiS6q_C3C0FYhyr1rnFA?sub_confirmation=1\" target=\"_blank\" rel=\"noreferrer noopener\">GP2<\/a><\/strong><\/p>\n\n\n\n<figure class=\"wp-block-embed is-type-video is-provider-youtube wp-block-embed-youtube wp-embed-aspect-16-9 wp-has-aspect-ratio\"><div class=\"wp-block-embed__wrapper\">\n<iframe loading=\"lazy\" title=\"C\u00c2MARA BRILHA, MAS DEVE FUGIR DE COMPARA\u00c7\u00d5ES COM BORTOLETO\" width=\"500\" height=\"281\" src=\"https:\/\/www.youtube.com\/embed\/Of5YgZ3i-kU?feature=oembed\" frameborder=\"0\" allow=\"accelerometer; autoplay; clipboard-write; encrypted-media; gyroscope; picture-in-picture; web-share\" referrerpolicy=\"strict-origin-when-cross-origin\" allowfullscreen><\/iframe>\n<\/div><\/figure>\n","protected":false},"excerpt":{"rendered":"<p>Pedro Clerot anunciou que disputar\u00e1 a F\u00f3rmula 3 em 2026, mas manteve a equipe em sigilo. Nesta temporada, ocupa a quarta posi\u00e7\u00e3o na FRECA e ainda sonha com o t\u00edtulo<\/p>\n","protected":false},"author":0,"featured_media":1000978529,"comment_status":"closed","ping_status":"closed","sticky":false,"template":"","format":"standard","meta":{"42wp_featured_image_caption":"","42wp_featured_image_credits":"","42wp_featured_video":"","42wp_featured_image_hidden":false,"42wp_authors_list":[],"footnotes":""},"categories":[10],"tags":[29655,31948,1008,40508,8057,40507,28105,350,1491,28285,35181,35651,31546,27860,40740,7488],"42wp_author":[47164],"class_list":["post-18252","post","type-post","status-publish","format-standard","has-post-thumbnail","hentry","category-f3","tag-calendario-f3","tag-classificacao-f3","tag-f3","tag-f3-2025","tag-formula-3","tag-formula-3-2025","tag-freca","tag-gabriel-bortoleto","tag-grande-premio","tag-grandepremio","tag-horarios-f3","tag-onde-assistir-f3","tag-pedro-clerot","tag-rafael-camara","tag-temporada-2025-f3","tag-van-amersfoort-racing","42wp_author-marcos-gil-ribeiro"],"_links":{"self":[{"href":"https:\/\/grandepremio.com\/br\/wp-json\/wp\/v2\/posts\/18252","targetHints":{"allow":["GET"]}}],"collection":[{"href":"https:\/\/grandepremio.com\/br\/wp-json\/wp\/v2\/posts"}],"about":[{"href":"https:\/\/grandepremio.com\/br\/wp-json\/wp\/v2\/types\/post"}],"replies":[{"embeddable":true,"href":"https:\/\/grandepremio.com\/br\/wp-json\/wp\/v2\/comments?post=18252"}],"version-history":[{"count":0,"href":"https:\/\/grandepremio.com\/br\/wp-json\/wp\/v2\/posts\/18252\/revisions"}],"wp:featuredmedia":[{"embeddable":true,"href":"https:\/\/grandepremio.com\/br\/wp-json\/wp\/v2\/media\/1000978529"}],"wp:attachment":[{"href":"https:\/\/grandepremio.com\/br\/wp-json\/wp\/v2\/media?parent=18252"}],"wp:term":[{"taxonomy":"category","embeddable":true,"href":"https:\/\/grandepremio.com\/br\/wp-json\/wp\/v2\/categories?post=18252"},{"taxonomy":"post_tag","embeddable":true,"href":"https:\/\/grandepremio.com\/br\/wp-json\/wp\/v2\/tags?post=18252"},{"taxonomy":"42wp_author","embeddable":true,"href":"https:\/\/grandepremio.com\/br\/wp-json\/wp\/v2\/42wp_author?post=18252"}],"curies":[{"name":"wp","href":"https:\/\/api.w.org\/{rel}","templated":true}]}}