{"id":18306,"date":"2025-08-26T14:46:25","date_gmt":"2025-08-26T17:46:25","guid":{"rendered":"https:\/\/grandepremio.com\/br\/noticias\/onde-assistir-ao-vivo-gp-nashville-indy-2025\/"},"modified":"2025-08-26T15:54:11","modified_gmt":"2025-08-26T18:54:11","slug":"onde-assistir-ao-vivo-gp-nashville-indy-2025","status":"publish","type":"post","link":"https:\/\/grandepremio.com\/br\/indy\/onde-assistir-ao-vivo-gp-nashville-indy-2025\/","title":{"rendered":"Onde assistir ao vivo ao GP de Nashville da Indy 2025"},"content":{"rendered":"\n<p class=\"wp-block-paragraph\">A\u00a0<a href=\"https:\/\/www.grandepremio.com\/formula-indy\/\" target=\"_blank\" rel=\"noreferrer noopener\">Indy<\/a>\u00a0realiza, neste fim de semana, a 17\u00aa e \u00faltima etapa da temporada 2025. Trata-se do <strong>GP de Nashville<\/strong>, que acontece no circuito oval localizado em Lebanon, no Tennessee.<\/p>\n\n\n\n<p class=\"wp-block-paragraph\">O f\u00e3 de\u00a0<a href=\"https:\/\/www.grandepremio.com\/formula-indy\/\" target=\"_blank\" rel=\"noreferrer noopener\">Indy<\/a>\u00a0pode acompanhar a a\u00e7\u00e3o em pista:<\/p>\n\n\n\n<p class=\"wp-block-paragraph\">As atividades tem in\u00edcio no s\u00e1bado, com o treino livre 1, marcado para \u00e0s 11h30 (de Bras\u00edlia, GMT-3), com transmiss\u00e3o para o Brasil pelo Disney+, no streaming. A a\u00e7\u00e3o segue com a classifica\u00e7\u00e3o, programada para come\u00e7ar \u00e0s 15h00, com transmiss\u00e3o tamb\u00e9m pela ESPN, em TV fechada. Um \u00faltimo treino livre acontece a partir de 17h30.<\/p>\n\n\n\n<p class=\"wp-block-paragraph\">\u25b6\ufe0f\u00a0<strong>Inscreva-se nos dois canais do GRANDE PR\u00caMIO no YouTube:\u00a0<a href=\"https:\/\/www.youtube.com\/channel\/UC9OlHEgxoaY6QY6nWPoiqQg?sub_confirmation=1\" target=\"_blank\" rel=\"noreferrer noopener\">GP<\/a>\u00a0|\u00a0<a href=\"https:\/\/www.youtube.com\/channel\/UC9csiS6q_C3C0FYhyr1rnFA?sub_confirmation=1\" target=\"_blank\" rel=\"noreferrer noopener\">GP2<\/a><\/strong><br><strong><a href=\"https:\/\/www.grandepremio.com\/br\/indy\/noticias\/christian-rasmussen-resgata-imprevisibilidade-indy-arrancada-nascar-milwaukee\">LEIA MAIS: Rasmussen resgata imprevisibilidade da Indy com arrancada \u00e0 Nascar em Milwaukee<\/a><\/strong><\/p>\n\n\n\n<figure class=\"wp-block-image size-large\"><img decoding=\"async\" src=\"https:\/\/www.grandepremio.com\/br\/wp-content\/uploads\/2025\/01\/David-Malukas-Big-Machine-Music-City-Grand-Prix-By_-Chris-Jones_Large-Image-Without-Watermark_m118397-1200x800.jpg\" alt=\"\" class=\"wp-image-915953\"\/><figcaption class=\"wp-element-caption\">Meyer Shank realiza pit-stop de David Malukas no GP de Nashville (Foto: IndyCar)<\/figcaption><\/figure>\n\n\n\n<p class=\"wp-block-paragraph\">No domingo, a largada da corrida est\u00e1 marcada para \u00e0s 15h00 (de Bras\u00edlia, GMT-3), tamb\u00e9m com a transmiss\u00e3o da Cultura para TV aberta.<\/p>\n\n\n\n<p class=\"wp-block-paragraph\">O oval de Nashville retornou ao calend\u00e1rio da Indy em 2024 ap\u00f3s aus\u00eancia de 16 anos. O circuito tem 2,1 km de extens\u00e3o distribu\u00eddos em 4 curvas.<\/p>\n\n\n\n<p class=\"wp-block-paragraph\">O\u00a0<strong>GRANDE PR\u00caMIO<\/strong>\u00a0faz a cobertura completa dos treinos, da classifica\u00e7\u00e3o e da corrida no GP de Nashville da\u00a0<a href=\"https:\/\/www.grandepremio.com\/formula-indy\/\" target=\"_blank\" rel=\"noreferrer noopener\">Indy<\/a>.<\/p>\n\n\n\n<figure class=\"wp-block-table\"><table class=\"has-fixed-layout\"><tbody><tr><td>Sess\u00e3o<\/td><td>BRA*<\/td><td>CBV<\/td><td>POR | ANG<\/td><td>MOZ<\/td><\/tr><tr><td>Treino Livre 1 (30\/08)<\/td><td>11:30<\/td><td>13:30<\/td><td>15:30<\/td><td>14:30<\/td><\/tr><tr><td>Classifica\u00e7\u00e3o (30\/08)<\/td><td>15:00<\/td><td>17:00<\/td><td>19:00<\/td><td>18:00<\/td><\/tr><tr><td>Treino Livre 2 (30\/08)<\/td><td>17:30<\/td><td>19:30<\/td><td>21:30<\/td><td>20:30<\/td><\/tr><tr><td>Corrida (31\/08)<\/td><td>15:00<\/td><td>17:00<\/td><td>19:00<\/td><td>18:00<\/td><\/tr><\/tbody><\/table><\/figure>\n\n\n\n<p class=\"wp-block-paragraph\"><em>* Hor\u00e1rio de Bras\u00edlia [GMT -3]<\/em><\/p>\n","protected":false},"excerpt":{"rendered":"<p>A Indy realiza a 17\u00aa e \u00faltima etapa da temporada de 2025 neste fim de semana em Nashville. Confira os hor\u00e1rios e onde acompanhar todas as atividades pela TV<\/p>\n","protected":false},"author":0,"featured_media":1001005520,"comment_status":"closed","ping_status":"closed","sticky":false,"template":"","format":"standard","meta":{"42wp_featured_image_caption":"","42wp_featured_image_credits":"","42wp_featured_video":"","42wp_featured_image_hidden":false,"42wp_authors_list":[],"footnotes":""},"categories":[3],"tags":[28552,6133,6513,26235,1491,28285,35361,93,39054,29784,41036],"42wp_author":[47119],"class_list":["post-18306","post","type-post","status-publish","format-standard","has-post-thumbnail","hentry","category-indy","tag-calendario-indy","tag-classificacao-indy","tag-espn","tag-gp-de-nashville","tag-grande-premio","tag-grandepremio","tag-horarios-indy","tag-indy","tag-indy-2025","tag-onde-assistir-indy","tag-temporada-2025-da-indy","42wp_author-gabriel-carvalho"],"_links":{"self":[{"href":"https:\/\/grandepremio.com\/br\/wp-json\/wp\/v2\/posts\/18306","targetHints":{"allow":["GET"]}}],"collection":[{"href":"https:\/\/grandepremio.com\/br\/wp-json\/wp\/v2\/posts"}],"about":[{"href":"https:\/\/grandepremio.com\/br\/wp-json\/wp\/v2\/types\/post"}],"replies":[{"embeddable":true,"href":"https:\/\/grandepremio.com\/br\/wp-json\/wp\/v2\/comments?post=18306"}],"version-history":[{"count":0,"href":"https:\/\/grandepremio.com\/br\/wp-json\/wp\/v2\/posts\/18306\/revisions"}],"wp:featuredmedia":[{"embeddable":true,"href":"https:\/\/grandepremio.com\/br\/wp-json\/wp\/v2\/media\/1001005520"}],"wp:attachment":[{"href":"https:\/\/grandepremio.com\/br\/wp-json\/wp\/v2\/media?parent=18306"}],"wp:term":[{"taxonomy":"category","embeddable":true,"href":"https:\/\/grandepremio.com\/br\/wp-json\/wp\/v2\/categories?post=18306"},{"taxonomy":"post_tag","embeddable":true,"href":"https:\/\/grandepremio.com\/br\/wp-json\/wp\/v2\/tags?post=18306"},{"taxonomy":"42wp_author","embeddable":true,"href":"https:\/\/grandepremio.com\/br\/wp-json\/wp\/v2\/42wp_author?post=18306"}],"curies":[{"name":"wp","href":"https:\/\/api.w.org\/{rel}","templated":true}]}}