{"id":18336,"date":"2025-08-25T15:54:00","date_gmt":"2025-08-25T18:54:00","guid":{"rendered":"https:\/\/grandepremio.com\/br\/noticias\/pierre-gasly-cita-compromisso-alpine-sucesso-credita-flavio-briatore-nem-ceu-e-limite\/"},"modified":"2025-08-25T16:16:49","modified_gmt":"2025-08-25T19:16:49","slug":"pierre-gasly-cita-compromisso-alpine-sucesso-credita-flavio-briatore-nem-ceu-e-limite","status":"publish","type":"post","link":"https:\/\/grandepremio.com\/br\/f1\/pierre-gasly-cita-compromisso-alpine-sucesso-credita-flavio-briatore-nem-ceu-e-limite\/","title":{"rendered":"Gasly cita compromisso da Alpine com sucesso e credita a Briatore: &#8220;Nem o c\u00e9u \u00e9 o limite&#8221;"},"content":{"rendered":"\n<p class=\"wp-block-paragraph\">A <strong>Alpine <\/strong>n\u00e3o vive a temporada mais tranquila na <strong>F\u00f3rmula 1<\/strong> e amarga a \u00faltima posi\u00e7\u00e3o do <strong>Mundial de Construtores<\/strong> depois de 14 etapas em 2025. Ainda assim, <strong>Pierre Gasly<\/strong> segue confiante no crescimento da esquadra, em especial devido \u00e0 presen\u00e7a do lend\u00e1rio e experiente <strong>Flavio Briatore<\/strong> nos bastidores.&nbsp;<\/p>\n\n\n\n<p class=\"wp-block-paragraph\">Desde 2024 na equipe como conselheiro executivo, Briatore voltou \u00e0 equipe de <strong>Enstone <\/strong>e \u00e0 <strong>F1 <\/strong>depois de ser banido da categoria em 2009 por conta do esc\u00e2ndalo do \u2018<strong>Singapuragate<\/strong>\u2019, ocorrido no ano anterior. O italiano recorreu \u00e0 justi\u00e7a, e o tribunal franc\u00eas reformou a decis\u00e3o da <strong>FIA <\/strong>em 2010, mas o ex-chefe de <strong>Benetton <\/strong>e <strong>Renault <\/strong>n\u00e3o tinha assumido nenhum cargo oficial na F1 desde ent\u00e3o, at\u00e9 o retorno via Alpine.<\/p>\n\n\n\n<p class=\"wp-block-paragraph\">Agora, o grande objetivo de Briatore \u00e9 o mesmo de Gasly: levar a Alpine ao topo da F1. Em entrevista exclusiva ao portal <em>RacingNews365<\/em>, o piloto franc\u00eas comentou a rela\u00e7\u00e3o que tem com o l\u00edder do time e falou sobre o que espera da equipe na F\u00f3rmula 1.&nbsp;<\/p>\n\n\n\n<p class=\"wp-block-paragraph\">\u201cDevo dizer que a m\u00eddia provavelmente o conhece melhor e tem mais hist\u00f3rias do que eu, porque s\u00f3 realmente passei a conhec\u00ea-lo desde que chegou no ano passado. \u00c9 preciso tempo para se abrir e entender a personalidade um do outro, e no come\u00e7o era tudo focado na pista\u201d, descreveu Gasly.<\/p>\n\n\n\n<figure class=\"wp-block-image size-full\"><img decoding=\"async\" src=\"https:\/\/www.grandepremio.com\/br\/wp-content\/uploads\/2025\/07\/AFP__20250629__647Z3LR__v1__MidRes__AutoPrixF1Aut.jpg\" alt=\"\" class=\"wp-image-987375\"\/><figcaption class=\"wp-element-caption\">Pierre Gasly exaltou trabalho de Flavio Briatore na Alpine (Foto: AFP)<\/figcaption><\/figure>\n\n\n\n<p class=\"wp-block-paragraph\">\u201cQuanto mais trabalhamos juntos, mais criamos um v\u00ednculo forte e agora come\u00e7amos a conhecer um pouco mais sobre cada pessoa e como agimos. Ele me convidou para o barco dele, passei um tempo com ele, e \u00e9 bom ver qual \u00e9 a vis\u00e3o dele, o que ele quer da equipe. Ele foi um empres\u00e1rio de muito sucesso e tem bastante experi\u00eancia na F1, mas tamb\u00e9m fora dela. Ele \u00e9 um verdadeiro l\u00edder\u201d, exaltou.&nbsp;<\/p>\n\n\n\n<p class=\"wp-block-paragraph\">Gasly tamb\u00e9m refor\u00e7ou que tem como principal objetivo na carreira ser um vencedor na F1, e, para assegurar isso, Briatore \u201cn\u00e3o tem limites\u201d, como descreveu.&nbsp;<\/p>\n\n\n\n<p class=\"wp-block-paragraph\">\u201c\u00c9 isso que quero no fim do dia: vencer, e \u00e9 isso que quero para minha carreira. Quero terminar minha trajet\u00f3ria sabendo que n\u00e3o quero apenas competir na F1, quero ganhar na F1, e construir uma equipe que possa me dar um carro para disputar e lutar por vit\u00f3rias\u201d, explicou Gasly.&nbsp;<\/p>\n\n\n\n<p class=\"wp-block-paragraph\">\u201cAlgumas equipes, obviamente, querem isso, mas a realidade \u00e9 que sempre acabam se contentando com o meio do pelot\u00e3o. Flavio n\u00e3o tem limites \u2014 para ele, nem mesmo o c\u00e9u \u00e9 o limite\u201d, acrescentou.&nbsp;<\/p>\n\n\n\n<figure class=\"wp-block-image size-large\"><img decoding=\"async\" src=\"https:\/\/www.grandepremio.com\/br\/wp-content\/uploads\/2025\/08\/hungria-2025-f1-corrida-alpine-pierre-gasly-afp-01-1200x800.jpg\" alt=\"\" class=\"wp-image-999882\"\/><figcaption class=\"wp-element-caption\">Apenas Pierre Gasly pontuou pela Alpine em 2025 (Foto: AFP)<\/figcaption><\/figure>\n\n\n\n<p class=\"wp-block-paragraph\">\u201cEle est\u00e1 realmente comprometido com a F\u00f3rmula 1 e com a equipe, para colocar <strong>Enstone <\/strong>de volta ao topo como fez alguns anos atr\u00e1s. Obviamente, as coisas evolu\u00edram, mas ele est\u00e1 bem ciente disso, quer fazer acontecer e est\u00e1 trabalhando para isso\u201d, concluiu.\u00a0<\/p>\n\n\n\n<p class=\"wp-block-paragraph\">Em 2025, Gasly tem todos os 20 pontos somados pela Alpine na temporada e est\u00e1 na 14\u00aa posi\u00e7\u00e3o do <strong>Mundial de Pilotos<\/strong>.<\/p>\n\n\n\n<p class=\"wp-block-paragraph\">A&nbsp;<strong><a href=\"https:\/\/www.grandepremio.com\/br\/f1\/\" target=\"_blank\" rel=\"noreferrer noopener\"><\/a>F1<\/strong>&nbsp;retorna neste fim de semana, de 29 a 31 de agosto,<strong>&nbsp;em&nbsp;<a href=\"https:\/\/www.grandepremio.com\/br\/circuito\/zandvoort\/\" target=\"_blank\" rel=\"noreferrer noopener\">Zandvoort<\/a>&nbsp;<\/strong>, palco do&nbsp;<strong>GP dos Pa\u00edses Baixos<\/strong>, 15\u00aa etapa da temporada 2025. O&nbsp;<strong>GRANDE PR\u00caMIO<\/strong>&nbsp;acompanha todas as atividades&nbsp;<strong><a href=\"https:\/\/www.grandepremio.com\/br\/f1\/ao-vivo\" target=\"_blank\" rel=\"noreferrer noopener\">AO VIVO E EM&nbsp;<\/a><a href=\"https:\/\/www.grandepremio.com\/br\/ao-vivo\/\" target=\"_blank\" rel=\"noreferrer noopener\">TEMPO REAL<\/a><\/strong>, al\u00e9m de classifica\u00e7\u00e3o e corrida em&nbsp;<strong><a href=\"https:\/\/www.youtube.com\/@GrandePremio1\/streams\" target=\"_blank\" rel=\"noreferrer noopener\">SEGUNDA TELA no YouTube<\/a><\/strong>, em parceria com a Voz do Esporte. O&nbsp;<strong>Briefing<\/strong>&nbsp;chega para analisar ap\u00f3s o fim de cada dia de atividades nas redes sociais e na GPTV.<\/p>\n\n\n\n<p class=\"wp-block-paragraph\">Al\u00e9m da cobertura tradicional, o<strong>&nbsp;GRANDE PR\u00caMIO<\/strong>&nbsp;estar\u00e1&nbsp;<strong>IN LOCO&nbsp;<\/strong>em<strong>&nbsp;<a href=\"https:\/\/www.grandepremio.com\/br\/circuito\/zandvoort\/\" target=\"_blank\" rel=\"noreferrer noopener\">Zandvoort<\/a>&nbsp;<\/strong>para acompanhar todas as emo\u00e7\u00f5es da etapa com o rep\u00f3rter&nbsp;<strong>Leonid Kliuev<\/strong>.<\/p>\n\n\n\n<p class=\"wp-block-paragraph\"><strong>GP dos Pa\u00edses Baixos de F1: veja os hor\u00e1rios em Brasil, Cabo Verde,&nbsp;<a href=\"https:\/\/grandepremio.pt\/\" target=\"_blank\" rel=\"noreferrer noopener\">Portugal<\/a>, Angola e Mo\u00e7ambique:<\/strong><\/p>\n\n\n\n<figure class=\"wp-block-table\"><table class=\"has-fixed-layout\"><tbody><tr><td><strong>Sess\u00e3o<\/strong><\/td><td><strong>BRA*<\/strong><\/td><td><strong>CBV<\/strong><\/td><td><strong>POR<\/strong><br><strong>ANG<\/strong><\/td><td><strong>MOZ<\/strong><\/td><\/tr><tr><td>Treino livre 1<\/td><td>07:30<\/td><td>09:30<\/td><td>11:30<\/td><td>12:30<\/td><\/tr><tr><td>Treino livre 2<\/td><td>11:00<\/td><td>13:00<\/td><td>15:00<\/td><td>16:00<\/td><\/tr><tr><td>Treino livre 3<\/td><td>06:30<\/td><td>08:30<\/td><td>10:30<\/td><td>11:30<\/td><\/tr><tr><td>Classifica\u00e7\u00e3o<\/td><td>10:00<\/td><td>12:00<\/td><td>14:00<\/td><td>15:00<\/td><\/tr><tr><td>Corrida<\/td><td>10:00<\/td><td>12:00<\/td><td>14:00<\/td><td>15:00<\/td><\/tr><\/tbody><\/table><\/figure>\n\n\n\n<p class=\"wp-block-paragraph\"><em>*Hor\u00e1rios de Bras\u00edlia<\/em><\/p>\n\n\n\n<p class=\"wp-block-paragraph\">\u25b6\ufe0f&nbsp;<strong>Inscreva-se nos dois canais do GRANDE PR\u00caMIO no YouTube:&nbsp;<a href=\"https:\/\/www.youtube.com\/channel\/UC9OlHEgxoaY6QY6nWPoiqQg?sub_confirmation=1\" target=\"_blank\" rel=\"noreferrer noopener\">GP<\/a>&nbsp;|&nbsp;<a href=\"https:\/\/www.youtube.com\/channel\/UC9csiS6q_C3C0FYhyr1rnFA?sub_confirmation=1\" target=\"_blank\" rel=\"noreferrer noopener\">GP2<\/a><\/strong><\/p>\n\n\n\n<figure class=\"wp-block-embed is-type-video is-provider-youtube wp-block-embed-youtube wp-embed-aspect-16-9 wp-has-aspect-ratio\"><div class=\"wp-block-embed__wrapper\">\n<iframe loading=\"lazy\" title=\"CADILLAC JOGA APENAS PARA EMPATAR AO IR DE BOTTAS, PE\u0301REZ OU HERTA PARA F1\" width=\"500\" height=\"281\" src=\"https:\/\/www.youtube.com\/embed\/PM1lTvUkyl8?feature=oembed\" frameborder=\"0\" allow=\"accelerometer; autoplay; clipboard-write; encrypted-media; gyroscope; picture-in-picture; web-share\" referrerpolicy=\"strict-origin-when-cross-origin\" allowfullscreen><\/iframe>\n<\/div><\/figure>\n","protected":false},"excerpt":{"rendered":"<p>Pierre Gasly refor\u00e7ou o compromisso que tem junto de Flavio Briatore para levar a equipe de Enstone, que um dia j\u00e1 foi Benetton e Renault, de volta \u00e0 parte de cima da F\u00f3rmula 1<\/p>\n","protected":false},"author":0,"featured_media":1000999298,"comment_status":"closed","ping_status":"closed","sticky":false,"template":"","format":"standard","meta":{"42wp_featured_image_caption":"","42wp_featured_image_credits":"","42wp_featured_video":"","42wp_featured_image_hidden":false,"42wp_authors_list":[],"footnotes":""},"categories":[2],"tags":[20491,5660,969,7091,147,3630,642,160,885,180,3628,1491,30103,28285,676],"42wp_author":[47162],"class_list":["post-18336","post","type-post","status-publish","format-standard","has-post-thumbnail","hentry","category-f1","tag-alpine","tag-classificacao","tag-corrida","tag-enstone","tag-f1","tag-f1-2025","tag-f1-ao-vivo","tag-f1-tv","tag-flavio-briatore","tag-formula-1","tag-formula-1-2025","tag-grande-premio","tag-grande-premio-f1","tag-grandepremio","tag-pierre-gasly","42wp_author-giovani-danjo"],"_links":{"self":[{"href":"https:\/\/grandepremio.com\/br\/wp-json\/wp\/v2\/posts\/18336","targetHints":{"allow":["GET"]}}],"collection":[{"href":"https:\/\/grandepremio.com\/br\/wp-json\/wp\/v2\/posts"}],"about":[{"href":"https:\/\/grandepremio.com\/br\/wp-json\/wp\/v2\/types\/post"}],"replies":[{"embeddable":true,"href":"https:\/\/grandepremio.com\/br\/wp-json\/wp\/v2\/comments?post=18336"}],"version-history":[{"count":0,"href":"https:\/\/grandepremio.com\/br\/wp-json\/wp\/v2\/posts\/18336\/revisions"}],"wp:featuredmedia":[{"embeddable":true,"href":"https:\/\/grandepremio.com\/br\/wp-json\/wp\/v2\/media\/1000999298"}],"wp:attachment":[{"href":"https:\/\/grandepremio.com\/br\/wp-json\/wp\/v2\/media?parent=18336"}],"wp:term":[{"taxonomy":"category","embeddable":true,"href":"https:\/\/grandepremio.com\/br\/wp-json\/wp\/v2\/categories?post=18336"},{"taxonomy":"post_tag","embeddable":true,"href":"https:\/\/grandepremio.com\/br\/wp-json\/wp\/v2\/tags?post=18336"},{"taxonomy":"42wp_author","embeddable":true,"href":"https:\/\/grandepremio.com\/br\/wp-json\/wp\/v2\/42wp_author?post=18336"}],"curies":[{"name":"wp","href":"https:\/\/api.w.org\/{rel}","templated":true}]}}