{"id":18353,"date":"2025-08-25T10:52:16","date_gmt":"2025-08-25T13:52:16","guid":{"rendered":"https:\/\/grandepremio.com\/br\/noticias\/fornecedora-muitas-incognitas-2026-equipes-seguem-filosofias-diferentes\/"},"modified":"2025-08-25T12:19:53","modified_gmt":"2025-08-25T15:19:53","slug":"fornecedora-muitas-incognitas-2026-equipes-seguem-filosofias-diferentes","status":"publish","type":"post","link":"https:\/\/grandepremio.com\/br\/f1\/fornecedora-muitas-incognitas-2026-equipes-seguem-filosofias-diferentes\/","title":{"rendered":"Fornecedora v\u00ea &#8220;muitas inc\u00f3gnitas&#8221; para 2026 e diz: &#8220;Equipes seguem filosofias diferentes&#8221;"},"content":{"rendered":"\n<p class=\"wp-block-paragraph\">Por mais que a <strong>Federa\u00e7\u00e3o Internacional de Automobilismo<\/strong> (<strong>FIA<\/strong>) tente amenizar o efeito do regulamento da<strong> F\u00f3rmula 1 2026<\/strong> na pilotagem, a gest\u00e3o de energia parece ser, de fato, o ponto que vai definir quem largar\u00e1 na frente de quem. Esta ao menos \u00e9 a opini\u00e3o do diretor de opera\u00e7\u00f5es da <strong>Brembo<\/strong>, fornecedora de freios da categoria, <strong>Mario Almondo<\/strong>, que v\u00ea no momento cada equipe seguindo &#8220;filosofias e simula\u00e7\u00f5es diferentes&#8221; em busca do melhor entendimento sobre as mudan\u00e7as.<\/p>\n\n\n\n<p class=\"wp-block-paragraph\">A fabricante, ali\u00e1s, j\u00e1 havia manifestado opini\u00e3o sobre as novas regras <a href=\"https:\/\/www.grandepremio.com\/br\/f1\/noticias\/fornecedora-revela-escolhas-extremas-carros-2026-vao-frear-quase-nada\">em recente entrevista do representante <strong>Andrea Algeri <\/strong>ao portal ingl\u00eas <em>The Race<\/em><\/a>, que revelou que alguns projetos reduziram tanto o tamanho dos discos que, em determinadas situa\u00e7\u00f5es,\u00a0praticamente n\u00e3o haver\u00e1 frenagem convencional. Almondo refor\u00e7ou que, no momento, &#8220;h\u00e1 muitas inc\u00f3gnitas&#8221;.<\/p>\n\n\n\n<p class=\"wp-block-paragraph\">&#8220;Cada equipe est\u00e1 seguindo filosofias e simula\u00e7\u00f5es diferentes&#8221;, disse em participa\u00e7\u00e3o no programa <em>The Tech Formula<\/em>. &#8220;Ainda mais do que no passado, algumas est\u00e3o tomando dire\u00e7\u00f5es diferentes. N\u00e3o podemos revelar o que est\u00e3o fazendo. Certamente, depois de um ano, todos come\u00e7ar\u00e3o a convergir, mas n\u00e3o ser\u00e1 o caso no in\u00edcio&#8221;, avaliou.<\/p>\n\n\n\n<p class=\"wp-block-paragraph\">&#8220;Com esses regulamentos, a principal quest\u00e3o \u00e9 como cada equipe gerenciar\u00e1 a energia. Se algu\u00e9m pudesse adivinhar de imediato, acho que venceria as primeiras quatro ou cinco corridas. No momento, todas as equipes est\u00e3o adiando suas decis\u00f5es porque ainda h\u00e1 muitas inc\u00f3gnitas&#8221;, salientou.<\/p>\n\n\n\n<figure class=\"wp-block-image size-large\"><img decoding=\"async\" src=\"https:\/\/www.grandepremio.com\/br\/wp-content\/uploads\/2024\/12\/CFIA2-1200x633.jpg\" alt=\"\" class=\"wp-image-909549\"\/><figcaption class=\"wp-element-caption\">Carro da F1 2026 tem dado o que falar (Foto: Reprodu\u00e7\u00e3o\/FIA)<\/figcaption><\/figure>\n\n\n\n<p class=\"wp-block-paragraph\">Uma dessas interroga\u00e7\u00f5es \u00e9 quanto \u00e0 ader\u00eancia dos pneus, que determinar\u00e1 o desempenho nas curvas e, consequentemente, a velocidade m\u00e9dia das voltas e o consumo da bateria. A <strong>Pirelli<\/strong>, portanto, precisa que as equipes forne\u00e7am as estimativas mais precisas poss\u00edveis de carga aerodin\u00e2mica, por\u00e9m as escuderias dependem de conhecer as caracter\u00edsticas dos compostos para entender o melhor conceito.<\/p>\n\n\n\n<p class=\"wp-block-paragraph\">Trata-se, portanto, de um impasse que s\u00f3 ter\u00e1 solu\u00e7\u00e3o se houver confian\u00e7a nas hip\u00f3teses, como detalha Almondo. &#8220;[Os pneus] ser\u00e3o inteiramente novos, e n\u00e3o podemos ter certeza de cara de como eles v\u00e3o interagir com a aerodin\u00e2mica.&#8221;<\/p>\n\n\n\n<p class=\"wp-block-paragraph\">&#8220;Nossas simula\u00e7\u00f5es s\u00e3o 99% precisas, mas quando se baseiam em suposi\u00e7\u00f5es, erros graves podem ocorrer. Vemos grandes diferen\u00e7as. Aerodin\u00e2mica, pneus, gerenciamento de energia\u2026 tudo \u00e9 necessariamente aproximado. S\u00f3 podemos confiar no bom senso para fazer as melhores suposi\u00e7\u00f5es&#8221;, definiu.<\/p>\n\n\n\n<p class=\"wp-block-paragraph\">&#8220;Na traseira, a contribui\u00e7\u00e3o da frenagem regenerativa ser\u00e1 maior do que antes. Isso introduz outro problema. Em algumas pistas e curvas, voc\u00ea poderia facilmente frear apenas com a regenera\u00e7\u00e3o h\u00edbrida na traseira, sem aquecer os freios a disco. Na curva seguinte, no entanto, pode ter de for\u00e7ar os discos traseiros ao m\u00e1ximo. Ser\u00e1 dif\u00edcil gerenciar essas mudan\u00e7as de temperatura&#8221;, conclui Almondo.<\/p>\n\n\n\n<p class=\"wp-block-paragraph\">A&nbsp;<strong><a href=\"https:\/\/www.grandepremio.com\/br\/f1\/\" target=\"_blank\" rel=\"noreferrer noopener\"><\/a>F1<\/strong>&nbsp;retorna neste fim de semana, de 29 a 31 de agosto,<strong>&nbsp;em&nbsp;<a href=\"https:\/\/www.grandepremio.com\/br\/circuito\/zandvoort\/\" target=\"_blank\" rel=\"noreferrer noopener\">Zandvoort<\/a>&nbsp;<\/strong>, palco do&nbsp;<strong>GP dos Pa\u00edses Baixos<\/strong>, 15\u00aa etapa da temporada 2025. O&nbsp;<strong>GRANDE PR\u00caMIO<\/strong>&nbsp;acompanha todas as atividades&nbsp;<strong><a href=\"https:\/\/www.grandepremio.com\/br\/f1\/ao-vivo\" target=\"_blank\" rel=\"noreferrer noopener\">AO VIVO E EM&nbsp;<\/a><a href=\"https:\/\/www.grandepremio.com\/br\/ao-vivo\/\" target=\"_blank\" rel=\"noreferrer noopener\">TEMPO REAL<\/a><\/strong>, al\u00e9m de classifica\u00e7\u00e3o e corrida em&nbsp;<strong><a href=\"https:\/\/www.youtube.com\/@GrandePremio1\/streams\" target=\"_blank\" rel=\"noreferrer noopener\">SEGUNDA TELA no YouTube<\/a><\/strong>, em parceria com a Voz do Esporte. O&nbsp;<strong>Briefing<\/strong>&nbsp;chega para analisar ap\u00f3s o fim de cada dia de atividades nas redes sociais e na GPTV.<\/p>\n\n\n\n<p class=\"wp-block-paragraph\">Al\u00e9m da cobertura tradicional, o<strong>&nbsp;GRANDE PR\u00caMIO<\/strong>&nbsp;estar\u00e1&nbsp;<strong>IN LOCO&nbsp;<\/strong>em<strong>&nbsp;<a href=\"https:\/\/www.grandepremio.com\/br\/circuito\/zandvoort\/\" target=\"_blank\" rel=\"noreferrer noopener\">Zandvoort<\/a>&nbsp;<\/strong>para acompanhar todas as emo\u00e7\u00f5es da etapa com o rep\u00f3rter&nbsp;<strong>Leonid Kliuev<\/strong>.<\/p>\n\n\n\n<p class=\"wp-block-paragraph\"><strong>GP dos Pa\u00edses Baixos de F1: veja os hor\u00e1rios em Brasil, Cabo Verde,&nbsp;<a href=\"https:\/\/grandepremio.pt\/\" target=\"_blank\" rel=\"noreferrer noopener\">Portugal<\/a>, Angola e Mo\u00e7ambique:<\/strong><\/p>\n\n\n\n<figure class=\"wp-block-table\"><table class=\"has-fixed-layout\"><tbody><tr><td><strong>Sess\u00e3o<\/strong><\/td><td><strong>BRA*<\/strong><\/td><td><strong>CBV<\/strong><\/td><td><strong>POR<\/strong><br><strong>ANG<\/strong><\/td><td><strong>MOZ<\/strong><\/td><\/tr><tr><td>Treino livre 1<\/td><td>07:30<\/td><td>09:30<\/td><td>11:30<\/td><td>12:30<\/td><\/tr><tr><td>Treino livre 2<\/td><td>11:00<\/td><td>13:00<\/td><td>15:00<\/td><td>16:00<\/td><\/tr><tr><td>Treino livre 3<\/td><td>06:30<\/td><td>08:30<\/td><td>10:30<\/td><td>11:30<\/td><\/tr><tr><td>Classifica\u00e7\u00e3o<\/td><td>10:00<\/td><td>12:00<\/td><td>14:00<\/td><td>15:00<\/td><\/tr><tr><td>Corrida<\/td><td>10:00<\/td><td>12:00<\/td><td>14:00<\/td><td>15:00<\/td><\/tr><\/tbody><\/table><\/figure>\n\n\n\n<p class=\"wp-block-paragraph\"><em>*Hor\u00e1rio de Bras\u00edlia<\/em><\/p>\n\n\n\n<p class=\"wp-block-paragraph\"><strong>\u25b6\ufe0f<\/strong> <strong>Inscreva-se nos dois canais do GRANDE PR\u00caMIO no YouTube:\u00a0<a href=\"https:\/\/www.youtube.com\/channel\/UC9OlHEgxoaY6QY6nWPoiqQg?sub_confirmation=1\" target=\"_blank\" rel=\"noreferrer noopener\">GP<\/a>\u00a0|\u00a0<a href=\"https:\/\/www.youtube.com\/channel\/UC9csiS6q_C3C0FYhyr1rnFA?sub_confirmation=1\" target=\"_blank\" rel=\"noreferrer noopener\">GP2<\/a><\/strong><br><strong>\u25b6\ufe0f<\/strong> <strong>LEIA TAMB\u00c9M:\u00a0<a href=\"https:\/\/www.grandepremio.com\/br\/f1\/noticias\/williams-renasce-f1-james-vowles-alexander-albon-mas-patina-estreia-sofrida-carlos-sainz\/\">Williams renasce na F1 com Vowles e Albon, mas patina com estreia sofrida de Sainz<\/a><\/strong><\/p>\n\n\n\n<figure class=\"wp-block-embed is-type-video is-provider-youtube wp-block-embed-youtube wp-embed-aspect-16-9 wp-has-aspect-ratio\"><div class=\"wp-block-embed__wrapper\">\n<iframe loading=\"lazy\" title=\"CADILLAC JOGA APENAS PARA EMPATAR AO IR DE BOTTAS, PE\u0301REZ OU HERTA PARA F1\" width=\"500\" height=\"281\" src=\"https:\/\/www.youtube.com\/embed\/PM1lTvUkyl8?feature=oembed\" frameborder=\"0\" allow=\"accelerometer; autoplay; clipboard-write; encrypted-media; gyroscope; picture-in-picture; web-share\" referrerpolicy=\"strict-origin-when-cross-origin\" allowfullscreen><\/iframe>\n<\/div><\/figure>\n","protected":false},"excerpt":{"rendered":"<p>Diretor de opera\u00e7\u00f5es da Brembo, Mario Almondo afirmou que a gest\u00e3o de energia ser\u00e1 o grande diferencial, portanto as equipes t\u00eam seguido simula\u00e7\u00f5es distintas, mas h\u00e1 d\u00favidas<\/p>\n","protected":false},"author":0,"featured_media":1000995855,"comment_status":"closed","ping_status":"closed","sticky":false,"template":"","format":"standard","meta":{"42wp_featured_image_caption":"","42wp_featured_image_credits":"","42wp_featured_video":"","42wp_featured_image_hidden":false,"42wp_authors_list":[],"footnotes":""},"categories":[2],"tags":[26271,5273,147,3630,180,3628,1491,28285,30840,35129,32191,42001],"42wp_author":[47147],"class_list":["post-18353","post","type-post","status-publish","format-standard","has-post-thumbnail","hentry","category-f1","tag-calendario-f1","tag-classificacao-f1","tag-f1","tag-f1-2025","tag-formula-1","tag-formula-1-2025","tag-grande-premio","tag-grandepremio","tag-horarios-f1","tag-onde-assistir-f1","tag-regulamento-f1-2026","tag-temporada-2025-f1","42wp_author-luana-marino"],"_links":{"self":[{"href":"https:\/\/grandepremio.com\/br\/wp-json\/wp\/v2\/posts\/18353","targetHints":{"allow":["GET"]}}],"collection":[{"href":"https:\/\/grandepremio.com\/br\/wp-json\/wp\/v2\/posts"}],"about":[{"href":"https:\/\/grandepremio.com\/br\/wp-json\/wp\/v2\/types\/post"}],"replies":[{"embeddable":true,"href":"https:\/\/grandepremio.com\/br\/wp-json\/wp\/v2\/comments?post=18353"}],"version-history":[{"count":0,"href":"https:\/\/grandepremio.com\/br\/wp-json\/wp\/v2\/posts\/18353\/revisions"}],"wp:featuredmedia":[{"embeddable":true,"href":"https:\/\/grandepremio.com\/br\/wp-json\/wp\/v2\/media\/1000995855"}],"wp:attachment":[{"href":"https:\/\/grandepremio.com\/br\/wp-json\/wp\/v2\/media?parent=18353"}],"wp:term":[{"taxonomy":"category","embeddable":true,"href":"https:\/\/grandepremio.com\/br\/wp-json\/wp\/v2\/categories?post=18353"},{"taxonomy":"post_tag","embeddable":true,"href":"https:\/\/grandepremio.com\/br\/wp-json\/wp\/v2\/tags?post=18353"},{"taxonomy":"42wp_author","embeddable":true,"href":"https:\/\/grandepremio.com\/br\/wp-json\/wp\/v2\/42wp_author?post=18353"}],"curies":[{"name":"wp","href":"https:\/\/api.w.org\/{rel}","templated":true}]}}