{"id":18436,"date":"2025-08-22T16:44:58","date_gmt":"2025-08-22T19:44:58","guid":{"rendered":"https:\/\/grandepremio.com\/br\/noticias\/fia-rebate-comentarios-alexander-wurz-nega-insanidade-aerodinamica-kart\/"},"modified":"2025-08-26T16:00:09","modified_gmt":"2025-08-26T19:00:09","slug":"fia-rebate-comentarios-alexander-wurz-nega-insanidade-aerodinamica-kart","status":"publish","type":"post","link":"https:\/\/grandepremio.com\/br\/kart\/fia-rebate-comentarios-alexander-wurz-nega-insanidade-aerodinamica-kart\/","title":{"rendered":"FIA rebate coment\u00e1rios de Wurz e nega &#8220;insanidade&#8221; aerodin\u00e2mica no kart"},"content":{"rendered":"\n<p class=\"wp-block-paragraph\">A <strong>Federa\u00e7\u00e3o Internacional de Automobilismo [FIA]<\/strong> divulgou uma nota, nesta sexta-feira (22), repudiando coment\u00e1rios feitos por<strong> Alexander Wurz<\/strong>, presidente do conselho administrativo da <strong>Associa\u00e7\u00e3o de Pilotos de Grand Prix [GPDA]<\/strong>, pedindo para brecar os desenvolvimentos no kartismo<\/p>\n\n\n\n<p class=\"wp-block-paragraph\">O artigo, publicado no \u00faltimo dia 19 pelo site neerland\u00eas GPBlog, cont\u00e9m uma entrevista de Wurz em que o ex-piloto austr\u00edaco repudia a utiliza\u00e7\u00e3o de assoalhos, diferentes tipos de asas e acertos com downforce no kartismo.<\/p>\n\n\n\n<p class=\"wp-block-paragraph\">&#8220;Todos n\u00f3s falamos. Isso \u00e9 absolutamente insano, porque o kart \u00e9 muito legal. E tudo isso vai tornar mais caro e mais perigoso. N\u00e3o vemos benef\u00edcio ao esporte, apenas piora. Todos v\u00e3o querer ter as pe\u00e7as de downforce, mas isso n\u00e3o torna o nosso esporte e nossos pilotos melhores&#8221;, disse Alexander.<\/p>\n\n\n\n<p class=\"wp-block-paragraph\"><strong><a href=\"https:\/\/www.grandepremio.com\/br\/f1\/noticias\/fia-esclarece-cenario-retorno-valtteri-bottas-apos-punicao-gp-abu-dhabi-2024\">LEIA MAIS: FIA esclarece cen\u00e1rio para retorno de Bottas ap\u00f3s puni\u00e7\u00e3o no GP de Abu Dhabi de 2024<\/a><\/strong><br><strong>\u25b6\ufe0f<\/strong>\u00a0<strong>Inscreva-se nos dois canais do GRANDE PR\u00caMIO no YouTube:\u00a0<a href=\"https:\/\/www.youtube.com\/channel\/UC9OlHEgxoaY6QY6nWPoiqQg?sub_confirmation=1\" target=\"_blank\" rel=\"noreferrer noopener\">GP<\/a>\u00a0|\u00a0<a href=\"https:\/\/www.youtube.com\/channel\/UC9csiS6q_C3C0FYhyr1rnFA?sub_confirmation=1\" target=\"_blank\" rel=\"noreferrer noopener\">GP2<\/a><\/strong><\/p>\n\n\n\n<figure class=\"wp-block-image size-large\"><img decoding=\"async\" src=\"https:\/\/www.grandepremio.com\/br\/wp-content\/uploads\/2024\/01\/enzo-tarnvanichkul-racing-the-ok-world-championship-at-franciacorta-karting-2023-1024x683.jpg\" alt=\"\" class=\"wp-image-769377\"\/><figcaption class=\"wp-element-caption\">Enzo Tarnvanichkul (Foto: Red Bull Content Pool)<\/figcaption><\/figure>\n\n\n\n<p class=\"wp-block-paragraph\">Na nota, a FIA afirma que as declara\u00e7\u00f5es de Wurz est\u00e3o incorretas e n\u00e3o representam o regulamento t\u00e9cnico e homologado da CIK-FIA, que explicitamente pro\u00edbe modifica\u00e7\u00f5es na aerodin\u00e2mica, asas e assoalho dos karts.<\/p>\n\n\n\n<p class=\"wp-block-paragraph\">A Federa\u00e7\u00e3o citou que o artigo 4.6 do regulamento t\u00e9cnico do kartismo, atualizado durante o Conselho Mundial de Esporte a Motor em fevereiro, pro\u00edbe altera\u00e7\u00f5es no assoalho. Tamb\u00e9m foi mencionado que toda a carroceria homologada deve passar pelos testes de impacto padronizados pela FIA, garantindo seguran\u00e7a e integridade. Atualmente, existem cinco fabricantes que homologaram pe\u00e7as de carroceria, com um sistema de numera\u00e7\u00e3o em vigor para assegurar e rastrear a conformidade regulat\u00f3ria.<\/p>\n\n\n\n<p class=\"wp-block-paragraph\">Wurz tamb\u00e9m destacou a preocupa\u00e7\u00e3o que o aumento de aerodin\u00e2mica no kartismo pode tornar a modalidade mais perigosa para crian\u00e7as, que normalmente passam pelo primeiro passo no esporte a motor justamente no kart.<\/p>\n\n\n\n<p class=\"wp-block-paragraph\">&#8220;Estamos pensando nas crian\u00e7as que correm no kart, e estamos preocupamos. Achamos que \u00e9 a dire\u00e7\u00e3o errada e que deve ser interrompido. Sei que os fabricantes querem fazer progresso do ponto de vista t\u00e9cnico e \u00e9 necess\u00e1rio olhar para o neg\u00f3cio e fazer dinheiro, mas os promotores e pais e m\u00e3es precisam dizer &#8216;n\u00e3o fa\u00e7am isso'&#8221;, seguiu Alexander na entrevista.<\/p>\n\n\n\n<p class=\"wp-block-paragraph\">Sobre este t\u00f3pico, a FIA afirmou que seguran\u00e7a sempre ser\u00e1 a prioridade, e que coment\u00e1rios sugerindo que ela foi comprometida em prol de atualiza\u00e7\u00f5es no kart n\u00e3o s\u00e3o embasadas e s\u00e3o falsas. Segundo a federa\u00e7\u00e3o, os regulamentos foram refor\u00e7ados ainda neste ano para aumentar os padr\u00f5es de seguran\u00e7a, sem contar atualiza\u00e7\u00f5es recentes como prote\u00e7\u00e3o na carroceria, padr\u00f5es de capacete e entrada de pain\u00e9is de luz nos karts.<\/p>\n\n\n\n<p class=\"wp-block-paragraph\"><\/p>\n\n\n\n<p class=\"wp-block-paragraph\"><\/p>\n\n\n\n<p class=\"wp-block-paragraph\"><\/p>\n\n\n\n<p class=\"wp-block-paragraph\"><\/p>\n\n\n\n<p class=\"wp-block-paragraph\"><\/p>\n\n\n\n<p class=\"wp-block-paragraph\"><\/p>\n\n\n\n<p class=\"wp-block-paragraph\"><\/p>\n","protected":false},"excerpt":{"rendered":"<p>FIA rebateu recente entrevista de Alexander Wurz, presidente do conselho administrativo da GPDA, que criticou recentes avan\u00e7os aerodin\u00e2micos no kart e classificou como &#8220;insanidade&#8221;. Federa\u00e7\u00e3o<\/p>\n","protected":false},"author":0,"featured_media":1000765622,"comment_status":"closed","ping_status":"closed","sticky":false,"template":"","format":"standard","meta":{"42wp_featured_image_caption":"","42wp_featured_image_credits":"","42wp_featured_video":"","42wp_featured_image_hidden":false,"42wp_authors_list":[],"footnotes":""},"categories":[6],"tags":[7517,103,1491,28285,1461,1462,3262],"42wp_author":[47119],"class_list":["post-18436","post","type-post","status-publish","format-standard","has-post-thumbnail","hentry","category-kart","tag-alexander-wurz","tag-fia","tag-grande-premio","tag-grandepremio","tag-kart","tag-kartismo","tag-mundial-de-kart","42wp_author-gabriel-carvalho"],"_links":{"self":[{"href":"https:\/\/grandepremio.com\/br\/wp-json\/wp\/v2\/posts\/18436","targetHints":{"allow":["GET"]}}],"collection":[{"href":"https:\/\/grandepremio.com\/br\/wp-json\/wp\/v2\/posts"}],"about":[{"href":"https:\/\/grandepremio.com\/br\/wp-json\/wp\/v2\/types\/post"}],"replies":[{"embeddable":true,"href":"https:\/\/grandepremio.com\/br\/wp-json\/wp\/v2\/comments?post=18436"}],"version-history":[{"count":0,"href":"https:\/\/grandepremio.com\/br\/wp-json\/wp\/v2\/posts\/18436\/revisions"}],"wp:featuredmedia":[{"embeddable":true,"href":"https:\/\/grandepremio.com\/br\/wp-json\/wp\/v2\/media\/1000765622"}],"wp:attachment":[{"href":"https:\/\/grandepremio.com\/br\/wp-json\/wp\/v2\/media?parent=18436"}],"wp:term":[{"taxonomy":"category","embeddable":true,"href":"https:\/\/grandepremio.com\/br\/wp-json\/wp\/v2\/categories?post=18436"},{"taxonomy":"post_tag","embeddable":true,"href":"https:\/\/grandepremio.com\/br\/wp-json\/wp\/v2\/tags?post=18436"},{"taxonomy":"42wp_author","embeddable":true,"href":"https:\/\/grandepremio.com\/br\/wp-json\/wp\/v2\/42wp_author?post=18436"}],"curies":[{"name":"wp","href":"https:\/\/api.w.org\/{rel}","templated":true}]}}