{"id":18575,"date":"2025-08-18T08:56:49","date_gmt":"2025-08-18T11:56:49","guid":{"rendered":"https:\/\/grandepremio.com\/br\/noticias\/jerome-dambrosio-ressalta-mudanca-vida-chegada-ferrari-como-religiao\/"},"modified":"2025-08-18T13:01:04","modified_gmt":"2025-08-18T16:01:04","slug":"jerome-dambrosio-ressalta-mudanca-vida-chegada-ferrari-como-religiao","status":"publish","type":"post","link":"https:\/\/grandepremio.com\/br\/f1\/jerome-dambrosio-ressalta-mudanca-vida-chegada-ferrari-como-religiao\/","title":{"rendered":"D&#8217;Ambrosio ressalta mudan\u00e7a de vida ap\u00f3s chegada \u00e0 Ferrari: &#8220;\u00c9 como uma religi\u00e3o&#8221;"},"content":{"rendered":"\n<p class=\"wp-block-paragraph\">Prestes a completar um ano desde que chegou \u00e0 <strong>Ferrari<\/strong>, onde ocupa o posto de gerente das categorias de base e chefe de equipe reserva \u2014 substituindo <strong>Fr\u00e9d\u00e9ric Vasseur<\/strong> quando necess\u00e1rio \u2014, <strong>J\u00e9r\u00f4me D&#8217;Ambrosio<\/strong> ressaltou as diferen\u00e7as da cultura italiana no automobilismo. O dirigente destacou que o apoio da torcida \u00e9 \u00fanico em Maranello, o que torna a escuderia algo bem diferente do que o ex-piloto j\u00e1 experimentou antes.<\/p>\n\n\n\n<p class=\"wp-block-paragraph\">D&#8217;Ambrosio n\u00e3o ressaltou apenas a rela\u00e7\u00e3o dos italianos com a Ferrari, mas tamb\u00e9m a forte presen\u00e7a dos f\u00e3s perto da f\u00e1brica de Maranello. Feliz com o trabalho feito at\u00e9 o momento, J\u00e9r\u00f4me ressaltou que \u00e9 comum engajar em conversas com alguns torcedores da equipe.<\/p>\n\n\n\n<p class=\"wp-block-paragraph\">&#8220;A vida na It\u00e1lia \u00e9 diferente. Est\u00e1 indo bem profissionalmente, mas a Ferrari \u00e9 uma equipe \u00e0 parte. Porque voc\u00ea experimenta coisas muito diferentes, \u00e9 como uma religi\u00e3o para muitos italianos. De manh\u00e3, quando vou tomar caf\u00e9 perto da f\u00e1brica, recebo muitas perguntas sobre como foi o fim de semana&#8221;, contou D&#8217;Ambrosio ao site belga La Libre.<\/p>\n\n\n\n<p class=\"wp-block-paragraph\">&#8220;Todos fazem parte da &#8216;experi\u00eancia Ferrari&#8217; de maneira \u00fanica. H\u00e1 pessoas em frente \u00e0 f\u00e1brica todos os dias&#8221;, destacou.<\/p>\n\n\n\n<figure class=\"wp-block-image size-large\"><img decoding=\"async\" src=\"https:\/\/www.grandepremio.com\/br\/wp-content\/uploads\/2023\/03\/DAmbrosio-na-FE-1024x576.png\" alt=\"\" class=\"wp-image-661693\"\/><figcaption class=\"wp-element-caption\">Com passagens por Mercedes e F\u00f3rmula E, D&#8217;Ambrosio est\u00e1 na Ferrari desde outubro (Foto: F\u00f3rmula E\/Divulga\u00e7\u00e3o)<\/figcaption><\/figure>\n\n\n\n<p class=\"wp-block-paragraph\">Al\u00e9m disso, o dirigente chamou aten\u00e7\u00e3o para a capacidade da Ferrari de amplificar tudo, inclusive as coisas negativas. Desta forma, h\u00e1 um trabalho constante de &#8220;filtrar&#8221; o que vem do lado externo. Mesmo assim, D&#8217;Ambrosio ressaltou a felicidade por fazer parte de um projeto t\u00e3o grandioso e com uma torcida engajada.<\/p>\n\n\n\n<p class=\"wp-block-paragraph\">&#8220;Tudo \u00e9 amplificado ao redor da Ferrari, nos bons e nos maus momentos&#8221;, alertou. &#8220;E precisamos tentar filtrar tudo isso. Ser abordado pelos f\u00e3s \u00e9 sempre bom, mas o que mais gosto \u00e9 o sentimento de &#8216;forza, Ferrari&#8217; e de ter o apoio dos f\u00e3s em todas as circunst\u00e2ncias&#8221;, finalizou D&#8217;Ambrosio.<\/p>\n\n\n\n<p class=\"wp-block-paragraph\">A&nbsp;<strong><a href=\"https:\/\/www.grandepremio.com\/br\/f1\/\" target=\"_blank\" rel=\"noreferrer noopener\"><\/a><a href=\"https:\/\/www.grandepremio.com\/br\/f1\/\" target=\"_blank\" rel=\"noreferrer noopener\">F\u00f3rmula 1<\/a>&nbsp;<\/strong>volta \u00e0s pistas ap\u00f3s o recesso de ver\u00e3o, entre os dias 29 e 31 de agosto, para o&nbsp;<strong>GP dos Pa\u00edses Baixos<\/strong>, em&nbsp;<strong><a href=\"https:\/\/www.grandepremio.com\/br\/circuito\/zandvoort\/\" target=\"_blank\" rel=\"noreferrer noopener\">Zandvoort<\/a><\/strong>.<\/p>\n\n\n\n<p class=\"wp-block-paragraph\"><strong>\u25b6\ufe0f<\/strong> <strong>Inscreva-se nos dois canais do GRANDE PR\u00caMIO no YouTube:&nbsp;<a href=\"https:\/\/www.youtube.com\/channel\/UC9OlHEgxoaY6QY6nWPoiqQg?sub_confirmation=1\" target=\"_blank\" rel=\"noreferrer noopener\">GP<\/a>&nbsp;|&nbsp;<a href=\"https:\/\/www.youtube.com\/channel\/UC9csiS6q_C3C0FYhyr1rnFA?sub_confirmation=1\" target=\"_blank\" rel=\"noreferrer noopener\">GP2<\/a><\/strong><\/p>\n\n\n\n<figure class=\"wp-block-embed is-type-video is-provider-youtube wp-block-embed-youtube wp-embed-aspect-16-9 wp-has-aspect-ratio\"><div class=\"wp-block-embed__wrapper\">\n<iframe loading=\"lazy\" title=\"MAIS SPRINTS E INVERS\u00c3O DE GRID: UM MAL NECESS\u00c1RIO NA F1?\" width=\"500\" height=\"281\" src=\"https:\/\/www.youtube.com\/embed\/2io5xSc6jp0?feature=oembed\" frameborder=\"0\" allow=\"accelerometer; autoplay; clipboard-write; encrypted-media; gyroscope; picture-in-picture; web-share\" referrerpolicy=\"strict-origin-when-cross-origin\" allowfullscreen><\/iframe>\n<\/div><\/figure>\n","protected":false},"excerpt":{"rendered":"<p>Jerome D&#8217;Ambrosio admitiu que trabalhar com a Ferrari tem sido uma experi\u00eancia diferente na vida, com um apoio da torcida que amplifica muito mais as coisas que em outros lugares<\/p>\n","protected":false},"author":0,"featured_media":1001003440,"comment_status":"closed","ping_status":"closed","sticky":false,"template":"","format":"standard","meta":{"42wp_featured_image_caption":"","42wp_featured_image_credits":"","42wp_featured_video":"","42wp_featured_image_hidden":false,"42wp_authors_list":[],"footnotes":""},"categories":[2],"tags":[3630,642,207,1647,1491,32667,4122,1864],"42wp_author":[47142],"class_list":["post-18575","post","type-post","status-publish","format-standard","has-post-thumbnail","hentry","category-f1","tag-f1-2025","tag-f1-ao-vivo","tag-ferrari","tag-gp-da-hungria","tag-grande-premio","tag-grandepremio-f1","tag-hungaroring","tag-jerome-dambrosio","42wp_author-jp-nascimento"],"_links":{"self":[{"href":"https:\/\/grandepremio.com\/br\/wp-json\/wp\/v2\/posts\/18575","targetHints":{"allow":["GET"]}}],"collection":[{"href":"https:\/\/grandepremio.com\/br\/wp-json\/wp\/v2\/posts"}],"about":[{"href":"https:\/\/grandepremio.com\/br\/wp-json\/wp\/v2\/types\/post"}],"replies":[{"embeddable":true,"href":"https:\/\/grandepremio.com\/br\/wp-json\/wp\/v2\/comments?post=18575"}],"version-history":[{"count":0,"href":"https:\/\/grandepremio.com\/br\/wp-json\/wp\/v2\/posts\/18575\/revisions"}],"wp:featuredmedia":[{"embeddable":true,"href":"https:\/\/grandepremio.com\/br\/wp-json\/wp\/v2\/media\/1001003440"}],"wp:attachment":[{"href":"https:\/\/grandepremio.com\/br\/wp-json\/wp\/v2\/media?parent=18575"}],"wp:term":[{"taxonomy":"category","embeddable":true,"href":"https:\/\/grandepremio.com\/br\/wp-json\/wp\/v2\/categories?post=18575"},{"taxonomy":"post_tag","embeddable":true,"href":"https:\/\/grandepremio.com\/br\/wp-json\/wp\/v2\/tags?post=18575"},{"taxonomy":"42wp_author","embeddable":true,"href":"https:\/\/grandepremio.com\/br\/wp-json\/wp\/v2\/42wp_author?post=18575"}],"curies":[{"name":"wp","href":"https:\/\/api.w.org\/{rel}","templated":true}]}}