{"id":18644,"date":"2025-08-16T12:16:17","date_gmt":"2025-08-16T15:16:17","guid":{"rendered":"https:\/\/grandepremio.com\/br\/noticias\/marc-marquez-abre-123-pontos-vitoria-sprint-austria-confira-classificacao\/"},"modified":"2025-08-17T14:04:10","modified_gmt":"2025-08-17T17:04:10","slug":"marc-marquez-abre-123-pontos-vitoria-sprint-austria-confira-classificacao","status":"publish","type":"post","link":"https:\/\/grandepremio.com\/br\/motogp\/marc-marquez-abre-123-pontos-vitoria-sprint-austria-confira-classificacao\/","title":{"rendered":"Marc M\u00e1rquez abre 123 pontos ap\u00f3s vit\u00f3ria na sprint da \u00c1ustria. Confira classifica\u00e7\u00e3o"},"content":{"rendered":"\n<p class=\"wp-block-paragraph\"><strong>Marc M\u00e1rquez <\/strong>chegou a <a href=\"https:\/\/www.grandepremio.com\/br\/motogp\/noticias\/marc-marquez-ataca-irmao-vence-sprint-motogp-austria-francesco-bagnaia-erra-abandona\">impressionantes 12 vit\u00f3rias em 13 corridas sprints<\/a> na temporada 2025 da MotoGP. Neste s\u00e1bado (16), o piloto da\u00a0<strong>Ducati<\/strong>\u00a0de f\u00e1brica saiu de quarto para segundo na largada e, durante a prova, superou\u00a0<strong><a href=\"https:\/\/www.grandepremio.com\/br\/piloto\/alex-marquez\/\" target=\"_blank\" rel=\"noreferrer noopener\">\u00c1lex M\u00e1rquez<\/a><\/strong>, para triunfar novamente na classe rainha.<\/p>\n\n\n\n<p class=\"wp-block-paragraph\">Desta forma, Marc soma 393 pontos na lideran\u00e7a, com 123 de vantagem para o irm\u00e3o\u00a0(270). Na terceira posi\u00e7\u00e3o da tabela,\u00a0<strong>Pecco Bagnaia<\/strong>\u00a0estacionou nos 213 tentos no campeonato ap\u00f3s sair zerado da corrida.\u00a0<strong><a href=\"https:\/\/www.grandepremio.com\/br\/piloto\/jorge-martin\/\" target=\"_blank\" rel=\"noreferrer noopener\">Jorge Mart\u00edn<\/a><\/strong>\u00a0tamb\u00e9m n\u00e3o somou pontos na corrida curta.<\/p>\n\n\n\n<p class=\"wp-block-paragraph\"><strong>Marco Bezzecchi<\/strong>\u00a0(162), <strong><a href=\"https:\/\/www.grandepremio.com\/br\/piloto\/fabio-di-giannantonio-2\/\" target=\"_blank\" rel=\"noreferrer noopener\">Fabio Di Giannantonio<\/a><\/strong>\u00a0(144),\u00a0<strong><a href=\"https:\/\/www.grandepremio.com\/br\/piloto\/franco-morbidelli\/\" target=\"_blank\" rel=\"noreferrer noopener\">Franco Morbidelli<\/a><\/strong>\u00a0(139),\u00a0<strong>Pedro Acosta<\/strong>\u00a0(131),\u00a0<strong>Johann Zarco<\/strong>\u00a0(110),\u00a0<strong>Fabio Quartararo<\/strong> (102) e <strong><a href=\"https:\/\/www.grandepremio.com\/br\/piloto\/fermin-aldeguer\/\" target=\"_blank\" rel=\"noreferrer noopener\">Ferm\u00edn Aldeguer<\/a><\/strong>\u00a0(101) fecham a lista dos dez primeiros do\u00a0<strong>Mundial de\u00a0<a href=\"https:\/\/www.grandepremio.com\/motovelocidade\/\" target=\"_blank\" rel=\"noreferrer noopener\">Motovelocidade<\/a><\/strong>.<\/p>\n\n\n\n<p class=\"wp-block-paragraph\">A\u00a0<strong><a href=\"https:\/\/grandepremio.com\/motogp\/\" target=\"_blank\" rel=\"noreferrer noopener\">MotoGP<\/a><\/strong>\u00a0volta a acelerar neste domingo (17), com a corrida principal do\u00a0<strong>GP da \u00c1ustria<\/strong>, direto de\u00a0<strong>Spielberg<\/strong>, 13\u00aa etapa da temporada 2025. O\u00a0<strong>GRANDE PR\u00caMIO\u00a0<\/strong>faz a cobertura completa do evento, assim como das outras classes do\u00a0<strong>Mundial de\u00a0<a href=\"https:\/\/www.grandepremio.com\/motovelocidade\/\">Motovelocidade<\/a><\/strong><a href=\"https:\/\/www.grandepremio.com\/motovelocidade\/\">\u00a0<\/a>durante todo o ano.<\/p>\n\n\n\n<figure class=\"wp-block-image size-full\"><img decoding=\"async\" src=\"https:\/\/www.grandepremio.com\/br\/wp-content\/uploads\/2025\/08\/AFP__20250815__69LU2ZQ__v1__MidRes__MotoMotogpWorldChampionshipAustriaGpPractice.jpg\" alt=\"\" class=\"wp-image-1002796\"\/><figcaption class=\"wp-element-caption\">\u00c1lex M\u00e1rquez \u00e9 o vice-l\u00edder da MotoGP, com 270 pontos (Foto: AFP)<\/figcaption><\/figure>\n\n\n\n<h2 class=\"wp-block-heading\" id=\"h-motogp-2025-mundial-de-pilotos\"><strong>MotoGP 2025, Mundial de Pilotos:<\/strong><\/h2>\n\n\n\n<figure class=\"wp-block-table\"><table class=\"has-fixed-layout\"><tbody><tr><td>POS<\/td><td>Piloto<\/td><td>Moto<\/td><td>Equipe<\/td><td>Poles<\/td><td>Vit\u00f3rias Sprint<\/td><td>Vit\u00f3rias GP<\/td><td>Pontos<\/td><\/tr><tr><td>1<\/td><td>M M\u00c1RQUEZ<\/td><td>93<\/td><td>Ducati<\/td><td>7<\/td><td>12<\/td><td>8<\/td><td>393<\/td><\/tr><tr><td>2<\/td><td>A M\u00c1RQUEZ<\/td><td>73<\/td><td>Gresini Ducati<\/td><td>&#8211;<\/td><td>1<\/td><td>1<\/td><td>270<\/td><\/tr><tr><td>3<\/td><td>F BAGNAIA<\/td><td>63<\/td><td>Ducati<\/td><td>1<\/td><td>&#8211;<\/td><td>1<\/td><td>213<\/td><\/tr><tr><td>4<\/td><td>M BEZZECCHI<\/td><td>72<\/td><td>Aprilia<\/td><td>1<\/td><td>&#8211;<\/td><td>1<\/td><td>162<\/td><\/tr><tr><td>5<\/td><td>F DI GIANNANTONIO<\/td><td>49<\/td><td>VR46 Ducati<\/td><td>&#8211;<\/td><td>&#8211;<\/td><td>&#8211;<\/td><td>144<\/td><\/tr><tr><td>6<\/td><td>F MORBIDELLI<\/td><td>21<\/td><td>VR46 Ducati<\/td><td>&#8211;<\/td><td>&#8211;<\/td><td>&#8211;<\/td><td>139<\/td><\/tr><tr><td>7<\/td><td>P ACOSTA<\/td><td>37<\/td><td>KTM<\/td><td>&#8211;<\/td><td>&#8211;<\/td><td>&#8211;<\/td><td>131<\/td><\/tr><tr><td>8<\/td><td>J ZARCO<\/td><td>5<\/td><td>LCR Honda<\/td><td>&#8211;<\/td><td>&#8211;<\/td><td>1<\/td><td>110<\/td><\/tr><tr><td>9<\/td><td>F QUARTARARO<\/td><td>20<\/td><td>Yamaha<\/td><td>4<\/td><td>&#8211;<\/td><td>&#8211;<\/td><td>102<\/td><\/tr><tr><td>10<\/td><td>F ALDEGUER<\/td><td>54<\/td><td>Gresini Ducati<\/td><td>&#8211;<\/td><td>&#8211;<\/td><td>&#8211;<\/td><td>101<\/td><\/tr><tr><td>11<\/td><td>B BINDER<\/td><td>33<\/td><td>KTM<\/td><td>&#8211;<\/td><td>&#8211;<\/td><td>&#8211;<\/td><td>73<\/td><\/tr><tr><td>12<\/td><td>M VI\u00d1ALES<\/td><td>12<\/td><td>Tech3 KTM<\/td><td>&#8211;<\/td><td>&#8211;<\/td><td>&#8211;<\/td><td>69<\/td><\/tr><tr><td>13<\/td><td>R FERN\u00c1NDEZ<\/td><td>25<\/td><td>Trackhouse Aprilia<\/td><td>&#8211;<\/td><td>&#8211;<\/td><td>&#8211;<\/td><td>66<\/td><\/tr><tr><td>14<\/td><td>J MILLER<\/td><td>43<\/td><td>Pramac Yamaha<\/td><td>&#8211;<\/td><td>&#8211;<\/td><td>&#8211;<\/td><td>52<\/td><\/tr><tr><td>15<\/td><td>L MARINI<\/td><td>10<\/td><td>Honda<\/td><td>&#8211;<\/td><td>&#8211;<\/td><td>&#8211;<\/td><td>52<\/td><\/tr><tr><td>16<\/td><td>E BASTIANINI<\/td><td>23<\/td><td>Tech3 KTM<\/td><td>&#8211;<\/td><td>&#8211;<\/td><td>&#8211;<\/td><td>52<\/td><\/tr><tr><td>17<\/td><td>A OGURA<\/td><td>79<\/td><td>Trackhouse Aprilia<\/td><td>&#8211;<\/td><td>&#8211;<\/td><td>&#8211;<\/td><td>51<\/td><\/tr><tr><td>18<\/td><td>A RINS<\/td><td>42<\/td><td>Yamaha<\/td><td>&#8211;<\/td><td>&#8211;<\/td><td>&#8211;<\/td><td>42<\/td><\/tr><tr><td>19<\/td><td>J MIR<\/td><td>36<\/td><td>Honda<\/td><td>&#8211;<\/td><td>&#8211;<\/td><td>&#8211;<\/td><td>32<\/td><\/tr><tr><td>20<\/td><td>T NAKAGAMI<\/td><td>30<\/td><td>LCR Honda<\/td><td>&#8211;<\/td><td>&#8211;<\/td><td>&#8211;<\/td><td>10<\/td><\/tr><tr><td>21<\/td><td>J MART\u00cdN<\/td><td>1<\/td><td>Aprilia<\/td><td>&#8211;<\/td><td>&#8211;<\/td><td>&#8211;<\/td><td>9<\/td><\/tr><tr><td>22<\/td><td>P ESPARGAR\u00d3<\/td><td>44<\/td><td>Tech3 KTM<\/td><td>&#8211;<\/td><td>&#8211;<\/td><td>&#8211;<\/td><td>8<\/td><\/tr><tr><td>23<\/td><td>L SAVADORI<\/td><td>32<\/td><td>Aprilia<\/td><td>&#8211;<\/td><td>&#8211;<\/td><td>&#8211;<\/td><td>8<\/td><\/tr><tr><td>24<\/td><td>A FERN\u00c1NDEZ<\/td><td>7<\/td><td>Pramac Yamaha<\/td><td>&#8211;<\/td><td>&#8211;<\/td><td>&#8211;<\/td><td>6<\/td><\/tr><tr><td>25<\/td><td>M OLIVEIRA<\/td><td>88<\/td><td>Pramac Yamaha<\/td><td>&#8211;<\/td><td>&#8211;<\/td><td>&#8211;<\/td><td>6<\/td><\/tr><tr><td>26<\/td><td>S CHANTRA<\/td><td>35<\/td><td>LCR Honda<\/td><td>&#8211;<\/td><td>&#8211;<\/td><td>&#8211;<\/td><td>1<\/td><\/tr><tr><td>27<\/td><td>A ESPARGAR\u00d3<\/td><td>41<\/td><td>Honda<\/td><td>&#8211;<\/td><td>&#8211;<\/td><td>&#8211;<\/td><td>0<\/td><\/tr><\/tbody><\/table><\/figure>\n\n\n\n<h2 class=\"wp-block-heading\" id=\"h-motogp-2025-mundial-de-construtores\"><strong>MotoGP 2025, Mundial de Construtores:<\/strong><\/h2>\n\n\n\n<p class=\"wp-block-paragraph\">A\u00a0<strong>Ducati\u00a0<\/strong>segue dominante no\u00a0<strong>Mundial de Construtores<\/strong>, chegando a 442 pontos. A\u00a0<strong>Aprilia\u00a0<\/strong>aparece na vice-lideran\u00e7a, com 193, seguida por\u00a0<strong>KTM<\/strong>\u00a0(182) e\u00a0<strong>Honda<\/strong>\u00a0(148) e\u00a0<strong>Yamaha\u00a0<\/strong>(133).<\/p>\n\n\n\n<figure class=\"wp-block-table\"><table class=\"has-fixed-layout\"><tbody><tr><td>POS<\/td><td>Montadora<\/td><td>Poles<\/td><td>Vit\u00f3rias Sprint<\/td><td>Vit\u00f3rias GP<\/td><td>Pontos<\/td><\/tr><tr><td>1<\/td><td>DUCATI<\/td><td>8<\/td><td>13<\/td><td>10<\/td><td>442<\/td><\/tr><tr><td>2<\/td><td>APRILIA<\/td><td>1<\/td><td>&#8211;<\/td><td>1<\/td><td>193<\/td><\/tr><tr><td>3<\/td><td>KTM<\/td><td>&#8211;<\/td><td>&#8211;<\/td><td>&#8211;<\/td><td>182<\/td><\/tr><tr><td>4<\/td><td>HONDA<\/td><td>&#8211;<\/td><td>&#8211;<\/td><td>1<\/td><td>148<\/td><\/tr><tr><td>5<\/td><td>YAMAHA<\/td><td>4<\/td><td>&#8211;<\/td><td>&#8211;<\/td><td>133<\/td><\/tr><\/tbody><\/table><\/figure>\n\n\n\n<figure class=\"wp-block-image size-full\"><img decoding=\"async\" src=\"https:\/\/www.grandepremio.com\/br\/wp-content\/uploads\/2025\/08\/AFP__20250815__69LW28U__v1__MidRes__MotoMotogpWorldChampionshipAustriaGpPractice.jpg\" alt=\"\" class=\"wp-image-1002784\"\/><figcaption class=\"wp-element-caption\">Francesco Bagnaia saiu zerado da corrida sprint na \u00c1ustria (Foto: AFP)<\/figcaption><\/figure>\n\n\n\n<h2 class=\"wp-block-heading\" id=\"h-motogp-2025-mundial-de-equipes\"><strong>MotoGP 2025, Mundial de Equipes:<\/strong><\/h2>\n\n\n\n<p class=\"wp-block-paragraph\">No\u00a0<strong>Mundial de Equipes<\/strong>, o time de f\u00e1brica da\u00a0<strong>Ducati\u00a0<\/strong>segue confort\u00e1vel na lideran\u00e7a, com 606 pontos. A\u00a0<strong>Gresini\u00a0<\/strong>manteve o segundo lugar no campeonato, com 371.\u00a0<strong>VR46\u00a0<\/strong>(283),\u00a0<strong>KTM\u00a0<\/strong>(204) e\u00a0<strong>Aprilia\u00a0<\/strong>(179) fecham o top-5 da\u00a0<a href=\"https:\/\/grandepremio.com\/motovelocidade\/\" target=\"_blank\" rel=\"noreferrer noopener\">MotoGP<\/a>.<\/p>\n\n\n\n<figure class=\"wp-block-table\"><table class=\"has-fixed-layout\"><tbody><tr><td>POS<\/td><td>Equipes<\/td><td>Poles<\/td><td>Vit\u00f3rias Sprint<\/td><td>Vit\u00f3rias GP<\/td><td>Pontos<\/td><\/tr><tr><td>1<\/td><td>DUCATI<\/td><td>8<\/td><td>12<\/td><td>9<\/td><td>606<\/td><\/tr><tr><td>2<\/td><td>GRESINI<\/td><td>&#8211;<\/td><td>1<\/td><td>1<\/td><td>371<\/td><\/tr><tr><td>3<\/td><td>VR46<\/td><td>&#8211;<\/td><td>&#8211;<\/td><td>&#8211;<\/td><td>283<\/td><\/tr><tr><td>4<\/td><td>KTM<\/td><td>&#8211;<\/td><td>&#8211;<\/td><td>&#8211;<\/td><td>204<\/td><\/tr><tr><td>5<\/td><td>APRILIA<\/td><td>1<\/td><td>&#8211;<\/td><td>1<\/td><td>179<\/td><\/tr><tr><td>6<\/td><td>YAMAHA<\/td><td>4<\/td><td>&#8211;<\/td><td>&#8211;<\/td><td>144<\/td><\/tr><tr><td>7<\/td><td>TECH3<\/td><td>&#8211;<\/td><td>&#8211;<\/td><td>&#8211;<\/td><td>129<\/td><\/tr><tr><td>8<\/td><td>TRACKHOUSE<\/td><td>&#8211;<\/td><td>&#8211;<\/td><td>&#8211;<\/td><td>117<\/td><\/tr><tr><td>9<\/td><td>LCR HONDA<\/td><td>&#8211;<\/td><td>&#8211;<\/td><td>1<\/td><td>111<\/td><\/tr><tr><td>10<\/td><td>HONDA<\/td><td>&#8211;<\/td><td>&#8211;<\/td><td>&#8211;<\/td><td>84<\/td><\/tr><tr><td>11<\/td><td>PRAMAC<\/td><td>&#8211;<\/td><td>&#8211;<\/td><td>&#8211;<\/td><td>61<\/td><\/tr><\/tbody><\/table><\/figure>\n\n\n\n<p class=\"wp-block-paragraph\"><strong>\u25b6\ufe0f\u00a0Inscreva-se nos dois canais do GRANDE PR\u00caMIO no YouTube:\u00a0<a href=\"https:\/\/www.youtube.com\/channel\/UC9OlHEgxoaY6QY6nWPoiqQg?sub_confirmation=1\" target=\"_blank\" rel=\"noreferrer noopener\">GP<\/a>\u00a0|\u00a0<a href=\"https:\/\/www.youtube.com\/channel\/UC9csiS6q_C3C0FYhyr1rnFA?sub_confirmation=1\" target=\"_blank\" rel=\"noreferrer noopener\">GP2<\/a><\/strong><\/p>\n\n\n\n<h2 class=\"wp-block-heading\" id=\"h-gp-da-austria-nbsp-de-motogp-veja-os-horarios-em-brasil-e-portugal\">GP da \u00c1ustria&nbsp;de MotoGP: veja os hor\u00e1rios em Brasil e Portugal<\/h2>\n\n\n\n<figure class=\"wp-block-table\"><table class=\"has-fixed-layout\"><tbody><tr><td><strong>DIA<\/strong><\/td><td><strong>CATEGORIA<\/strong><\/td><td><strong>SESS\u00c3O<\/strong><\/td><td><strong>BRA*<\/strong><\/td><td><strong>POR<\/strong><\/td><\/tr><tr><td><strong>Domingo<\/strong><\/td><td>MotoGP<\/td><td>Warm-Up<\/td><td>4:40<\/td><td>8:40<\/td><\/tr><tr><td><strong>Domingo<\/strong><\/td><td>Moto3<\/td><td>Corrida<\/td><td>6:00<\/td><td>10:00<\/td><\/tr><tr><td><strong>Domingo<\/strong><\/td><td>Moto2<\/td><td>Corrida<\/td><td>7:15<\/td><td>11:15<\/td><\/tr><tr><td><strong>Domingo<\/strong><\/td><td>MotoGP<\/td><td>Corrida<\/td><td>9:00<\/td><td>13:00<\/td><\/tr><\/tbody><\/table><\/figure>\n\n\n\n<figure class=\"wp-block-embed is-type-video is-provider-youtube wp-block-embed-youtube wp-embed-aspect-16-9 wp-has-aspect-ratio\"><div class=\"wp-block-embed__wrapper\">\n<iframe loading=\"lazy\" title=\"SONHO DO T\u00cdTULO ACABOU. MAS ANO DE \u00c1LEX M\u00c1RQUEZ N\u00c3O PRECISA TERMINAR EM DERROTA\" width=\"500\" height=\"281\" src=\"https:\/\/www.youtube.com\/embed\/pnIyNHGeNvA?feature=oembed\" frameborder=\"0\" allow=\"accelerometer; autoplay; clipboard-write; encrypted-media; gyroscope; picture-in-picture; web-share\" referrerpolicy=\"strict-origin-when-cross-origin\" allowfullscreen><\/iframe>\n<\/div><\/figure>\n","protected":false},"excerpt":{"rendered":"<p>Marc M\u00e1rquez chegou a 12 vit\u00f3rias em corridas sprint ap\u00f3s o triunfo deste s\u00e1bado na \u00c1ustria. No campeonato, o piloto da Ducati chegou a 393 pontos na lideran\u00e7a da MotoGP<\/p>\n","protected":false},"author":0,"featured_media":1001002794,"comment_status":"closed","ping_status":"closed","sticky":false,"template":"","format":"standard","meta":{"42wp_featured_image_caption":"","42wp_featured_image_credits":"","42wp_featured_video":"","42wp_featured_image_hidden":false,"42wp_authors_list":[],"footnotes":""},"categories":[8],"tags":[2090,2335,133,25995,151,24853,5214,131,2276,110,28833,2327,23783,1491,28285,3504,130,5455,1975,187,144,24704,132,2825,1661,1300,2287,149,78,39739,847,34187,27587,14504,136,25818,155,42870,41828,28468,81,172],"42wp_author":[47128],"class_list":["post-18644","post","type-post","status-publish","format-standard","has-post-thumbnail","hentry","category-motogp","tag-alex-marquez","tag-alex-rins","tag-aprilia","tag-augusto-fernandez","tag-brad-binder","tag-calendario-motogp","tag-classificacao-motogp","tag-ducati","tag-fabio-di-giannantonio","tag-fabio-quartararo","tag-fermin-aldeguer","tag-francesco-bagnaia","tag-gp-da-austria","tag-grande-premio","tag-grandepremio","tag-gresini","tag-honda","tag-horarios-motogp","tag-jack-miller","tag-joan-mir","tag-johann-zarco","tag-jorge-martin","tag-ktm","tag-lcr-honda","tag-luca-marini","tag-marc-marquez","tag-marco-bezzecchi","tag-miguel-oliveira","tag-motogp","tag-motogp-2025","tag-mundial-de-motovelocidade","tag-onde-assistir-motogp","tag-pedro-acosta","tag-pol-espargaro","tag-pramac","tag-raul-fernandez","tag-takaaki-nakagami","tag-tech3-ktm","tag-temporada-2025-da-motogp","tag-trackhouse","tag-vr46","tag-yamaha","42wp_author-guilherme-bloisi"],"_links":{"self":[{"href":"https:\/\/grandepremio.com\/br\/wp-json\/wp\/v2\/posts\/18644","targetHints":{"allow":["GET"]}}],"collection":[{"href":"https:\/\/grandepremio.com\/br\/wp-json\/wp\/v2\/posts"}],"about":[{"href":"https:\/\/grandepremio.com\/br\/wp-json\/wp\/v2\/types\/post"}],"replies":[{"embeddable":true,"href":"https:\/\/grandepremio.com\/br\/wp-json\/wp\/v2\/comments?post=18644"}],"version-history":[{"count":0,"href":"https:\/\/grandepremio.com\/br\/wp-json\/wp\/v2\/posts\/18644\/revisions"}],"wp:featuredmedia":[{"embeddable":true,"href":"https:\/\/grandepremio.com\/br\/wp-json\/wp\/v2\/media\/1001002794"}],"wp:attachment":[{"href":"https:\/\/grandepremio.com\/br\/wp-json\/wp\/v2\/media?parent=18644"}],"wp:term":[{"taxonomy":"category","embeddable":true,"href":"https:\/\/grandepremio.com\/br\/wp-json\/wp\/v2\/categories?post=18644"},{"taxonomy":"post_tag","embeddable":true,"href":"https:\/\/grandepremio.com\/br\/wp-json\/wp\/v2\/tags?post=18644"},{"taxonomy":"42wp_author","embeddable":true,"href":"https:\/\/grandepremio.com\/br\/wp-json\/wp\/v2\/42wp_author?post=18644"}],"curies":[{"name":"wp","href":"https:\/\/api.w.org\/{rel}","templated":true}]}}