{"id":18675,"date":"2025-08-15T15:21:42","date_gmt":"2025-08-15T18:21:42","guid":{"rendered":"https:\/\/grandepremio.com\/br\/noticias\/jack-miller-perde-5-minutos-tl2-punicao-pilotagem-irresponsavel-treino-austria\/"},"modified":"2025-08-15T19:25:05","modified_gmt":"2025-08-15T22:25:05","slug":"jack-miller-perde-5-minutos-tl2-punicao-pilotagem-irresponsavel-treino-austria","status":"publish","type":"post","link":"https:\/\/grandepremio.com\/br\/motogp\/jack-miller-perde-5-minutos-tl2-punicao-pilotagem-irresponsavel-treino-austria\/","title":{"rendered":"Miller leva puni\u00e7\u00e3o por pilotagem imprudente em treino da \u00c1ustria e perde 5 minutos do TL2"},"content":{"rendered":"\n<p class=\"wp-block-paragraph\"><strong>Jack Miller <\/strong>vai perder os cinco primeiros minutos do <strong>treino livre 2<\/strong> do<strong> GP da \u00c1ustria<\/strong> da <strong>MotoGP<\/strong>, que acontece neste s\u00e1bado (16). Os comiss\u00e1rios consideraram que o australiano pilotou de forma irrespons\u00e1vel ao ter espalhado \u00f3leo na pista na curva 6, incidente que causou as quedas de <strong>Fabio Quartararo<\/strong> e <strong>Miguel Oliveira<\/strong> na sequ\u00eancia.<\/p>\n\n\n\n<p class=\"wp-block-paragraph\">Faltando 26 minutos para o fim, Quartararo perdeu o controle da<strong>\u00a0M1\u00a0<\/strong>e foi parar na caixa de brita do\u00a0<a href=\"https:\/\/www.grandepremio.com\/br\/circuito\/red-bull-ring\/\" target=\"_blank\" rel=\"noreferrer noopener\">Red Bull Ring<\/a>. Segundos depois, j\u00e1 sob bandeira amarela,\u00a0Oliveira\u00a0tamb\u00e9m caiu.<\/p>\n\n\n\n<p class=\"wp-block-paragraph\">Na queda do portugu\u00eas, a moto da Pramac acabou danificando o air-fence [esp\u00e9cie de colch\u00e3o de ar que se coloca na frente dos muros e guard-rails das pistas para amenizar os choques], obrigando a dire\u00e7\u00e3o de prova a interromper a sess\u00e3o com bandeira vermelha.<\/p>\n\n\n\n<p class=\"wp-block-paragraph\">Al\u00e9m da perda de tempo na sess\u00e3o, Miller ainda foi multado em \u20ac 1 mil (R$ 6,3 mil, na cota\u00e7\u00e3o atual). Para os comiss\u00e1rios, o piloto da <strong>Pramac <\/strong>teve &#8220;visibilidade clara&#8221; do vazamento, por\u00e9m manteve-se no tra\u00e7ado de corrida.<\/p>\n\n\n\n\n\n\n\n<p class=\"wp-block-paragraph\">Nas atividades desta sexta-feira (15), ele ficou em 20\u00ba, atr\u00e1s do companheiro de equipe, Oliveira, e \u00e0 frente apenas de<strong> Maverick Vi\u00f1ales<\/strong>, da <strong>Tech3<\/strong>. A sess\u00e3o foi comandada por <strong>Marc M\u00e1rquez<\/strong>, <a href=\"https:\/\/www.grandepremio.com\/br\/motogp\/noticias\/marc-marquez-emerge-fim-bate-pedro-acosta-lidera-dia-de-treinos-motogp-na-austria\">mais r\u00e1pido com 1min28s117<\/a>.<\/p>\n\n\n\n<p class=\"wp-block-paragraph\">A&nbsp;<strong><a href=\"https:\/\/grandepremio.com\/motovelocidade\/\" target=\"_blank\" rel=\"noreferrer noopener\">MotoGP<\/a>&nbsp;<\/strong>acelera entre os dias 15 e 17 de agosto com o&nbsp;<strong>GP da \u00c1ustria<\/strong>, direto de&nbsp;<strong>Spielberg<\/strong>, 13\u00aa etapa da temporada 2025. O&nbsp;<strong>GRANDE PR\u00caMIO&nbsp;<\/strong>faz a cobertura completa do evento, assim como das outras classes do&nbsp;<strong>Mundial de&nbsp;<a href=\"https:\/\/www.grandepremio.com\/motovelocidade\/\">Motovelocidade<\/a><\/strong><a href=\"https:\/\/www.grandepremio.com\/motovelocidade\/\">&nbsp;<\/a>durante todo o ano.<\/p>\n\n\n\n<h2 class=\"wp-block-heading\" id=\"h-gp-da-austria-nbsp-de-motogp-veja-os-horarios-em-brasil-e-portugal\">GP da \u00c1ustria&nbsp;de MotoGP: veja os hor\u00e1rios em Brasil e Portugal<\/h2>\n\n\n\n<figure class=\"wp-block-table\"><table class=\"has-fixed-layout\"><tbody><tr><td><strong>DIA<\/strong><\/td><td><strong>CATEGORIA<\/strong><\/td><td><strong>SESS\u00c3O<\/strong><\/td><td><strong>BRA*<\/strong><\/td><td><strong>POR<\/strong><\/td><\/tr><tr><td><strong>Sexta<\/strong><\/td><td>MotoE<\/td><td>Classifica\u00e7\u00e3o<\/td><td>12:00<\/td><td>16:00<\/td><\/tr><tr><td><strong>S\u00e1bado<\/strong><\/td><td>MotoGP<\/td><td>Classifica\u00e7\u00e3o<\/td><td>5:50<\/td><td>9:50<\/td><\/tr><tr><td><strong>S\u00e1bado<\/strong><\/td><td>MotoE<\/td><td>Corrida 1<\/td><td>7:15<\/td><td>11:15<\/td><\/tr><tr><td><strong>S\u00e1bado<\/strong><\/td><td>Moto3<\/td><td>Classifica\u00e7\u00e3o<\/td><td>7:50<\/td><td>11:50<\/td><\/tr><tr><td><strong>S\u00e1bado<\/strong><\/td><td>Moto2<\/td><td>Classifica\u00e7\u00e3o<\/td><td>8:45<\/td><td>12:45<\/td><\/tr><tr><td><strong>S\u00e1bado<\/strong><\/td><td>MotoGP<\/td><td>Corrida Sprint<\/td><td>10:00<\/td><td>14:00<\/td><\/tr><tr><td><strong>S\u00e1bado<\/strong><\/td><td>MotoE<\/td><td>Corrida 2<\/td><td>11:10<\/td><td>15:10<\/td><\/tr><tr><td><strong>Domingo<\/strong><\/td><td>MotoGP<\/td><td>Warm-Up<\/td><td>4:40<\/td><td>8:40<\/td><\/tr><tr><td><strong>Domingo<\/strong><\/td><td>Moto3<\/td><td>Corrida<\/td><td>6:00<\/td><td>10:00<\/td><\/tr><tr><td><strong>Domingo<\/strong><\/td><td>Moto2<\/td><td>Corrida<\/td><td>7:15<\/td><td>11:15<\/td><\/tr><tr><td><strong>Domingo<\/strong><\/td><td>MotoGP<\/td><td>Corrida<\/td><td>9:00<\/td><td>13:00<\/td><\/tr><\/tbody><\/table><\/figure>\n\n\n\n<p class=\"wp-block-paragraph\"><strong>\u25b6\ufe0f<\/strong>\u00a0<strong>Inscreva-se nos dois canais do GRANDE PR\u00caMIO no YouTube:\u00a0<a href=\"https:\/\/www.youtube.com\/channel\/UC9OlHEgxoaY6QY6nWPoiqQg?sub_confirmation=1\" target=\"_blank\" rel=\"noreferrer noopener\">GP<\/a>\u00a0|\u00a0<a href=\"https:\/\/www.youtube.com\/channel\/UC9csiS6q_C3C0FYhyr1rnFA?sub_confirmation=1\" target=\"_blank\" rel=\"noreferrer noopener\">GP2<\/a><\/strong><\/p>\n","protected":false},"excerpt":{"rendered":"<p>Os comiss\u00e1rios consideraram que Jack Miller teve &#8220;vis\u00e3o clara&#8221; do incidente ao notar a fuma\u00e7a saindo da moto, portanto pilotou de forma irrespons\u00e1vel ao espalhar \u00f3leo na pista<\/p>\n","protected":false},"author":0,"featured_media":1000991126,"comment_status":"closed","ping_status":"closed","sticky":false,"template":"","format":"standard","meta":{"42wp_featured_image_caption":"","42wp_featured_image_credits":"","42wp_featured_video":"","42wp_featured_image_hidden":false,"42wp_authors_list":[],"footnotes":""},"categories":[8],"tags":[24853,5214,110,23783,1491,28285,5455,1975,149,78,39739,847,34187,41828,1708],"42wp_author":[47147],"class_list":["post-18675","post","type-post","status-publish","format-standard","has-post-thumbnail","hentry","category-motogp","tag-calendario-motogp","tag-classificacao-motogp","tag-fabio-quartararo","tag-gp-da-austria","tag-grande-premio","tag-grandepremio","tag-horarios-motogp","tag-jack-miller","tag-miguel-oliveira","tag-motogp","tag-motogp-2025","tag-mundial-de-motovelocidade","tag-onde-assistir-motogp","tag-temporada-2025-da-motogp","tag-tl2","42wp_author-luana-marino"],"_links":{"self":[{"href":"https:\/\/grandepremio.com\/br\/wp-json\/wp\/v2\/posts\/18675","targetHints":{"allow":["GET"]}}],"collection":[{"href":"https:\/\/grandepremio.com\/br\/wp-json\/wp\/v2\/posts"}],"about":[{"href":"https:\/\/grandepremio.com\/br\/wp-json\/wp\/v2\/types\/post"}],"replies":[{"embeddable":true,"href":"https:\/\/grandepremio.com\/br\/wp-json\/wp\/v2\/comments?post=18675"}],"version-history":[{"count":0,"href":"https:\/\/grandepremio.com\/br\/wp-json\/wp\/v2\/posts\/18675\/revisions"}],"wp:featuredmedia":[{"embeddable":true,"href":"https:\/\/grandepremio.com\/br\/wp-json\/wp\/v2\/media\/1000991126"}],"wp:attachment":[{"href":"https:\/\/grandepremio.com\/br\/wp-json\/wp\/v2\/media?parent=18675"}],"wp:term":[{"taxonomy":"category","embeddable":true,"href":"https:\/\/grandepremio.com\/br\/wp-json\/wp\/v2\/categories?post=18675"},{"taxonomy":"post_tag","embeddable":true,"href":"https:\/\/grandepremio.com\/br\/wp-json\/wp\/v2\/tags?post=18675"},{"taxonomy":"42wp_author","embeddable":true,"href":"https:\/\/grandepremio.com\/br\/wp-json\/wp\/v2\/42wp_author?post=18675"}],"curies":[{"name":"wp","href":"https:\/\/api.w.org\/{rel}","templated":true}]}}