{"id":18696,"date":"2025-08-15T09:38:18","date_gmt":"2025-08-15T12:38:18","guid":{"rendered":"https:\/\/grandepremio.com\/br\/noticias\/portugal-diz-tem-tudo-pronto-para-formalizar-plano-voltar-receber-formula-1-2027\/"},"modified":"2025-08-15T16:05:39","modified_gmt":"2025-08-15T19:05:39","slug":"portugal-diz-tem-tudo-pronto-para-formalizar-plano-voltar-receber-formula-1-2027","status":"publish","type":"post","link":"https:\/\/grandepremio.com\/br\/f1\/portugal-diz-tem-tudo-pronto-para-formalizar-plano-voltar-receber-formula-1-2027\/","title":{"rendered":"Portugal diz que &#8220;tem tudo pronto&#8221; para formalizar plano de voltar a receber F1"},"content":{"rendered":"\n<p class=\"wp-block-paragraph\">O que n\u00e3o falta nos \u00faltimos tempos \u00e9 candidatura para um lugar no concorrido calend\u00e1rio da <strong>F\u00f3rmula 1<\/strong>. E, agora, h\u00e1 mais um interessado: <strong>Portugal<\/strong>. A informa\u00e7\u00e3o vem do primeiro-ministro, <strong>Lu\u00eds Montenegro<\/strong>, e at\u00e9 com data para o retorno: 2027.<\/p>\n\n\n\n<p class=\"wp-block-paragraph\"><strong>\u25b6\ufe0f<\/strong>&nbsp;<strong>Inscreva-se nos dois canais do GRANDE PR\u00caMIO no YouTube:&nbsp;<a href=\"https:\/\/www.youtube.com\/channel\/UC9OlHEgxoaY6QY6nWPoiqQg?sub_confirmation=1\" target=\"_blank\" rel=\"noreferrer noopener\">GP<\/a>&nbsp;|&nbsp;<a href=\"https:\/\/www.youtube.com\/channel\/UC9csiS6q_C3C0FYhyr1rnFA?sub_confirmation=1\" target=\"_blank\" rel=\"noreferrer noopener\">GP2<\/a><\/strong><\/p>\n\n\n\n<p class=\"wp-block-paragraph\">Montenegro falou durante um evento chamado Festa do Pontal, na \u00faltima quinta-feira. A declara\u00e7\u00e3o tem peso porque coloca o governo portugu\u00eas diretamente envolvido na tentativa de recuperar a F1, que correu no pa\u00eds pela \u00faltima vez na temporada 2021, ainda em meio ao contexto de pandemia. Antes disso, Portugal teve vaga fixa entre 1984 e 1996.<\/p>\n\n\n\n<p class=\"wp-block-paragraph\">A casa com que Portugal deseja retornar \u00e9 a mesma das \u00faltimas apari\u00e7\u00f5es, Portim\u00e3o, no Algarve, que j\u00e1 tem lugar no calend\u00e1rio da <strong>MotoGP<\/strong> ao menos para os pr\u00f3ximos anos.<\/p>\n\n\n\n<figure class=\"wp-block-image size-large\"><img decoding=\"async\" src=\"https:\/\/www.grandepremio.com\/br\/wp-content\/uploads\/2024\/03\/2024-gpportugal-sunday-61-1024x682.jpg\" alt=\"\" class=\"wp-image-793644\"\/><figcaption class=\"wp-element-caption\">MotoGP corre anualmente em Portugal (Foto: Aprilia)<\/figcaption><\/figure>\n\n\n\n<p class=\"wp-block-paragraph\">&#8220;Uma das circunst\u00e2ncias que mais contribuem para a promo\u00e7\u00e3o dessa regi\u00e3o \u00e9 a realiza\u00e7\u00e3o de grandes eventos&#8221;, afirmou.<\/p>\n\n\n\n<p class=\"wp-block-paragraph\">&#8220;Garantimos a MotoGP, maior evento do mundo do motociclismo, para 2025 e 2026. Al\u00e9m disso, posso dizer que temos tudo pronto para formalizar o retorno da F\u00f3rmula 1 ao Algarve para o ano seguinte, 2027&#8221;, prometeu.<\/p>\n\n\n\n<p class=\"wp-block-paragraph\">&#8220;Estes eventos exigem esfor\u00e7os financeiros da parte do governo, mas entregam um retorno, tanto direto quanto indireto, que faz com que sejam realmente v\u00e1lidos&#8221;, comentou.<\/p>\n\n\n\n<p class=\"wp-block-paragraph\">A F\u00f3rmula 1 j\u00e1 anunciou a inten\u00e7\u00e3o de rodar eventos no calend\u00e1rio de maneira bianual nos pr\u00f3ximos tempos. <strong>Madri<\/strong>, na Espanha, \u00e9 a \u00fanica sede que estreia em 2026, mas os locais de 2027 ainda n\u00e3o est\u00e3o definidos. Al\u00e9m de Portugal, <strong>\u00c1frica do Sul, Argentina, Ruanda, Tail\u00e2ndia e Turquia<\/strong> tamb\u00e9m anunciaram projetos para a F1.<\/p>\n\n\n\n<p class=\"wp-block-paragraph\">A&nbsp;<strong><a href=\"https:\/\/www.grandepremio.com\/br\/f1\/\" target=\"_blank\" rel=\"noreferrer noopener\"><\/a><a href=\"https:\/\/www.grandepremio.com\/br\/f1\/\" target=\"_blank\" rel=\"noreferrer noopener\">F\u00f3rmula 1<\/a>&nbsp;<\/strong>volta \u00e0s pistas apenas ap\u00f3s o recesso de ver\u00e3o, entre os dias 29 e 31 de agosto, para o&nbsp;<strong>GP dos Pa\u00edses Baixos<\/strong>, em&nbsp;<strong><a href=\"https:\/\/www.grandepremio.com\/br\/circuito\/zandvoort\/\" target=\"_blank\" rel=\"noreferrer noopener\">Zandvoort<\/a><\/strong>.<\/p>\n\n\n\n<p class=\"wp-block-paragraph\"><strong>AN\u00c1LISES:<\/strong><br>\u25b6\ufe0f\u00a0<strong><a href=\"https:\/\/www.grandepremio.com\/br\/f1\/noticias\/f1-vive-fase-morna-dominio-insosso-mclaren-lewis-hamilton-agoniza-gabriel-bortoleto-reluz\/\">F1 vive fase morna por dom\u00ednio insosso da McLaren. Hamilton agoniza e Bortoleto reluz<\/a><\/strong><br>\u25b6\ufe0f\u00a0<strong><a href=\"https:\/\/www.grandepremio.com\/br\/f1\/noticias\/oscar-piastri-esbanja-consistencia-mclaren-prova-f1-pode-ter-campeao-digno-2025\/\">Piastri esbanja consist\u00eancia com McLaren e prova que F1 pode ter campe\u00e3o digno em 2025<\/a><\/strong><br>\u25b6\ufe0f\u00a0<a href=\"https:\/\/www.grandepremio.com\/br\/f1\/noticias\/pierre-gasly-oasis-competencia-alpine-situacao-barril-merece-mais-f1\/\"><strong>Gasly \u00e9 o\u00e1sis de compet\u00eancia para Alpine em situa\u00e7\u00e3o de barril. E merece mais na F1<\/strong><\/a><br>\u25b6\ufe0f <strong><a href=\"https:\/\/www.grandepremio.com\/br\/f1\/noticias\/franco-colapinto-inocenta-jack-doohan-solucao-alpine-passa-longe-segundo-cockpit\/\">Colapinto inocenta Doohan, mas solu\u00e7\u00e3o para Alpine passa longe do segundo cockpit<\/a><\/strong><\/p>\n\n\n\n<figure class=\"wp-block-embed is-type-video is-provider-youtube wp-block-embed-youtube wp-embed-aspect-16-9 wp-has-aspect-ratio\"><div class=\"wp-block-embed__wrapper\">\n<iframe loading=\"lazy\" title=\"POR QUE MERCEDES AINDA SONHA COM VERSTAPPEN? E MOTOGP VOLTA QUENTE NA \u00c1USTRIA | WGP\" width=\"500\" height=\"281\" src=\"https:\/\/www.youtube.com\/embed\/1qi7k1cxZOs?feature=oembed\" frameborder=\"0\" allow=\"accelerometer; autoplay; clipboard-write; encrypted-media; gyroscope; picture-in-picture; web-share\" referrerpolicy=\"strict-origin-when-cross-origin\" allowfullscreen><\/iframe>\n<\/div><figcaption class=\"wp-element-caption\">POR QUE MERCEDES AINDA SONHA COM VERSTAPPEN? E MOTOGP VOLTA QUENTE NA \u00c1USTRIA | WGP<\/figcaption><\/figure>\n","protected":false},"excerpt":{"rendered":"<p>Lu\u00eds Montenegro, primeiro-ministro de Portugal, garantiu que o governo nacional est\u00e1 envolvido em candidatura para recuperar lugar no calend\u00e1rio da F\u00f3rmula 1<\/p>\n","protected":false},"author":0,"featured_media":1000469716,"comment_status":"closed","ping_status":"closed","sticky":false,"template":"","format":"standard","meta":{"42wp_featured_image_caption":"","42wp_featured_image_credits":"","42wp_featured_video":"","42wp_featured_image_hidden":false,"42wp_authors_list":[],"footnotes":""},"categories":[2],"tags":[26000,5660,3630,642,8261,13160,1107],"42wp_author":[47120],"class_list":["post-18696","post","type-post","status-publish","format-standard","has-post-thumbnail","hentry","category-f1","tag-audiencia-da-tv","tag-classificacao","tag-f1-2025","tag-f1-ao-vivo","tag-gp-de-portugal","tag-portimao","tag-portugal","42wp_author-pedro-henrique-marum"],"_links":{"self":[{"href":"https:\/\/grandepremio.com\/br\/wp-json\/wp\/v2\/posts\/18696","targetHints":{"allow":["GET"]}}],"collection":[{"href":"https:\/\/grandepremio.com\/br\/wp-json\/wp\/v2\/posts"}],"about":[{"href":"https:\/\/grandepremio.com\/br\/wp-json\/wp\/v2\/types\/post"}],"replies":[{"embeddable":true,"href":"https:\/\/grandepremio.com\/br\/wp-json\/wp\/v2\/comments?post=18696"}],"version-history":[{"count":0,"href":"https:\/\/grandepremio.com\/br\/wp-json\/wp\/v2\/posts\/18696\/revisions"}],"wp:featuredmedia":[{"embeddable":true,"href":"https:\/\/grandepremio.com\/br\/wp-json\/wp\/v2\/media\/1000469716"}],"wp:attachment":[{"href":"https:\/\/grandepremio.com\/br\/wp-json\/wp\/v2\/media?parent=18696"}],"wp:term":[{"taxonomy":"category","embeddable":true,"href":"https:\/\/grandepremio.com\/br\/wp-json\/wp\/v2\/categories?post=18696"},{"taxonomy":"post_tag","embeddable":true,"href":"https:\/\/grandepremio.com\/br\/wp-json\/wp\/v2\/tags?post=18696"},{"taxonomy":"42wp_author","embeddable":true,"href":"https:\/\/grandepremio.com\/br\/wp-json\/wp\/v2\/42wp_author?post=18696"}],"curies":[{"name":"wp","href":"https:\/\/api.w.org\/{rel}","templated":true}]}}