{"id":18809,"date":"2025-08-11T07:24:20","date_gmt":"2025-08-11T10:24:20","guid":{"rendered":"https:\/\/grandepremio.com\/br\/noticias\/lewis-hamilton-nega-ordens-ve-ferrari-aberta-ouvir-opinioes-compartilhei-ideias\/"},"modified":"2025-08-11T14:07:44","modified_gmt":"2025-08-11T17:07:44","slug":"lewis-hamilton-nega-ordens-ve-ferrari-aberta-ouvir-opinioes-compartilhei-ideias","status":"publish","type":"post","link":"https:\/\/grandepremio.com\/br\/f1\/lewis-hamilton-nega-ordens-ve-ferrari-aberta-ouvir-opinioes-compartilhei-ideias\/","title":{"rendered":"Hamilton nega ordens, mas v\u00ea Ferrari &#8220;aberta a ouvir opini\u00f5es&#8221; e diz: &#8220;Compartilhei ideias&#8221;"},"content":{"rendered":"\n<p class=\"wp-block-paragraph\"><strong>Lewis Hamilton<\/strong> esclareceu alguns pedidos que fez \u00e0 <strong>Ferrari <\/strong>ao longo da temporada 2025 da <strong>F\u00f3rmula 1<\/strong>. Depois de se<a href=\"https:\/\/www.grandepremio.com\/br\/f1\/noticias\/lewis-hamilton-cita-fernando-alonso-sebastian-vettel-diz-se-recusa-passar-por-ferrari-sem-titulo\/\"> reunir com membros da alta c\u00fapula<\/a> para apontar o que pode ser melhorado internamente, o heptacampe\u00e3o negou que tentou impor as pr\u00f3prias vontades e disse que s\u00f3 compartilhou ideias, uma vez que o chefe <strong>Fr\u00e9d\u00e9ric Vasseur<\/strong> est\u00e1 sempre aberto a ouvir os pilotos.<\/p>\n\n\n\n<p class=\"wp-block-paragraph\"><strong>Hamilton <\/strong>est\u00e1 na primeira temporada pela <strong>Ferrari<\/strong>, mas o in\u00edcio da parceria n\u00e3o come\u00e7ou da melhor forma. Com dificuldades para se adaptar, o #44 tem oscila\u00e7\u00f5es de desempenho com a<strong> SF-25<\/strong> e tem o quarto lugar nos <strong>GPs da Em\u00edlia-Romanha<\/strong>, <strong>\u00c1ustria <\/strong>e <strong>Inglaterra <\/strong>como melhor resultado vestindo vermelho. Na disputa interna, a desvantagem em rela\u00e7\u00e3o ao companheiro <strong>Charles Leclerc <\/strong>\u00e9 de 42 pontos.<\/p>\n\n\n\n<p class=\"wp-block-paragraph\">Ciente do que est\u00e1 prejudicando a pilotagem, <strong>Hamilton <\/strong>se reuniu com <strong>John Elkann<\/strong> ,CEO do grupo <strong>Stellantis<\/strong>, <strong>Benedetto Vigna<\/strong>, CEO da <strong>Ferrari<\/strong>, <strong>Vasseur <\/strong>e <strong>Lo\u00efc Serra<\/strong>, diretor-t\u00e9cnico, falou sobre as dificuldades com a <strong>SF-25<\/strong> e enviou alguns documentos com sugest\u00f5es de \u201cajustes estruturais\u201d que a equipe precisa fazer para melhorar. O heptacampe\u00e3o, no entanto, refor\u00e7ou que n\u00e3o se tratou de uma imposi\u00e7\u00e3o, mas uma forma de compartilhar ideias.<\/p>\n\n\n\n<p class=\"wp-block-paragraph\">\u201cN\u00e3o dei ordens \u00e0 equipe. Apenas compartilhei ideias no sentido de: \u201ce se fizermos isso? J\u00e1 tentaram dessa forma? Esse caminho pode ajudar a melhorar algumas \u00e1reas do carro\u201d. \u00c9 sobre conversar. Fred [Vasseur] sempre est\u00e1 aberto para ouvir a opini\u00e3o dos pilotos\u201d, esclareceu <strong>Hamilton<\/strong>.<\/p>\n\n\n\n<figure class=\"wp-block-image size-large\"><img decoding=\"async\" src=\"https:\/\/www.grandepremio.com\/br\/wp-content\/uploads\/2025\/08\/hungria-2025-f1-treinos-livres-ferrari-lewis-hamilton-afp-04-1200x606.jpg\" alt=\"\" class=\"wp-image-999277\"\/><figcaption class=\"wp-element-caption\">Lewis Hamilton ainda n\u00e3o tem p\u00f3dios pela Ferrari (Foto: AFP) <\/figcaption><\/figure>\n\n\n\n<p class=\"wp-block-paragraph\">Depois do&nbsp;<strong>GP da Hungria<\/strong>, a&nbsp;<strong><a href=\"https:\/\/www.grandepremio.com\/br\/f1\/\" target=\"_blank\" rel=\"noreferrer noopener\">F\u00f3rmula 1<\/a>&nbsp;<\/strong>volta \u00e0s pistas apenas ap\u00f3s o recesso de ver\u00e3o, entre os dias 29 e 31 de agosto, para o&nbsp;<strong>GP dos Pa\u00edses Baixos<\/strong>, em&nbsp;<strong><a href=\"https:\/\/www.grandepremio.com\/br\/circuito\/zandvoort\/\" target=\"_blank\" rel=\"noreferrer noopener\">Zandvoort<\/a><\/strong>.<\/p>\n\n\n\n<p class=\"wp-block-paragraph\"><strong>\u25b6\ufe0f<\/strong>&nbsp;<strong>Inscreva-se nos dois canais do GRANDE PR\u00caMIO no YouTube:&nbsp;<a href=\"https:\/\/www.youtube.com\/channel\/UC9OlHEgxoaY6QY6nWPoiqQg?sub_confirmation=1\" target=\"_blank\" rel=\"noreferrer noopener\">GP<\/a>&nbsp;|&nbsp;<a href=\"https:\/\/www.youtube.com\/channel\/UC9csiS6q_C3C0FYhyr1rnFA?sub_confirmation=1\" target=\"_blank\" rel=\"noreferrer noopener\">GP2<\/a><\/strong><\/p>\n\n\n\n<figure class=\"wp-block-embed is-type-video is-provider-youtube wp-block-embed-youtube wp-embed-aspect-16-9 wp-has-aspect-ratio\"><div class=\"wp-block-embed__wrapper\">\n<iframe loading=\"lazy\" title=\"BORTOLETO EM ALTA E HAMILTON ENTREGUE: AS F\u00c9RIAS DA F1 | Paddock Sprint\" width=\"500\" height=\"281\" src=\"https:\/\/www.youtube.com\/embed\/kB0M7Tm_lAQ?feature=oembed\" frameborder=\"0\" allow=\"accelerometer; autoplay; clipboard-write; encrypted-media; gyroscope; picture-in-picture; web-share\" referrerpolicy=\"strict-origin-when-cross-origin\" allowfullscreen><\/iframe>\n<\/div><\/figure>\n","protected":false},"excerpt":{"rendered":"<p>Lewis Hamilton ainda n\u00e3o se encaixou na Ferrari e enviou um documento com sugest\u00f5es de pontos que o time precisa melhorar. O #44, no entanto, refor\u00e7ou que apenas compartilhou uma opini\u00e3o<\/p>\n","protected":false},"author":0,"featured_media":1000995369,"comment_status":"closed","ping_status":"closed","sticky":false,"template":"","format":"standard","meta":{"42wp_featured_image_caption":"","42wp_featured_image_credits":"","42wp_featured_video":"","42wp_featured_image_hidden":false,"42wp_authors_list":[],"footnotes":""},"categories":[2],"tags":[28273,26271,209,207,578,1322,1491,28285,2810,1713,87,35129,35623,42448,29528],"42wp_author":[47149],"class_list":["post-18809","post","type-post","status-publish","format-standard","has-post-thumbnail","hentry","category-f1","tag-benedetto-vigna","tag-calendario-f1","tag-charles-leclerc","tag-ferrari","tag-ferrari-f1","tag-frederic-vasseur","tag-grande-premio","tag-grandepremio","tag-hamilton","tag-hamilton-na-ferrari","tag-lewis-hamilton","tag-onde-assistir-f1","tag-programacao-f1","tag-sf-25","tag-vasseur","42wp_author-bernardo-castro"],"_links":{"self":[{"href":"https:\/\/grandepremio.com\/br\/wp-json\/wp\/v2\/posts\/18809","targetHints":{"allow":["GET"]}}],"collection":[{"href":"https:\/\/grandepremio.com\/br\/wp-json\/wp\/v2\/posts"}],"about":[{"href":"https:\/\/grandepremio.com\/br\/wp-json\/wp\/v2\/types\/post"}],"replies":[{"embeddable":true,"href":"https:\/\/grandepremio.com\/br\/wp-json\/wp\/v2\/comments?post=18809"}],"version-history":[{"count":0,"href":"https:\/\/grandepremio.com\/br\/wp-json\/wp\/v2\/posts\/18809\/revisions"}],"wp:featuredmedia":[{"embeddable":true,"href":"https:\/\/grandepremio.com\/br\/wp-json\/wp\/v2\/media\/1000995369"}],"wp:attachment":[{"href":"https:\/\/grandepremio.com\/br\/wp-json\/wp\/v2\/media?parent=18809"}],"wp:term":[{"taxonomy":"category","embeddable":true,"href":"https:\/\/grandepremio.com\/br\/wp-json\/wp\/v2\/categories?post=18809"},{"taxonomy":"post_tag","embeddable":true,"href":"https:\/\/grandepremio.com\/br\/wp-json\/wp\/v2\/tags?post=18809"},{"taxonomy":"42wp_author","embeddable":true,"href":"https:\/\/grandepremio.com\/br\/wp-json\/wp\/v2\/42wp_author?post=18809"}],"curies":[{"name":"wp","href":"https:\/\/api.w.org\/{rel}","templated":true}]}}