{"id":18902,"date":"2025-08-07T14:16:44","date_gmt":"2025-08-07T17:16:44","guid":{"rendered":"https:\/\/grandepremio.com\/br\/noticias\/formula-e-abre-fila-espera-para-pre-venda-ingressos-ep-sao-paulo-2025\/"},"modified":"2025-08-07T14:28:46","modified_gmt":"2025-08-07T17:28:46","slug":"formula-e-abre-fila-espera-para-pre-venda-ingressos-ep-sao-paulo-2025","status":"publish","type":"post","link":"https:\/\/grandepremio.com\/br\/formula-e\/formula-e-abre-fila-espera-para-pre-venda-ingressos-ep-sao-paulo-2025\/","title":{"rendered":"F\u00f3rmula E abre fila de espera para pr\u00e9-venda de ingressos do eP de S\u00e3o Paulo 2025"},"content":{"rendered":"\n<p class=\"wp-block-paragraph\">Nesta quinta-feira (7), o <strong>eP de S\u00e3o Paulo<\/strong>, prova que abre a temporada 2025\/26 da <strong>F\u00f3rmula E<\/strong>, anunciou a abertura da lista de espera para a pr\u00e9-venda de ingressos para a corrida. O evento est\u00e1 marcado para acontecer no dia 6 de dezembro, no circuito de rua do <strong>Anhembi<\/strong>, e os bilhetes nesta fase t\u00eam pre\u00e7os a partir de R$ 139,50.<\/p>\n\n\n\n<p class=\"wp-block-paragraph\">A fila de espera ficar\u00e1 aberta at\u00e9 o final deste domingo (10), enquanto a pr\u00e9-venda se inicia \u00e0s 12h (hor\u00e1rio de Bras\u00edlia, GMT-3) da segunda-feira (11) e ter\u00e1 dura\u00e7\u00e3o de 24 horas. Nesta fase da comercializa\u00e7\u00e3o das entradas, apenas f\u00e3s cadastrados na fila de espera no site da Fever poder\u00e3o adquirir ingressos. <\/p>\n\n\n\n<p class=\"wp-block-paragraph\">J\u00e1 a venda geral de ingressos para o eP de S\u00e3o Paulo est\u00e1 prevista para come\u00e7ar na ter\u00e7a-feira (12), j\u00e1 com o pre\u00e7o integral das entradas. <\/p>\n\n\n\n<figure class=\"wp-block-image size-large\"><img decoding=\"async\" src=\"https:\/\/www.grandepremio.com\/br\/wp-content\/uploads\/2024\/12\/SMG_1842_JSePxK52_20241207120431-2048x2048-1-1200x800.jpg\" alt=\"\" class=\"wp-image-907250\"\/><figcaption class=\"wp-element-caption\">A F\u00f3rmula E volta a abrir a temporada com o eP de S\u00e3o Paulo (Foto: Simon Galloway\/LAT Images\/F\u00f3rmula E)<\/figcaption><\/figure>\n\n\n\n<p class=\"wp-block-paragraph\">Al\u00e9m de poder acompanhar a corrida, os f\u00e3s presentes no complexo do <strong>Samb\u00f3dromo do Anhembi<\/strong> tamb\u00e9m poder\u00e3o aproveitar outras atra\u00e7\u00f5es no evento, como apresenta\u00e7\u00f5es de m\u00fasica ao vivo, simuladores de corrida e ativa\u00e7\u00f5es da categoria de monopostos el\u00e9tricos, como a Fan Village. <\/p>\n\n\n\n<p class=\"wp-block-paragraph\">Em 2025, a F\u00f3rmula E visita S\u00e3o Paulo pela quarta vez em sua hist\u00f3ria e, pela segunda vez seguida, abre a temporada da categoria no <strong>Brasil<\/strong>. No ano passado, com mais de 20 mil f\u00e3s presentes no Anhembi, a prova contou com vit\u00f3ria de <strong>Mitch Evans<\/strong>, da <strong>Jaguar<\/strong>. <\/p>\n\n\n\n<p class=\"wp-block-paragraph\">Com o encerramento da temporada, a\u00a0<a href=\"https:\/\/www.grandepremio.com\/br\/formula-e\/\" target=\"_blank\" rel=\"noreferrer noopener\">F\u00f3rmula E<\/a>\u00a0s\u00f3 volta \u00e0 pista de maneira oficial justamente no dia\u00a0<strong>6 de dezembro<\/strong>, no\u00a0<strong>eP de\u00a0<a href=\"https:\/\/www.grandepremio.com\/br\/circuito\/sao-paulo\/\" target=\"_blank\" rel=\"noreferrer noopener\">S\u00e3o Paulo<\/a><\/strong>\u00a0\u2014 que vai abrir a pr\u00f3xima edi\u00e7\u00e3o da categoria. Com o maior calend\u00e1rio da hist\u00f3ria, o campeonato tamb\u00e9m vai passar por Cidade do M\u00e9xico, Miami, Jed\u00e1,\u00a0<a href=\"https:\/\/es.grandepremio.com\/\" target=\"_blank\" rel=\"noreferrer noopener\">Madri<\/a>, Berlim, M\u00f4naco, Xangai,\u00a0<a href=\"https:\/\/www.grandepremio.com\/br\/circuito\/toquio\/\" target=\"_blank\" rel=\"noreferrer noopener\">T\u00f3quio<\/a>\u00a0e\u00a0<a href=\"https:\/\/www.grandepremio.com\/br\/circuito\/londres\/\" target=\"_blank\" rel=\"noreferrer noopener\">Londres<\/a>, al\u00e9m de duas rodadas simples ainda n\u00e3o confirmadas.<\/p>\n\n\n\n<p class=\"wp-block-paragraph\"><strong>\u25b6\ufe0f<\/strong>&nbsp;<strong>Inscreva-se nos dois canais do GRANDE PR\u00caMIO no YouTube:&nbsp;<a href=\"https:\/\/www.youtube.com\/channel\/UC9OlHEgxoaY6QY6nWPoiqQg?sub_confirmation=1\" target=\"_blank\" rel=\"noreferrer noopener\">GP<\/a>&nbsp;|&nbsp;<a href=\"https:\/\/www.youtube.com\/channel\/UC9csiS6q_C3C0FYhyr1rnFA?sub_confirmation=1\" target=\"_blank\" rel=\"noreferrer noopener\">GP2<\/a><\/strong><\/p>\n\n\n\n<figure class=\"wp-block-embed is-type-video is-provider-youtube wp-block-embed-youtube wp-embed-aspect-16-9 wp-has-aspect-ratio\"><div class=\"wp-block-embed__wrapper\">\n<iframe loading=\"lazy\" title=\"\ud83d\udd34eP DE LONDRES | F\u00d3RMULA E 2024\/2025 AO VIVO E COM IMAGENS | 16\u00aa ETAPA | CORRIDA 2\" width=\"500\" height=\"281\" src=\"https:\/\/www.youtube.com\/embed\/cxuGvfvoZp0?feature=oembed\" frameborder=\"0\" allow=\"accelerometer; autoplay; clipboard-write; encrypted-media; gyroscope; picture-in-picture; web-share\" referrerpolicy=\"strict-origin-when-cross-origin\" allowfullscreen><\/iframe>\n<\/div><\/figure>\n","protected":false},"excerpt":{"rendered":"<p>F\u00e3s que queiram aproveitar a pr\u00e9-venda de ingressos para a abertura da temporada 2025\/26 da F\u00f3rmula E, em S\u00e3o Paulo, devem entrar na lista de espera at\u00e9 este domingo (10) <\/p>\n","protected":false},"author":0,"featured_media":1000908439,"comment_status":"closed","ping_status":"closed","sticky":false,"template":"","format":"standard","meta":{"42wp_featured_image_caption":"","42wp_featured_image_credits":"","42wp_featured_video":"","42wp_featured_image_hidden":false,"42wp_authors_list":[],"footnotes":""},"categories":[19],"tags":[28679,6853,31468,840,38802,1491,28285,35442,5244,36219,41542],"42wp_author":[47162],"class_list":["post-18902","post","type-post","status-publish","format-standard","has-post-thumbnail","hentry","category-formula-e","tag-calendario-formula-e","tag-classificacao-formula-e","tag-ep-de-sao-paulo","tag-formula-e","tag-formula-e-2025","tag-grande-premio","tag-grandepremio","tag-horarios-formula-e","tag-ingressos","tag-onde-assistir-formula-e","tag-temporada-2025-da-formula-e","42wp_author-giovani-danjo"],"_links":{"self":[{"href":"https:\/\/grandepremio.com\/br\/wp-json\/wp\/v2\/posts\/18902","targetHints":{"allow":["GET"]}}],"collection":[{"href":"https:\/\/grandepremio.com\/br\/wp-json\/wp\/v2\/posts"}],"about":[{"href":"https:\/\/grandepremio.com\/br\/wp-json\/wp\/v2\/types\/post"}],"replies":[{"embeddable":true,"href":"https:\/\/grandepremio.com\/br\/wp-json\/wp\/v2\/comments?post=18902"}],"version-history":[{"count":0,"href":"https:\/\/grandepremio.com\/br\/wp-json\/wp\/v2\/posts\/18902\/revisions"}],"wp:featuredmedia":[{"embeddable":true,"href":"https:\/\/grandepremio.com\/br\/wp-json\/wp\/v2\/media\/1000908439"}],"wp:attachment":[{"href":"https:\/\/grandepremio.com\/br\/wp-json\/wp\/v2\/media?parent=18902"}],"wp:term":[{"taxonomy":"category","embeddable":true,"href":"https:\/\/grandepremio.com\/br\/wp-json\/wp\/v2\/categories?post=18902"},{"taxonomy":"post_tag","embeddable":true,"href":"https:\/\/grandepremio.com\/br\/wp-json\/wp\/v2\/tags?post=18902"},{"taxonomy":"42wp_author","embeddable":true,"href":"https:\/\/grandepremio.com\/br\/wp-json\/wp\/v2\/42wp_author?post=18902"}],"curies":[{"name":"wp","href":"https:\/\/api.w.org\/{rel}","templated":true}]}}