{"id":18976,"date":"2025-08-05T10:19:35","date_gmt":"2025-08-05T13:19:35","guid":{"rendered":"https:\/\/grandepremio.com\/br\/noticias\/johann-zarco-revela-pensou-solucoes-motogp-trecho-final-8h-suzuka\/"},"modified":"2025-08-05T10:20:35","modified_gmt":"2025-08-05T13:20:35","slug":"johann-zarco-revela-pensou-solucoes-motogp-trecho-final-8h-suzuka","status":"publish","type":"post","link":"https:\/\/grandepremio.com\/br\/motogp\/johann-zarco-revela-pensou-solucoes-motogp-trecho-final-8h-suzuka\/","title":{"rendered":"Zarco revela que pensou em \u201csolu\u00e7\u00f5es para MotoGP\u201d em trecho final das 8h de Suzuka"},"content":{"rendered":"\n<p class=\"wp-block-paragraph\"><strong>Johann Zarco<\/strong> revelou que pensou em \u201ccertas solu\u00e7\u00f5es\u201d para a <strong>MotoGP <\/strong>durante os dois \u00faltimos stints da <a href=\"https:\/\/www.grandepremio.com\/br\/motociclismo\/noticias\/johann-zarco-takumi-takahashi-garantem-quarta-vitoria-seguida-honda-8-horas-suzuka\/\">participa\u00e7\u00e3o vitoriosa na edi\u00e7\u00e3o <strong>2025 <\/strong>das<strong> 8 Horas de Suzuka<\/strong><\/a>. O franc\u00eas torceu para que a participa\u00e7\u00e3o na mais importante prova do calend\u00e1rio do <strong>Mundial de Endurance <\/strong>da <strong>FIM <\/strong>(Federa\u00e7\u00e3o Internacional de <strong>Motociclismo<\/strong>) \u201ctraga a energia certa\u201d para o restante da temporada.<\/p>\n\n\n\n<p class=\"wp-block-paragraph\">Tal qual aconteceu no ano passado, Zarco \u00e9 o melhor entre os pilotos da <strong>Honda <\/strong>na MotoGP. O<strong> #5<\/strong> soma 109 pontos at\u00e9 aqui e ocupa a oitava coloca\u00e7\u00e3o no <strong>Mundial de Pilotos<\/strong>, 272 pontos atr\u00e1s de <strong>Marc M\u00e1rquez<\/strong>, o l\u00edder da disputa. Em meio a mais um ano de dificuldades para a <strong>RC213V<\/strong>, Johann conseguiu um respiro importante para a marca da asa dourada, com uma vit\u00f3ria memor\u00e1vel no GP da <strong>Fran\u00e7a<\/strong>.<\/p>\n\n\n\n<p class=\"wp-block-paragraph\">Al\u00e9m de ter sido o \u00fanico a vencer com a Honda em 2025, Zarco ainda deu \u00e0 montadora japonesa a quarta vit\u00f3ria seguida nas 8 Horas de Suzuka, a mais tradicional prova do endurance em duas rodas. A disputa do fim de semana aconteceu em dupla com <strong>Takumi Takahashi<\/strong>.<\/p>\n\n\n\n<p class=\"wp-block-paragraph\">Ap\u00f3s a corrida no Jap\u00e3o, Zarco recordou que, ano passado, ap\u00f3s conquistar o primeiro triunfo em Suzuka, sentiu o efeito da participa\u00e7\u00e3o no <strong>EWC <\/strong>na temporada da MotoGP.<\/p>\n\n\n\n<figure class=\"wp-block-image size-large\"><img decoding=\"async\" src=\"https:\/\/www.grandepremio.com\/br\/wp-content\/uploads\/2025\/08\/EWC-2025-Japao-Suzuka-Honda-Johann-Zarco2-1200x800.jpg\" alt=\"\" class=\"wp-image-1000459\"\/><figcaption class=\"wp-element-caption\">Johann Zarco conquistou a segunda vit\u00f3ria da carreira em Suzuka (Foto: EWC)<\/figcaption><\/figure>\n\n\n\n<p class=\"wp-block-paragraph\"><strong>\u25b6\ufe0f<\/strong>&nbsp;<strong>Inscreva-se nos dois canais do GRANDE PR\u00caMIO no YouTube:&nbsp;<a href=\"https:\/\/www.youtube.com\/channel\/UC9OlHEgxoaY6QY6nWPoiqQg?sub_confirmation=1\" target=\"_blank\" rel=\"noreferrer noopener\">GP<\/a>&nbsp;|&nbsp;<a href=\"https:\/\/www.youtube.com\/channel\/UC9csiS6q_C3C0FYhyr1rnFA?sub_confirmation=1\" target=\"_blank\" rel=\"noreferrer noopener\">GP2<\/a><\/strong><\/p>\n\n\n\n<p class=\"wp-block-paragraph\">\u201cSeria bom conquistar mais sucesso neste ano\u201d, disse Zarco. \u201cEm 2024, quando voltei desta experi\u00eancia, tinha outro esp\u00edrito, o que me permitia usar a moto de uma maneira diferente e estar mais alinhado com as caracter\u00edsticas da Honda\u201d, lembrou.<\/p>\n\n\n\n<p class=\"wp-block-paragraph\">\u201cClaro, ainda temos trabalho a fazer, pois a competi\u00e7\u00e3o \u00e9 muito forte, mas estamos crescendo. Na f\u00e1brica, estamos trabalhando em algumas coisas novas que ser\u00e3o introduzidas\u201d, contou. \u201cAt\u00e9 aqui, alternamos bons momentos com dificuldades e, conforme fazia meus \u00faltimos dois stints aqui, estava pensando em certas solu\u00e7\u00f5es que poderia adotar na MotoGP, ent\u00e3o a minha cabe\u00e7a j\u00e1 estava na pr\u00f3xima etapa. Espero que este fim de semana traga a energia certa para iniciarmos a segunda parte da temporada\u201d, completou.<\/p>\n\n\n\n<p class=\"wp-block-paragraph\">A&nbsp;<strong><a href=\"https:\/\/grandepremio.com\/motovelocidade\/\" target=\"_blank\" rel=\"noreferrer noopener\">MotoGP<\/a>&nbsp;<\/strong>est\u00e1 em f\u00e9rias de ver\u00e3o e volta a acelerar entre os dias 15 e 17 de agosto com o&nbsp;<strong>GP da \u00c1ustria<\/strong>, direto de&nbsp;<strong>Spielberg<\/strong>, 13\u00aa etapa da temporada 2025. O&nbsp;<strong>GRANDE PR\u00caMIO&nbsp;<\/strong>faz a cobertura completa do evento, assim como das outras classes do&nbsp;<strong>Mundial de&nbsp;<a href=\"https:\/\/www.grandepremio.com\/motovelocidade\/\">Motovelocidade<\/a><\/strong><a href=\"https:\/\/www.grandepremio.com\/motovelocidade\/\">&nbsp;<\/a>durante todo o ano.<\/p>\n\n\n\n<figure class=\"wp-block-embed is-type-video is-provider-youtube wp-block-embed-youtube wp-embed-aspect-16-9 wp-has-aspect-ratio\"><div class=\"wp-block-embed__wrapper\">\n<iframe loading=\"lazy\" title=\"ZARCO NEM PRECISAVA DE VIT\u00d3RIA EM SUZUKA PARA MERECER RENOVA\u00c7\u00c3O COM HONDA\" width=\"500\" height=\"281\" src=\"https:\/\/www.youtube.com\/embed\/KYqjpaP0R4k?feature=oembed\" frameborder=\"0\" allow=\"accelerometer; autoplay; clipboard-write; encrypted-media; gyroscope; picture-in-picture; web-share\" referrerpolicy=\"strict-origin-when-cross-origin\" allowfullscreen><\/iframe>\n<\/div><\/figure>\n","protected":false},"excerpt":{"rendered":"<p>Vencedor da edi\u00e7\u00e3o 2025 das 8 Horas de Suzuka, Johann Zarco torceu para que o resultado na mais importante prova do calend\u00e1rio do Mundial de Endurance da FIM (Federa\u00e7\u00e3o Internacional de Motociclismo) \u201ctraga a energia certa\u201d para o restante da temporada da MotoGP<\/p>\n","protected":false},"author":0,"featured_media":1001000458,"comment_status":"closed","ping_status":"closed","sticky":false,"template":"","format":"standard","meta":{"42wp_featured_image_caption":"","42wp_featured_image_credits":"","42wp_featured_video":"","42wp_featured_image_hidden":false,"42wp_authors_list":[],"footnotes":""},"categories":[8],"tags":[4087,5214,131,6513,2327,28285,3504,130,24704,132,137,1300,79,78,39739,42042,41956,42032,42033,25819,29345,32257,28766,307,42034,25667,26690,136,2984,25769,41398,172],"42wp_author":[47113],"class_list":["post-18976","post","type-post","status-publish","format-standard","has-post-thumbnail","hentry","category-motogp","tag-brno","tag-classificacao-motogp","tag-ducati","tag-espn","tag-francesco-bagnaia","tag-grandepremio","tag-gresini","tag-honda","tag-jorge-martin","tag-ktm","tag-lcr","tag-marc-marquez","tag-moto-gp","tag-motogp","tag-motogp-2025","tag-motogp-2025-calendario","tag-motogp-25","tag-motogp-calendario-2025","tag-motogp-classificacao-2025","tag-motogp-hoje","tag-motogp-horario","tag-motogp-sprint","tag-motogp-standings","tag-motor","tag-onde-assistir-motogp-2025","tag-pecco-bagnaia","tag-pilotos-motogp","tag-pramac","tag-sprint","tag-tchequia","tag-temporada-motogp","tag-yamaha","42wp_author-juliana-tesser"],"_links":{"self":[{"href":"https:\/\/grandepremio.com\/br\/wp-json\/wp\/v2\/posts\/18976","targetHints":{"allow":["GET"]}}],"collection":[{"href":"https:\/\/grandepremio.com\/br\/wp-json\/wp\/v2\/posts"}],"about":[{"href":"https:\/\/grandepremio.com\/br\/wp-json\/wp\/v2\/types\/post"}],"replies":[{"embeddable":true,"href":"https:\/\/grandepremio.com\/br\/wp-json\/wp\/v2\/comments?post=18976"}],"version-history":[{"count":0,"href":"https:\/\/grandepremio.com\/br\/wp-json\/wp\/v2\/posts\/18976\/revisions"}],"wp:featuredmedia":[{"embeddable":true,"href":"https:\/\/grandepremio.com\/br\/wp-json\/wp\/v2\/media\/1001000458"}],"wp:attachment":[{"href":"https:\/\/grandepremio.com\/br\/wp-json\/wp\/v2\/media?parent=18976"}],"wp:term":[{"taxonomy":"category","embeddable":true,"href":"https:\/\/grandepremio.com\/br\/wp-json\/wp\/v2\/categories?post=18976"},{"taxonomy":"post_tag","embeddable":true,"href":"https:\/\/grandepremio.com\/br\/wp-json\/wp\/v2\/tags?post=18976"},{"taxonomy":"42wp_author","embeddable":true,"href":"https:\/\/grandepremio.com\/br\/wp-json\/wp\/v2\/42wp_author?post=18976"}],"curies":[{"name":"wp","href":"https:\/\/api.w.org\/{rel}","templated":true}]}}