{"id":19003,"date":"2025-08-04T12:31:15","date_gmt":"2025-08-04T15:31:15","guid":{"rendered":"https:\/\/grandepremio.com\/br\/noticias\/confira-horarios-etapa-watkins-glen-temporada-2025-da-xfinity\/"},"modified":"2025-08-04T14:03:10","modified_gmt":"2025-08-04T17:03:10","slug":"confira-horarios-etapa-watkins-glen-temporada-2025-da-xfinity","status":"publish","type":"post","link":"https:\/\/grandepremio.com\/br\/nascar\/confira-horarios-etapa-watkins-glen-temporada-2025-da-xfinity\/","title":{"rendered":"Confira os hor\u00e1rios da etapa de Watkins Glen da temporada 2025 da Xfinity"},"content":{"rendered":"\n<p class=\"wp-block-paragraph\">A <strong>Xfinity<\/strong>, segunda categoria da <strong>Nascar, <\/strong>mal encerrou os trabalhos em Iowa e j\u00e1 est\u00e1 pronta para retomar as atividades. Assim, os pilotos e equipes viajam para <strong>Watkins Glen<\/strong> para disputar a 22\u00aa etapa da temporada. No <strong>Brasil<\/strong>, a transmiss\u00e3o da corrida<a href=\"https:\/\/pictv.com\/grandepremio\/\"> ser\u00e1 no canal do<strong> GRANDE PR\u00caMIO<\/strong> na <strong>PicTV<\/strong><\/a>, a partir das 16h (de Bras\u00edlia, GMT-3)<\/p>\n\n\n\n<p class=\"wp-block-paragraph\">A transmiss\u00e3o da prova \u00e9 fruto da parceria entre <strong>GRANDE PR\u00caMIO<\/strong> e <strong>PicTV<\/strong>, que come\u00e7ou com a exibi\u00e7\u00e3o da Nascar Cup Series e se expandiu para as demais categorias da organiza\u00e7\u00e3o \u2014 a <strong>Xfinity<\/strong> e a <strong>Truck Series<\/strong> tamb\u00e9m faz parte do card\u00e1pio de corridas.<\/p>\n\n\n\n<p class=\"wp-block-paragraph\"><strong>Connor Zilisch <\/strong>assumiu a ponta da tabela ap\u00f3s a etapa realizada em Iowa no \u00faltimo fim de semana. O #88 soma 30 pontos de playoffs e 772 no total. Ao todo, j\u00e1 venceu em cinco oportunidades na temporada. <strong>Justin Allgaier, <\/strong>que caiu para a segunda posi\u00e7\u00e3o, venceu em tr\u00eas oportunidades e tem 22 pontos de playoffs e os mesmos 772 no total.<\/p>\n\n\n\n<p class=\"wp-block-paragraph\">Depois de <strong>Watkins Glen<\/strong>, a <strong>Xfinity <\/strong>vai para <strong>Daytona<\/strong>, <strong>Portland <\/strong>e <strong>Gateway <\/strong>antes de iniciar os playoffs \u2014 ou seja, os pilotos ainda possuem quatro oportunidades para avan\u00e7arem de fase e disputar o t\u00edtulo da categoria.<\/p>\n\n\n\n<figure class=\"wp-block-image size-full\"><img decoding=\"async\" src=\"https:\/\/www.grandepremio.com\/br\/wp-content\/uploads\/2025\/08\/Connor-Zilisch-Nascar-XFinity-2025-Iowa-Foto-Nascar.jpg\" alt=\"\" class=\"wp-image-1000273\"\/><figcaption class=\"wp-element-caption\">Connor Zilisch lidera a XFinity 2025 (Foto: Nascar)<\/figcaption><\/figure>\n\n\n\n<h2 class=\"wp-block-heading\" id=\"h-confira-os-horarios-da-etapa-de-watkins-glen-da-xfinity-no-brasil-e-portugal\"><strong><em>Confira os hor\u00e1rios da etapa de Watkins Glen da Xfinity no Brasil e Portugal<\/em><\/strong>:<\/h2>\n\n\n\n<figure class=\"wp-block-table\"><table class=\"has-fixed-layout\"><tbody><tr><td><strong>DIA<\/strong><\/td><td><strong>SESS\u00c3O<\/strong><\/td><td><strong>BRA*<\/strong><\/td><td><strong>POR<\/strong><\/td><\/tr><tr><td><strong>S\u00e1bado (9)<\/strong><\/td><td>Corrida<\/td><td>16h<\/td><td>20h<\/td><\/tr><\/tbody><\/table><\/figure>\n\n\n\n<p class=\"wp-block-paragraph\"><em>* de Bras\u00edlia<\/em><\/p>\n\n\n\n<p class=\"wp-block-paragraph\">\u25b6\ufe0f&nbsp;<strong>Inscreva-se nos dois canais do GRANDE PR\u00caMIO no YouTube:&nbsp;<a href=\"https:\/\/www.youtube.com\/channel\/UC9OlHEgxoaY6QY6nWPoiqQg?sub_confirmation=1\" target=\"_blank\" rel=\"noreferrer noopener\">GP<\/a>&nbsp;|&nbsp;<a href=\"https:\/\/www.youtube.com\/channel\/UC9csiS6q_C3C0FYhyr1rnFA?sub_confirmation=1\" target=\"_blank\" rel=\"noreferrer noopener\">GP2<\/a><\/strong><\/p>\n","protected":false},"excerpt":{"rendered":"<p>A Xfinity retoma as atividades neste fim de semana com a etapa em Watkin Glen. E, no s\u00e1bado (9), o GRANDE PR\u00caMIO transmite a corrida na PicTV<\/p>\n","protected":false},"author":0,"featured_media":1001000274,"comment_status":"closed","ping_status":"closed","sticky":false,"template":"","format":"standard","meta":{"42wp_featured_image_caption":"","42wp_featured_image_credits":"","42wp_featured_video":"","42wp_featured_image_hidden":false,"42wp_authors_list":[],"footnotes":""},"categories":[14],"tags":[32484,32751,44264,2957,4730,1491,28285,4333,1570,411,40151,42504,27712,42555,32454,44234,42557,27323,4377,40229,3200,42556,42558,3207,1447,3273,8714],"42wp_author":[47149],"class_list":["post-19003","post","type-post","status-publish","format-standard","has-post-thumbnail","hentry","category-nascar","tag-calendario-nascar","tag-classificacao-nascar","tag-connor-zilisch","tag-gp","tag-gptv","tag-grande-premio","tag-grandepremio","tag-iowa","tag-justin-allgaier","tag-nascar","tag-nascar-2025","tag-nascar-2026","tag-nascar-cup-series","tag-nascar-cup-series-2025","tag-nascar-playoffs","tag-nascar-truck","tag-nascar-xfinity-2025","tag-nascar-xfinity-series","tag-newton","tag-oval-de-iowa","tag-playoffs-nascar","tag-temporada-2025-da-nascar","tag-temporada-2025-da-nascar-xfinity","tag-truck","tag-truck-series","tag-watkins-glen","tag-xfinity","42wp_author-bernardo-castro"],"_links":{"self":[{"href":"https:\/\/grandepremio.com\/br\/wp-json\/wp\/v2\/posts\/19003","targetHints":{"allow":["GET"]}}],"collection":[{"href":"https:\/\/grandepremio.com\/br\/wp-json\/wp\/v2\/posts"}],"about":[{"href":"https:\/\/grandepremio.com\/br\/wp-json\/wp\/v2\/types\/post"}],"replies":[{"embeddable":true,"href":"https:\/\/grandepremio.com\/br\/wp-json\/wp\/v2\/comments?post=19003"}],"version-history":[{"count":0,"href":"https:\/\/grandepremio.com\/br\/wp-json\/wp\/v2\/posts\/19003\/revisions"}],"wp:featuredmedia":[{"embeddable":true,"href":"https:\/\/grandepremio.com\/br\/wp-json\/wp\/v2\/media\/1001000274"}],"wp:attachment":[{"href":"https:\/\/grandepremio.com\/br\/wp-json\/wp\/v2\/media?parent=19003"}],"wp:term":[{"taxonomy":"category","embeddable":true,"href":"https:\/\/grandepremio.com\/br\/wp-json\/wp\/v2\/categories?post=19003"},{"taxonomy":"post_tag","embeddable":true,"href":"https:\/\/grandepremio.com\/br\/wp-json\/wp\/v2\/tags?post=19003"},{"taxonomy":"42wp_author","embeddable":true,"href":"https:\/\/grandepremio.com\/br\/wp-json\/wp\/v2\/42wp_author?post=19003"}],"curies":[{"name":"wp","href":"https:\/\/api.w.org\/{rel}","templated":true}]}}