{"id":19058,"date":"2025-08-03T13:04:23","date_gmt":"2025-08-03T16:04:23","guid":{"rendered":"https:\/\/grandepremio.com\/br\/noticias\/mclaren-brilha-hungria-passa-2-equipe-alcancar-marca-200-vitorias-formula-1\/"},"modified":"2025-08-03T13:43:29","modified_gmt":"2025-08-03T16:43:29","slug":"mclaren-brilha-hungria-passa-2-equipe-alcancar-marca-200-vitorias-formula-1","status":"publish","type":"post","link":"https:\/\/grandepremio.com\/br\/f1\/mclaren-brilha-hungria-passa-2-equipe-alcancar-marca-200-vitorias-formula-1\/","title":{"rendered":"McLaren brilha na Hungria e passa a ser 2\u00aa equipe a alcan\u00e7ar marca de 200 vit\u00f3rias na F1"},"content":{"rendered":"\n<p class=\"wp-block-paragraph\">A dobradinha de <strong>Lando Norris<\/strong> e <strong>Oscar Piastri<\/strong> no <strong><a href=\"https:\/\/www.grandepremio.com\/br\/f1\/noticias\/lando-norris-crava-tatica-perfeita-segura-oscar-piastri-vence-gp-da-hungria-formula-1-gabriel-bortoleto-6\">GP da Hungria<\/a><\/strong> deste domingo (3) impulsionou a <strong>McLaren<\/strong> a um n\u00famero hist\u00f3rico: a vit\u00f3ria #200 na <strong>F\u00f3rmula 1<\/strong>. O time ingl\u00eas \u00e9 somente o segundo a alcan\u00e7ar a marca expressiva, atr\u00e1s apenas da <strong>Ferrari<\/strong>.<\/p>\n\n\n\n<p class=\"wp-block-paragraph\">A hist\u00f3ria da McLaren \u00e9 riqu\u00edssima, com a primeira vit\u00f3ria datando do <strong>GP da B\u00e9lgica de 1968<\/strong>, quase 60 anos atr\u00e1s, com o fundador <strong>Bruce McLaren<\/strong>. Curiosamente, seria aquela a \u00fanica vit\u00f3ria de Bruce pela equipe na F1.<\/p>\n\n\n\n<p class=\"wp-block-paragraph\">O piloto com maior n\u00famero de vit\u00f3rias na trajet\u00f3ria da McLaren ainda \u00e9 <strong>Ayrton Senna<\/strong>, com 35, seguido por <strong>Alain Prost<\/strong>, com 30. <strong>Lewis Hamilton<\/strong> \u00e9 o terceiro da lista, com 21. <strong>Emerson Fittipaldi<\/strong>, primeiro campe\u00e3o mundial da equipe, tem cinco. Com o sucesso de hoje na Hungria, Norris passou a ter nove vit\u00f3ria e ocupa o sexto lugar da lista empatado com <strong>James Hunt e Kimi R\u00e4ikk\u00f6nen<\/strong> \u2014 <strong>Mika H\u00e4kkinen<\/strong> (20), <strong>David Coulthard<\/strong> (12) est\u00e3o na frente. Com oito vit\u00f3rias, Piastri est\u00e1 empatado com <strong>Niki Lauda<\/strong> e <strong>Jenson Button<\/strong>.<\/p>\n\n\n\n<p class=\"wp-block-paragraph\">Al\u00e9m destes, tamb\u00e9m venceram corrida pela McLaren <strong>Denny Hulme, John Watson, Fernando Alonso, Juan Pablo Montoya, Gerhard Berger, Peter Revson, Heikki Kovalainen, Daniel Ricciardo e J\u00f6chen Mass<\/strong>.<\/p>\n\n\n\n<figure class=\"wp-block-image size-full\"><img decoding=\"async\" src=\"https:\/\/www.grandepremio.com\/br\/wp-content\/uploads\/2023\/11\/GPF1.jpg\" alt=\"\" class=\"wp-image-748513\"\/><figcaption class=\"wp-element-caption\">Senna \u00e9 dono de 35 vit\u00f3rias pela McLaren (Foto: McLaren)<\/figcaption><\/figure>\n\n\n\n<p class=\"wp-block-paragraph\">A Ferrari tem 248 vit\u00f3rias e \u00e9, de longe a dona de maior sucesso. Para os italianos, a #200 veio no GP da China de 2007, 18 anos atr\u00e1s, com R\u00e4ikk\u00f6nen. A terceira colocada da lista \u00e9 a Mercedes, com 130. Red Bull e Williams, respectivamente com 124 e 114, s\u00e3o as outras que j\u00e1 passaram da marca de uma centena de gl\u00f3rias.<\/p>\n\n\n\n<p class=\"wp-block-paragraph\">A McLaren ainda tem dez oportunidades de aumentar o n\u00famero hist\u00f3rico de vit\u00f3rias ainda em 2025, algo que, dada a situa\u00e7\u00e3o atual da ordem de for\u00e7as, parece bastante prov\u00e1vel.<\/p>\n\n\n\n<p class=\"wp-block-paragraph\">A&nbsp;<a href=\"https:\/\/www.grandepremio.com\/br\/f1\/\" target=\"_blank\" rel=\"noreferrer noopener\">F\u00f3rmula 1<\/a>&nbsp;agora para e entra no t\u00e3o aguardado recesso de meio de temporada. Ser\u00e1 quase um m\u00eas sem corridas, com per\u00edodo de repouso para pilotos e membros das equipes, at\u00e9 o retorno, com o&nbsp;<strong>GP dos Pa\u00edses Baixos<\/strong>, em&nbsp;<strong><a href=\"https:\/\/www.grandepremio.com\/br\/circuito\/zandvoort\/\" target=\"_blank\" rel=\"noreferrer noopener\">Zandvoort<\/a><\/strong>, entre os dias 29 e 31 de agosto.<\/p>\n\n\n\n<p class=\"wp-block-paragraph\"><strong>\u25b6\ufe0f<\/strong>&nbsp;<strong>Inscreva-se nos dois canais do GRANDE PR\u00caMIO no YouTube:&nbsp;<a href=\"https:\/\/www.youtube.com\/channel\/UC9OlHEgxoaY6QY6nWPoiqQg?sub_confirmation=1\" target=\"_blank\" rel=\"noreferrer noopener\">GP<\/a>&nbsp;|&nbsp;<a href=\"https:\/\/www.youtube.com\/channel\/UC9csiS6q_C3C0FYhyr1rnFA?sub_confirmation=1\" target=\"_blank\" rel=\"noreferrer noopener\">GP2<\/a><\/strong><\/p>\n\n\n\n<figure class=\"wp-block-embed is-type-video is-provider-youtube wp-block-embed-youtube wp-embed-aspect-16-9 wp-has-aspect-ratio\"><div class=\"wp-block-embed__wrapper\">\n<iframe loading=\"lazy\" title=\"NORRIS VENCE PIASTRI, BORTOLETO 6\u00ba e LECLERC P***! a CLASSIFICA\u00c7\u00c3O da F1 na HUNGRIA | BRIEFING\" width=\"500\" height=\"281\" src=\"https:\/\/www.youtube.com\/embed\/UPDADDvVfNE?feature=oembed\" frameborder=\"0\" allow=\"accelerometer; autoplay; clipboard-write; encrypted-media; gyroscope; picture-in-picture; web-share\" referrerpolicy=\"strict-origin-when-cross-origin\" allowfullscreen><\/iframe>\n<\/div><figcaption class=\"wp-element-caption\">GP DA HUNGRIA F1 2025 AO VIVO: TUDO SOBRE A CORRIDA | BRIEFING<\/figcaption><\/figure>\n","protected":false},"excerpt":{"rendered":"<p>Vit\u00f3ria de Lando Norris no GP da Hungria foi a 200\u00aa na hist\u00f3ria da McLaren na F\u00f3rmula 1. Apenas Ferrari tem mais<\/p>\n","protected":false},"author":0,"featured_media":1000999926,"comment_status":"closed","ping_status":"closed","sticky":false,"template":"","format":"standard","meta":{"42wp_featured_image_caption":"","42wp_featured_image_credits":"","42wp_featured_video":"","42wp_featured_image_hidden":false,"42wp_authors_list":[],"footnotes":""},"categories":[2],"tags":[26000,699,5660,796,3630,642,40329,1647,44358,44360,547,90,4928,37605,43426,30806,37737,2916,43371,36778,40367],"42wp_author":[47120],"class_list":["post-19058","post","type-post","status-publish","format-standard","has-post-thumbnail","hentry","category-f1","tag-audiencia-da-tv","tag-ayrton-senna","tag-classificacao","tag-emerson-fittipaldi","tag-f1-2025","tag-f1-ao-vivo","tag-fim-de-semana-hungria","tag-gp-da-hungria","tag-gp-de-budapeste","tag-gp-hungaro","tag-lando-norris","tag-mclaren","tag-mclaren-f1","tag-mclaren-formula-1","tag-norris-2025","tag-norris-f1","tag-norris-formula-1","tag-oscar-piastri","tag-piastri-2025","tag-piastri-f1","tag-piastri-formula-1","42wp_author-pedro-henrique-marum"],"_links":{"self":[{"href":"https:\/\/grandepremio.com\/br\/wp-json\/wp\/v2\/posts\/19058","targetHints":{"allow":["GET"]}}],"collection":[{"href":"https:\/\/grandepremio.com\/br\/wp-json\/wp\/v2\/posts"}],"about":[{"href":"https:\/\/grandepremio.com\/br\/wp-json\/wp\/v2\/types\/post"}],"replies":[{"embeddable":true,"href":"https:\/\/grandepremio.com\/br\/wp-json\/wp\/v2\/comments?post=19058"}],"version-history":[{"count":0,"href":"https:\/\/grandepremio.com\/br\/wp-json\/wp\/v2\/posts\/19058\/revisions"}],"wp:featuredmedia":[{"embeddable":true,"href":"https:\/\/grandepremio.com\/br\/wp-json\/wp\/v2\/media\/1000999926"}],"wp:attachment":[{"href":"https:\/\/grandepremio.com\/br\/wp-json\/wp\/v2\/media?parent=19058"}],"wp:term":[{"taxonomy":"category","embeddable":true,"href":"https:\/\/grandepremio.com\/br\/wp-json\/wp\/v2\/categories?post=19058"},{"taxonomy":"post_tag","embeddable":true,"href":"https:\/\/grandepremio.com\/br\/wp-json\/wp\/v2\/tags?post=19058"},{"taxonomy":"42wp_author","embeddable":true,"href":"https:\/\/grandepremio.com\/br\/wp-json\/wp\/v2\/42wp_author?post=19058"}],"curies":[{"name":"wp","href":"https:\/\/api.w.org\/{rel}","templated":true}]}}