{"id":19067,"date":"2025-08-03T11:31:29","date_gmt":"2025-08-03T14:31:29","guid":{"rendered":"https:\/\/grandepremio.com\/br\/noticias\/charles-leclerc-dispara-radio-contra-tatica-ferrari-hungria-milagre-terminar-podio\/"},"modified":"2025-08-03T12:58:38","modified_gmt":"2025-08-03T15:58:38","slug":"charles-leclerc-dispara-radio-contra-tatica-ferrari-hungria-milagre-terminar-podio","status":"publish","type":"post","link":"https:\/\/grandepremio.com\/br\/f1\/charles-leclerc-dispara-radio-contra-tatica-ferrari-hungria-milagre-terminar-podio\/","title":{"rendered":"Leclerc dispara no r\u00e1dio contra t\u00e1tica da Ferrari na Hungria: &#8220;Milagre se der p\u00f3dio&#8221;"},"content":{"rendered":"\n<p class=\"wp-block-paragraph\"><strong>Charles Leclerc<\/strong> ficou na bronca com a <strong>Ferrari <\/strong>no r\u00e1dio durante o <strong>GP da Hungria<\/strong>, neste domingo (3). Depois de parar mais cedo que as <strong>McLaren <\/strong>e apostar em uma estrat\u00e9gia de dois pit-stops, o monegasco viu a pole-position ir por \u00e1gua abaixo e agora j\u00e1 perdeu o terceiro posto para <strong>George Russell<\/strong>, que vinha diminuindo a dist\u00e2ncia consideravelmente nas \u00faltimas voltas. <\/p>\n\n\n\n<p class=\"wp-block-paragraph\">Por isso, Leclerc esbravejou no r\u00e1dio ao comentar a estrat\u00e9gia da corrida e pediu para a Ferrari ouvir o que tem a dizer. Por\u00e9m, agora, afirmou que \u00e9 tarde demais e que j\u00e1 &#8220;perdeu toda a competitividade&#8221;. <\/p>\n\n\n\n<p class=\"wp-block-paragraph\">Com Russell vindo com tudo e conseguindo a manobra derradeira na primeira curva, Leclerc ainda acrescentou que seria um &#8220;milagre&#8221; se conseguir cruzar a linha de chegada no top-3. <\/p>\n\n\n\n\n\n\n\n<p class=\"wp-block-paragraph\">&#8220;Isso \u00e9 incrivelmente frustrante. Perdemos toda a competitividade. Voc\u00eas s\u00f3 precisavam me ouvir. Eu teria encontrado uma maneira diferente de lidar com esses problemas. Agora est\u00e1 simplesmente imposs\u00edvel de pilotar. Imposs\u00edvel. Vai ser um milagre se terminarmos no p\u00f3dio&#8221;, disparou Leclerc.<\/p>\n\n\n\n<p class=\"wp-block-paragraph\">Depois do GP da Hungria, a <strong>F\u00f3rmula 1 <\/strong>volta \u00e0s pistas apenas ap\u00f3s o recesso de ver\u00e3o, entre os dias 29 e 31 de agosto, para o <strong>GP dos Pa\u00edses Baixos<\/strong>, em <strong>Zandvoort<\/strong>.<\/p>\n\n\n\n<p class=\"wp-block-paragraph\">O&nbsp;<strong>GRANDE PR\u00caMIO<\/strong>&nbsp;acompanha todas as atividades&nbsp;<strong><a href=\"https:\/\/www.grandepremio.com\/br\/f1\/ao-vivo\" target=\"_blank\" rel=\"noreferrer noopener\">AO VIVO E EM&nbsp;<\/a><a href=\"https:\/\/www.grandepremio.com\/br\/ao-vivo\/\" target=\"_blank\" rel=\"noreferrer noopener\">TEMPO REAL<\/a><\/strong>, al\u00e9m de classifica\u00e7\u00e3o e corrida em&nbsp;<strong><a href=\"https:\/\/www.youtube.com\/@GrandePremio1\/streams\" target=\"_blank\" rel=\"noreferrer noopener\">SEGUNDA TELA no YouTube<\/a><\/strong>, em parceria com a Voz do Esporte. O&nbsp;<strong>Briefing<\/strong>&nbsp;chega para analisar ap\u00f3s o fim de cada dia de atividades nas redes sociais e na GPTV.<\/p>\n\n\n\n<p class=\"wp-block-paragraph\"><strong>\u25b6\ufe0f<\/strong>&nbsp;<strong>Inscreva-se nos dois canais do GRANDE PR\u00caMIO no YouTube:&nbsp;<a href=\"https:\/\/www.youtube.com\/channel\/UC9OlHEgxoaY6QY6nWPoiqQg?sub_confirmation=1\" target=\"_blank\" rel=\"noreferrer noopener\">GP<\/a>&nbsp;|&nbsp;<a href=\"https:\/\/www.youtube.com\/channel\/UC9csiS6q_C3C0FYhyr1rnFA?sub_confirmation=1\" target=\"_blank\" rel=\"noreferrer noopener\">GP2<\/a><\/strong><\/p>\n\n\n\n<figure class=\"wp-block-embed is-type-video is-provider-youtube wp-block-embed-youtube wp-embed-aspect-16-9 wp-has-aspect-ratio\"><div class=\"wp-block-embed__wrapper\">\n<iframe loading=\"lazy\" title=\"NORRIS VENCE PIASTRI, BORTOLETO 6\u00ba e LECLERC P***! a CLASSIFICA\u00c7\u00c3O da F1 na HUNGRIA | BRIEFING\" width=\"500\" height=\"281\" src=\"https:\/\/www.youtube.com\/embed\/UPDADDvVfNE?feature=oembed\" frameborder=\"0\" allow=\"accelerometer; autoplay; clipboard-write; encrypted-media; gyroscope; picture-in-picture; web-share\" referrerpolicy=\"strict-origin-when-cross-origin\" allowfullscreen><\/iframe>\n<\/div><\/figure>\n","protected":false},"excerpt":{"rendered":"<p>Charles Leclerc n\u00e3o ficou nada feliz com a estrat\u00e9gia da McLaren no GP da Hungria e disparou contra a equipe no r\u00e1dio ainda durante a prova<\/p>\n","protected":false},"author":0,"featured_media":1000999832,"comment_status":"closed","ping_status":"closed","sticky":false,"template":"","format":"standard","meta":{"42wp_featured_image_caption":"","42wp_featured_image_credits":"","42wp_featured_video":"","42wp_featured_image_hidden":false,"42wp_authors_list":[],"footnotes":""},"categories":[2],"tags":[209,5660,969,147,3630,642,160,207,180,3628,1647,1491,30103,28285,4122,90,4984],"42wp_author":[47162],"class_list":["post-19067","post","type-post","status-publish","format-standard","has-post-thumbnail","hentry","category-f1","tag-charles-leclerc","tag-classificacao","tag-corrida","tag-f1","tag-f1-2025","tag-f1-ao-vivo","tag-f1-tv","tag-ferrari","tag-formula-1","tag-formula-1-2025","tag-gp-da-hungria","tag-grande-premio","tag-grande-premio-f1","tag-grandepremio","tag-hungaroring","tag-mclaren","tag-radio","42wp_author-giovani-danjo"],"_links":{"self":[{"href":"https:\/\/grandepremio.com\/br\/wp-json\/wp\/v2\/posts\/19067","targetHints":{"allow":["GET"]}}],"collection":[{"href":"https:\/\/grandepremio.com\/br\/wp-json\/wp\/v2\/posts"}],"about":[{"href":"https:\/\/grandepremio.com\/br\/wp-json\/wp\/v2\/types\/post"}],"replies":[{"embeddable":true,"href":"https:\/\/grandepremio.com\/br\/wp-json\/wp\/v2\/comments?post=19067"}],"version-history":[{"count":0,"href":"https:\/\/grandepremio.com\/br\/wp-json\/wp\/v2\/posts\/19067\/revisions"}],"wp:featuredmedia":[{"embeddable":true,"href":"https:\/\/grandepremio.com\/br\/wp-json\/wp\/v2\/media\/1000999832"}],"wp:attachment":[{"href":"https:\/\/grandepremio.com\/br\/wp-json\/wp\/v2\/media?parent=19067"}],"wp:term":[{"taxonomy":"category","embeddable":true,"href":"https:\/\/grandepremio.com\/br\/wp-json\/wp\/v2\/categories?post=19067"},{"taxonomy":"post_tag","embeddable":true,"href":"https:\/\/grandepremio.com\/br\/wp-json\/wp\/v2\/tags?post=19067"},{"taxonomy":"42wp_author","embeddable":true,"href":"https:\/\/grandepremio.com\/br\/wp-json\/wp\/v2\/42wp_author?post=19067"}],"curies":[{"name":"wp","href":"https:\/\/api.w.org\/{rel}","templated":true}]}}