{"id":19077,"date":"2025-08-03T04:31:32","date_gmt":"2025-08-03T07:31:32","guid":{"rendered":"https:\/\/grandepremio.com\/br\/noticias\/rafael-camara-consolida-ano-irretocavel-titulo-mostra-ferrari-tambem-tem-joia-maos\/"},"modified":"2025-08-03T04:31:36","modified_gmt":"2025-08-03T07:31:36","slug":"rafael-camara-consolida-ano-irretocavel-titulo-mostra-ferrari-tambem-tem-joia-maos","status":"publish","type":"post","link":"https:\/\/grandepremio.com\/br\/f3\/rafael-camara-consolida-ano-irretocavel-titulo-mostra-ferrari-tambem-tem-joia-maos\/","title":{"rendered":"C\u00e2mara consolida ano irretoc\u00e1vel com t\u00edtulo e mostra que Ferrari tamb\u00e9m tem joia nas m\u00e3os"},"content":{"rendered":"\n<p class=\"wp-block-paragraph\">De todos os pilotos brasileiros que alcan\u00e7aram recentemente a rota da <strong>F\u00f3rmula 1<\/strong>, <strong>Rafael C\u00e2mara<\/strong> sempre passou a sensa\u00e7\u00e3o de que seria o respons\u00e1vel pelo retorno do <strong>Brasil <\/strong>\u00e0 principal categoria do automobilismo mundial. Esse fato, claro, foi antecipado pela mete\u00f3rica ascens\u00e3o de <strong>Gabriel Bortoleto<\/strong> ao vencer F2 e F3 nos anos de estreia, mas nem por isso desviou a aten\u00e7\u00e3o que sempre lhe foi devida, e o t\u00edtulo da <strong>F\u00f3rmula 3 2025<\/strong> conquistado na <strong>Hungria<\/strong>, <a href=\"https:\/\/www.grandepremio.com\/br\/f3\/noticias\/rafael-camara-controla-mari-boya-vence-corrida-2-hungria-conquista-titulo-formula-3-2025\">com uma etapa de anteced\u00eancia<\/a>, \u00e9 apenas mais uma evid\u00eancia de que n\u00e3o apenas o automobilismo brasileiro tem uma joia nas m\u00e3os, mas sobretudo a <strong>Ferrari<\/strong>.<\/p>\n\n\n\n<p class=\"wp-block-paragraph\">O mais interessante \u00e9 notar que, de certa forma, todas as quatro grandes equipes da <strong>F\u00f3rmula 1<\/strong> \u2014 Ferrari, <strong>Mercedes<\/strong>,<strong> Red Bull<\/strong> e <strong>McLaren <\/strong>\u2014 possuem em suas cartelas um talento especial. C\u00e2mara, ali\u00e1s, \u00e9 contempor\u00e2neo de alguns e teve em <strong>Andrea Kimi Antonelli<\/strong>, o pupilo de <strong>Toto Wolff<\/strong>, uma esp\u00e9cie de antagonista, ainda que fossem companheiros na <strong>Prema <\/strong>por onde passaram. E mesmo um tanto ofuscado pelo brilho do ex-colega de equipe na <strong>F4 Italiana<\/strong> e na <strong>FRECA<\/strong>, soube tomar o protagonismo na hora certa.<\/p>\n\n\n\n<p class=\"wp-block-paragraph\">O p\u00e9 na porta veio logo na rodada de abertura da temporada, na <strong>Austr\u00e1lia<\/strong>. J\u00e1 na primeira classifica\u00e7\u00e3o na F3, anotou a pole-position e venceu a corrida principal. O topo do campeonato, inclusive, jamais deixou de ser seu. O momento em que mais foi amea\u00e7ado, etapa em <strong>Melbourne <\/strong>\u00e0 parte, foi depois de <strong>M\u00f4naco<\/strong>, quando deixou <strong>Monte Carlo<\/strong> 13 pontos \u00e0 frente de <strong>Tim Tramnitz<\/strong>. Nas outras, a dist\u00e2ncia sempre foi acima de 20.<\/p>\n\n\n\n<p class=\"wp-block-paragraph\">Mas o campe\u00e3o tamb\u00e9m contou com aquela dose providencial da sorte. Na <strong>\u00c1ustria<\/strong>, por exemplo, quando <strong>Nikola Tsolov<\/strong> venceu e teve a faca e o queijo na m\u00e3o para colar de vez classifica\u00e7\u00e3o, contou com a desclassifica\u00e7\u00e3o do rival por infra\u00e7\u00e3o t\u00e9cnica <a href=\"https:\/\/www.grandepremio.com\/br\/f3\/noticias\/rafael-camara-safa-infracao-tecnica-nikola-tsolov-austria-respira-classificacao-f3\/\">para sustentar a boa gordura<\/a>. Na <strong>Inglaterra<\/strong>, sofreu na chuva, <a href=\"https:\/\/www.grandepremio.com\/br\/f3\/noticias\/mari-boya-acerta-pneus-chuva-vence-corrida-2-f3-inglaterra-rafael-camara-nikola-tsolov-sofrem\/\">mas ele passou pelo mesmo<\/a>. E na <strong>B\u00e9lgica<\/strong>, <a href=\"https:\/\/www.grandepremio.com\/br\/f3\/noticias\/rafael-camara-conta-temporal-belgica-frear-nikola-tsolov-confira-classificacao-f3\/\">o temporal freou novamente<\/a> as investidas do piloto da <strong>Campos <\/strong>ao provocar o cancelamento da corrida 2.<\/p>\n\n\n\n<figure class=\"wp-block-image size-large\"><img decoding=\"async\" src=\"https:\/\/www.grandepremio.com\/br\/wp-content\/uploads\/2025\/08\/Rafael-Camara-Hungria-classificacao-F3-20252-1-1200x675.jpg\" alt=\"\" class=\"wp-image-999067\"\/><figcaption class=\"wp-element-caption\">Rafael C\u00e2mara (Foto: F3)<\/figcaption><\/figure>\n\n\n\n<p class=\"wp-block-paragraph\">Claro que a sorte, nesse caso, trabalhou intimamente ligada ao \u00f3timo aproveitamento nas primeiras etapas. Sim, a regularidade manda em campeonatos como a F3, com rodadas duplas e grid invertido, mas vencer tr\u00eas das cinco primeiras corridas principais, com direito a pole e volta mais r\u00e1pida em cada uma, tamb\u00e9m mostrou que o outro lado importa muito.<\/p>\n\n\n\n<p class=\"wp-block-paragraph\">Esses resultados ainda expuseram faceta que costuma encher os olhos quando o assunto \u00e9 F1: C\u00e2mara \u00e9 muito r\u00e1pido. Teve a chance de disputar a temporada de estreia na F3 pela Trident, equipe que teve os dois \u00faltimos campe\u00f5es, Bortoleto em 2023 e Leonardo Fornaroli em 2024, por\u00e9m bateu com sobras os companheiros de equipe \u2014 entre eles, Charlie Wurz, j\u00e1 veterano. Mas a sensa\u00e7\u00e3o \u00e9 de que Rafael seria postulante ao t\u00edtulo mesmo se n\u00e3o vestisse as cores azul, branca e vermelha da esquadra italiana.<\/p>\n\n\n\n<p class=\"wp-block-paragraph\">O pr\u00f3ximo passo agora \u00e9 a F2, com a chance de trilhar o mesmo caminho de Bortoleto e entrar de vez na briga pela t\u00e3o sonhada vaga na F1. \u00c9 muito cedo para fazer qualquer progn\u00f3stico, mas n\u00e3o seria exagero dizer que o recifense pode muito bem criar uma bela dor de cabe\u00e7a para a Ferrari.<\/p>\n\n\n\n<p class=\"wp-block-paragraph\">A F\u00f3rmula 3 agora entra em longa pausa e torna s\u00f3 de 5 a 7 de setembro, em Monza, palco da rodada da It\u00e1lia, encerramento da temporada 2025.<\/p>\n\n\n\n<p class=\"wp-block-paragraph\"><strong>\u25b6\ufe0f<\/strong> <strong>Inscreva-se nos dois canais do GRANDE PR\u00caMIO no YouTube:&nbsp;<a href=\"https:\/\/www.youtube.com\/channel\/UC9OlHEgxoaY6QY6nWPoiqQg?sub_confirmation=1\" target=\"_blank\" rel=\"noreferrer noopener\">GP<\/a>&nbsp;|&nbsp;<a href=\"https:\/\/www.youtube.com\/channel\/UC9csiS6q_C3C0FYhyr1rnFA?sub_confirmation=1\" target=\"_blank\" rel=\"noreferrer noopener\">GP2<\/a><\/strong><\/p>\n\n\n\n<figure class=\"wp-block-embed is-type-video is-provider-youtube wp-block-embed-youtube wp-embed-aspect-16-9 wp-has-aspect-ratio\"><div class=\"wp-block-embed__wrapper\">\n<iframe loading=\"lazy\" title=\"McLAREN DOMINA, BORTOLETO \u00e9 17\u00ba e DRUGOVICH... CORRE? TREINOS da F1 na HUNGRIA | BRIEFING\" width=\"500\" height=\"281\" src=\"https:\/\/www.youtube.com\/embed\/I0xsoG81a0E?feature=oembed\" frameborder=\"0\" allow=\"accelerometer; autoplay; clipboard-write; encrypted-media; gyroscope; picture-in-picture; web-share\" referrerpolicy=\"strict-origin-when-cross-origin\" allowfullscreen><\/iframe>\n<\/div><\/figure>\n","protected":false},"excerpt":{"rendered":"<p>Ainda \u00e9 cedo para dizer, mas Rafael C\u00e2mara tem tudo para seguir os passos de Gabriel Bortoleto na F2 e, de quebra, criar uma bela dor de cabe\u00e7a para a Ferrari<\/p>\n","protected":false},"author":0,"featured_media":1000999066,"comment_status":"closed","ping_status":"closed","sticky":false,"template":"","format":"standard","meta":{"42wp_featured_image_caption":"","42wp_featured_image_credits":"","42wp_featured_video":"","42wp_featured_image_hidden":false,"42wp_authors_list":[],"footnotes":""},"categories":[10],"tags":[29655,31948,1008,40508,8057,40507,1491,28285,35181,4122,44315,32105,3967,44314,32104,31049,35651,27860,35790,40740,34424],"42wp_author":[47147],"class_list":["post-19077","post","type-post","status-publish","format-standard","has-post-thumbnail","hentry","category-f3","tag-calendario-f3","tag-classificacao-f3","tag-f3","tag-f3-2025","tag-formula-3","tag-formula-3-2025","tag-grande-premio","tag-grandepremio","tag-horarios-f3","tag-hungaroring","tag-hungaroring-2025","tag-hungaroring-f3","tag-hungria","tag-hungria-2025","tag-hungria-f3","tag-nikola-tsolov","tag-onde-assistir-f3","tag-rafael-camara","tag-rodada-da-hungria","tag-temporada-2025-f3","tag-tim-tramnitz","42wp_author-luana-marino"],"_links":{"self":[{"href":"https:\/\/grandepremio.com\/br\/wp-json\/wp\/v2\/posts\/19077","targetHints":{"allow":["GET"]}}],"collection":[{"href":"https:\/\/grandepremio.com\/br\/wp-json\/wp\/v2\/posts"}],"about":[{"href":"https:\/\/grandepremio.com\/br\/wp-json\/wp\/v2\/types\/post"}],"replies":[{"embeddable":true,"href":"https:\/\/grandepremio.com\/br\/wp-json\/wp\/v2\/comments?post=19077"}],"version-history":[{"count":0,"href":"https:\/\/grandepremio.com\/br\/wp-json\/wp\/v2\/posts\/19077\/revisions"}],"wp:featuredmedia":[{"embeddable":true,"href":"https:\/\/grandepremio.com\/br\/wp-json\/wp\/v2\/media\/1000999066"}],"wp:attachment":[{"href":"https:\/\/grandepremio.com\/br\/wp-json\/wp\/v2\/media?parent=19077"}],"wp:term":[{"taxonomy":"category","embeddable":true,"href":"https:\/\/grandepremio.com\/br\/wp-json\/wp\/v2\/categories?post=19077"},{"taxonomy":"post_tag","embeddable":true,"href":"https:\/\/grandepremio.com\/br\/wp-json\/wp\/v2\/tags?post=19077"},{"taxonomy":"42wp_author","embeddable":true,"href":"https:\/\/grandepremio.com\/br\/wp-json\/wp\/v2\/42wp_author?post=19077"}],"curies":[{"name":"wp","href":"https:\/\/api.w.org\/{rel}","templated":true}]}}