{"id":19122,"date":"2025-08-02T10:57:58","date_gmt":"2025-08-02T13:57:58","guid":{"rendered":"https:\/\/grandepremio.com\/br\/noticias\/ex-chefe-f1-aproxima-acordo-r-128-milhoes-compra-tech3-motogp\/"},"modified":"2025-08-02T11:08:57","modified_gmt":"2025-08-02T14:08:57","slug":"ex-chefe-f1-aproxima-acordo-r-128-milhoes-compra-tech3-motogp","status":"publish","type":"post","link":"https:\/\/grandepremio.com\/br\/motogp\/ex-chefe-f1-aproxima-acordo-r-128-milhoes-compra-tech3-motogp\/","title":{"rendered":"Ex-chefe na F1 se aproxima de acordo de R$ 128 milh\u00f5es para compra da Tech3 na MotoGP"},"content":{"rendered":"\n<p class=\"wp-block-paragraph\">Ex-chefe de equipe da <strong>Haas<\/strong> na <strong>F\u00f3rmula 1<\/strong>, <strong>Guenther Steiner<\/strong> est\u00e1 em negocia\u00e7\u00f5es avan\u00e7adas para concluir a compra da <strong>Tech3<\/strong>, participante do grid da <strong>MotoGP<\/strong> desde a temporada 2001. A informa\u00e7\u00e3o foi divulgada pelo site da revista inglesa <em>Autosport<\/em> neste s\u00e1bado (2), que ainda afirmou que o valor envolvido na transa\u00e7\u00e3o se aproxima dos \u20ac 20 milh\u00f5es (R$ 128,4 milh\u00f5es, na cota\u00e7\u00e3o mais recente).<\/p>\n\n\n\n<p class=\"wp-block-paragraph\">Chefe do time franc\u00eas no <strong>Mundial de Motovelocidade<\/strong>, <strong>Herv\u00e9 Poncharal<\/strong> j\u00e1 havia confirmado durante o fim de semana do <strong>GP de Arag\u00e3o<\/strong> que <a href=\"https:\/\/www.grandepremio.com\/br\/motogp\/noticias\/tech3-analisa-novas-possibilidades-conversa-guenther-steiner-sobre-parceria-motogp\/\">conversou com o dirigente italiano sobre um poss\u00edvel investimento<\/a>. Caso o acordo realmente se concretize, ser\u00e1 o primeiro grande movimento na categoria desde que o <strong>Liberty Media<\/strong> <a href=\"https:\/\/www.grandepremio.com\/br\/motogp\/noticias\/liberty-media-concretiza-negocio-passa-deter-fatia-84-acoes-motogp\/\">adquiriu 84% das a\u00e7\u00f5es da <strong>Dorna<\/strong><\/a>, detentora dos direitos comerciais da classe rainha.<\/p>\n\n\n\n<p class=\"wp-block-paragraph\">&#8220;As conversas com Steiner realmente aconteceram&#8221;, disse o mandat\u00e1rio ao site\u00a0<em>Crash<\/em> \u00e0 \u00e9poca. &#8220;Ele \u00e9 uma pessoa direta, muito experiente no automobilismo, e gosto muito disso. No momento, s\u00e3o apenas conversas iniciais, onde cada um apresenta sua vis\u00e3o e ideias do que poderia ser feito&#8221;, completou.<\/p>\n\n\n\n<p class=\"wp-block-paragraph\">Guenther se tornou uma das figuras mais carism\u00e1ticas do paddock da <strong>F1<\/strong> ap\u00f3s ganhar destaque especial na s\u00e9rie &#8216;Drive to Survive&#8217;, produzida pela Netflix. No in\u00edcio de 2024, <strong>Gene Haas<\/strong>, propriet\u00e1rio da escuderia de mesmo nome, decidiu substitu\u00ed-lo por <strong>Ayao Komatsu<\/strong>, que desde ent\u00e3o tem liderado a base norte-americana, que atualmente conta com <strong>Esteban Ocon<\/strong> e <strong>Oliver Bearman<\/strong> na forma\u00e7\u00e3o.<\/p>\n\n\n\n<figure class=\"wp-block-image size-large\"><img decoding=\"async\" src=\"https:\/\/www.grandepremio.com\/br\/wp-content\/uploads\/2025\/07\/HERVE-PONCHARAL-TECH3-1200x800.jpg\" alt=\"\" class=\"wp-image-990028\"\/><figcaption class=\"wp-element-caption\">Chefe da Tech3, Herv\u00e9 Poncharal j\u00e1 admitiu conversas com Guenther Steiner (Foto: Tech3)<\/figcaption><\/figure>\n\n\n\n<p class=\"wp-block-paragraph\">\u25b6\ufe0f <strong>Inscreva-se nos dois canais do GRANDE PR\u00caMIO no YouTube:\u00a0<a href=\"https:\/\/www.youtube.com\/channel\/UC9OlHEgxoaY6QY6nWPoiqQg?sub_confirmation=1\" target=\"_blank\" rel=\"noreferrer noopener\">GP<\/a>\u00a0|\u00a0<a href=\"https:\/\/www.youtube.com\/channel\/UC9csiS6q_C3C0FYhyr1rnFA?sub_confirmation=1\" target=\"_blank\" rel=\"noreferrer noopener\">GP2<\/a><\/strong><\/p>\n\n\n\n<p class=\"wp-block-paragraph\">Steiner, no entanto, n\u00e3o est\u00e1 sozinho nesta jornada. Ainda de acordo com a <em>Autosport<\/em>, a <strong>Apex<\/strong>, empresa que administra investimentos para cerca de 100 atletas profissionais e que contribuiu para a compra de uma participa\u00e7\u00e3o de 20% na <strong>Alpine<\/strong>, est\u00e1 entrando com a maior parte da quantia financeira nas negocia\u00e7\u00f5es. Al\u00e9m de <strong>Lando Norris<\/strong>, outros pilotos de F1 tamb\u00e9m possuem a\u00e7\u00f5es na companhia, embora prefiram permanecer no anonimato.<\/p>\n\n\n\n<p class=\"wp-block-paragraph\">A\u00a0<strong><a href=\"https:\/\/grandepremio.com\/motovelocidade\/\" target=\"_blank\" rel=\"noreferrer noopener\">MotoGP<\/a>\u00a0<\/strong>agora\u00a0parte para as f\u00e9rias de ver\u00e3o na\u00a0<strong>Europa<\/strong>\u00a0a volta a acelerar entre os dias 15 e 17 de agosto com o\u00a0<strong>GP da \u00c1ustria<\/strong>, direto de\u00a0<strong>Spielberg<\/strong>, 13\u00aa etapa da temporada 2025. O\u00a0<strong>GRANDE PR\u00caMIO\u00a0<\/strong>faz a cobertura completa do evento, assim como das outras classes do\u00a0<strong>Mundial de\u00a0<a href=\"https:\/\/www.grandepremio.com\/motovelocidade\/\">Motovelocidade<\/a><\/strong><a href=\"https:\/\/www.grandepremio.com\/motovelocidade\/\">\u00a0<\/a>durante todo o ano.<\/p>\n\n\n\n<figure class=\"wp-block-embed is-type-video is-provider-youtube wp-block-embed-youtube wp-embed-aspect-16-9 wp-has-aspect-ratio\"><div class=\"wp-block-embed__wrapper\">\n<iframe loading=\"lazy\" title=\"MARC M\u00c1RQUEZ FICA SEM RIVAIS E S\u00d3 PERDE T\u00cdTULO PARA ELE MESMO\" width=\"500\" height=\"281\" src=\"https:\/\/www.youtube.com\/embed\/OUgdVSPn0tU?feature=oembed\" frameborder=\"0\" allow=\"accelerometer; autoplay; clipboard-write; encrypted-media; gyroscope; picture-in-picture; web-share\" referrerpolicy=\"strict-origin-when-cross-origin\" allowfullscreen><\/iframe>\n<\/div><\/figure>\n","protected":false},"excerpt":{"rendered":"<p>De acordo com o site da revista inglesa Autosport, restam apenas alguns detalhes para que Guenther Steiner concretize a compra da Tech3<\/p>\n","protected":false},"author":0,"featured_media":1000754915,"comment_status":"closed","ping_status":"closed","sticky":false,"template":"","format":"standard","meta":{"42wp_featured_image_caption":"","42wp_featured_image_credits":"","42wp_featured_video":"","42wp_featured_image_hidden":false,"42wp_authors_list":[],"footnotes":""},"categories":[8],"tags":[151,24853,5214,2282,1491,28285,1490,25251,5455,132,5689,78,39739,847,34187,27587,41828],"42wp_author":[47160],"class_list":["post-19122","post","type-post","status-publish","format-standard","has-post-thumbnail","hentry","category-motogp","tag-brad-binder","tag-calendario-motogp","tag-classificacao-motogp","tag-enea-bastianini","tag-grande-premio","tag-grandepremio","tag-guenther-steiner","tag-herve-poncharal","tag-horarios-motogp","tag-ktm","tag-maverick-vinales","tag-motogp","tag-motogp-2025","tag-mundial-de-motovelocidade","tag-onde-assistir-motogp","tag-pedro-acosta","tag-temporada-2025-da-motogp","42wp_author-vicente-soella"],"_links":{"self":[{"href":"https:\/\/grandepremio.com\/br\/wp-json\/wp\/v2\/posts\/19122","targetHints":{"allow":["GET"]}}],"collection":[{"href":"https:\/\/grandepremio.com\/br\/wp-json\/wp\/v2\/posts"}],"about":[{"href":"https:\/\/grandepremio.com\/br\/wp-json\/wp\/v2\/types\/post"}],"replies":[{"embeddable":true,"href":"https:\/\/grandepremio.com\/br\/wp-json\/wp\/v2\/comments?post=19122"}],"version-history":[{"count":0,"href":"https:\/\/grandepremio.com\/br\/wp-json\/wp\/v2\/posts\/19122\/revisions"}],"wp:featuredmedia":[{"embeddable":true,"href":"https:\/\/grandepremio.com\/br\/wp-json\/wp\/v2\/media\/1000754915"}],"wp:attachment":[{"href":"https:\/\/grandepremio.com\/br\/wp-json\/wp\/v2\/media?parent=19122"}],"wp:term":[{"taxonomy":"category","embeddable":true,"href":"https:\/\/grandepremio.com\/br\/wp-json\/wp\/v2\/categories?post=19122"},{"taxonomy":"post_tag","embeddable":true,"href":"https:\/\/grandepremio.com\/br\/wp-json\/wp\/v2\/tags?post=19122"},{"taxonomy":"42wp_author","embeddable":true,"href":"https:\/\/grandepremio.com\/br\/wp-json\/wp\/v2\/42wp_author?post=19122"}],"curies":[{"name":"wp","href":"https:\/\/api.w.org\/{rel}","templated":true}]}}