{"id":19130,"date":"2025-08-02T07:14:55","date_gmt":"2025-08-02T10:14:55","guid":{"rendered":"https:\/\/grandepremio.com\/br\/noticias\/formula-1-realiza-classificacao-gp-da-hungria-calor-chance-chuva-espreita\/"},"modified":"2025-08-02T07:21:49","modified_gmt":"2025-08-02T10:21:49","slug":"formula-1-realiza-classificacao-gp-da-hungria-calor-chance-chuva-espreita","status":"publish","type":"post","link":"https:\/\/grandepremio.com\/br\/f1\/formula-1-realiza-classificacao-gp-da-hungria-calor-chance-chuva-espreita\/","title":{"rendered":"F\u00f3rmula 1 realiza classifica\u00e7\u00e3o do GP da Hungria com calor e chance de chuva \u00e0 espreita"},"content":{"rendered":"\n<p class=\"wp-block-paragraph\">A <strong>F\u00f3rmula 1<\/strong> chega, neste s\u00e1bado (2), \u00e0 \u00faltima classifica\u00e7\u00e3o antes do recesso de meio de campeonato. No <strong>Hungaroring<\/strong>, localizado na regi\u00e3o de <strong>Mogyor\u00f3d<\/strong>, pr\u00f3ximo a <strong>Budapeste<\/strong>, a chuva est\u00e1 \u00e0 espreita. Mas, se tudo correr como espera a previs\u00e3o do tempo, ainda n\u00e3o \u00e9 hoje que os carros ter\u00e3o de lidar com ela.<\/p>\n\n\n\n<p class=\"wp-block-paragraph\">A classifica\u00e7\u00e3o est\u00e1 marcada para as <strong>16h locais (11h de Bras\u00edlia, GMT-3)<\/strong>. E o que se espera \u00e9 calor. A previs\u00e3o do tempo aponta par expectativa de 29\u00b0 de temperatura e sensa\u00e7\u00e3o t\u00e9rmica, superando aquilo que se viu na sexta-feira de treinos livres. Apesar de 48% de nebulosidade, o sol forte praticamente garante asfalto na casa dos 40\u00b0C.<\/p>\n\n\n\n<p class=\"wp-block-paragraph\">A umidade relativa do ar fica na casa de 33% e os ventos se mant\u00e9m em apenas 12 km\/h na dire\u00e7\u00e3o sudoeste \u2014 com rajadas de at\u00e9 20 km\/h. A quest\u00e3o est\u00e1 na chuva. N\u00e3o diretamente a esperada para o hor\u00e1rio, que \u00e9 zero, com possibilidades caminhando de 1 a 5%.<\/p>\n\n\n\n<p class=\"wp-block-paragraph\">Acontece que a maior chance de chuva do s\u00e1bado no Hungaroring est\u00e1 compreendida justamente entre as 18h e 20h locais, pouco depois da atividade, com chances superando 30%. \u00c0 espreita, portanto. As informa\u00e7\u00f5es s\u00e3o do servi\u00e7o de meteorologia <em>The Weather Channel<\/em>.<\/p>\n\n\n\n<figure class=\"wp-block-image size-large\"><img decoding=\"async\" src=\"https:\/\/www.grandepremio.com\/br\/wp-content\/uploads\/2025\/08\/hungria-2025-f1-treinos-livres-mclaren-lando-norris-03-2-1200x806.jpg\" alt=\"\" class=\"wp-image-998950\"\/><figcaption class=\"wp-element-caption\">Lando Norris dominou a sexta-feira (Foto: McLaren)<\/figcaption><\/figure>\n\n\n\n<p class=\"wp-block-paragraph\">Antes disso, por\u00e9m, o terceiro e \u00faltimo treino livre abre o dia a partir das <strong>12h30 locais (7h30 de Bras\u00edlia)<\/strong>. A expectativa \u00e9 de temperatura na casa dos 27\u00b0C e sensa\u00e7\u00e3o t\u00e9rmica de 28\u00b0C, com ventos de 7 km\/h soprando na dire\u00e7\u00e3o sudeste \u2014 com rajadas de at\u00e9 19 km\/h \u2014 e apenas 20% do c\u00e9u coberto por nuvens. A umidade relativa do ar \u00e9 de 40% e a chance de chuva fica em apenas 2%. H\u00e1, contudo, alerta de poss\u00edveis trovoadas durante todo o s\u00e1bado.<\/p>\n\n\n\n<p class=\"wp-block-paragraph\">O&nbsp;<strong>GRANDE PR\u00caMIO<\/strong>&nbsp;acompanha todas as atividades&nbsp;<strong><a href=\"https:\/\/www.grandepremio.com\/br\/f1\/ao-vivo\" target=\"_blank\" rel=\"noreferrer noopener\">AO VIVO E EM&nbsp;<\/a><a href=\"https:\/\/www.grandepremio.com\/br\/ao-vivo\/\" target=\"_blank\" rel=\"noreferrer noopener\">TEMPO REAL<\/a><\/strong>, al\u00e9m de classifica\u00e7\u00e3o e corrida em&nbsp;<strong><a href=\"https:\/\/www.youtube.com\/@GrandePremio1\/streams\" target=\"_blank\" rel=\"noreferrer noopener\">SEGUNDA TELA no YouTube<\/a><\/strong>, em parceria com a Voz do Esporte. O&nbsp;<strong>Briefing<\/strong>&nbsp;chega para analisar ap\u00f3s o fim de cada dia de atividades nas redes sociais e na GPTV.<\/p>\n\n\n\n<p class=\"wp-block-paragraph\"><strong>\u25b6\ufe0f<\/strong>&nbsp;<strong>Inscreva-se nos dois canais do GRANDE PR\u00caMIO no YouTube:&nbsp;<a href=\"https:\/\/www.youtube.com\/channel\/UC9OlHEgxoaY6QY6nWPoiqQg?sub_confirmation=1\" target=\"_blank\" rel=\"noreferrer noopener\">GP<\/a>&nbsp;|&nbsp;<a href=\"https:\/\/www.youtube.com\/channel\/UC9csiS6q_C3C0FYhyr1rnFA?sub_confirmation=1\" target=\"_blank\" rel=\"noreferrer noopener\">GP2<\/a><\/strong><\/p>\n\n\n\n<p class=\"wp-block-paragraph\"><strong>GP da Hungria de F1: veja os hor\u00e1rios em Brasil, Cabo Verde,&nbsp;<a href=\"https:\/\/grandepremio.pt\/\" target=\"_blank\" rel=\"noreferrer noopener\">Portugal<\/a>, Angola e Mo\u00e7ambique:<\/strong><\/p>\n\n\n\n<figure class=\"wp-block-table\"><table class=\"has-fixed-layout\"><tbody><tr><td><strong>Sess\u00e3o<\/strong><\/td><td><strong>BRA*<\/strong><\/td><td><strong>CBV<\/strong><\/td><td><strong>POR<\/strong><br><strong>ANG<\/strong><\/td><td><strong>MOZ<\/strong><\/td><\/tr><tr><td>Treino livre 3<\/td><td>07:30<\/td><td>09:30<\/td><td>11:30<\/td><td>12:30<\/td><\/tr><tr><td>Classifica\u00e7\u00e3o<\/td><td>11:00<\/td><td>13:00<\/td><td>15:00<\/td><td>16:00<\/td><\/tr><tr><td>Corrida<\/td><td>10:00<\/td><td>12:00<\/td><td>14:00<\/td><td>15:00<\/td><\/tr><\/tbody><\/table><\/figure>\n\n\n\n<p class=\"wp-block-paragraph\"><em>*Hor\u00e1rio de Bras\u00edlia<\/em><\/p>\n\n\n\n<figure class=\"wp-block-embed is-type-video is-provider-youtube wp-block-embed-youtube wp-embed-aspect-16-9 wp-has-aspect-ratio\"><div class=\"wp-block-embed__wrapper\">\n<iframe loading=\"lazy\" title=\"McLAREN DOMINA, BORTOLETO \u00e9 17\u00ba e DRUGOVICH... CORRE? TREINOS da F1 na HUNGRIA | BRIEFING\" width=\"500\" height=\"281\" src=\"https:\/\/www.youtube.com\/embed\/I0xsoG81a0E?feature=oembed\" frameborder=\"0\" allow=\"accelerometer; autoplay; clipboard-write; encrypted-media; gyroscope; picture-in-picture; web-share\" referrerpolicy=\"strict-origin-when-cross-origin\" allowfullscreen><\/iframe>\n<\/div><figcaption class=\"wp-element-caption\">GP DA HUNGRIA F1 2025 AO VIVO: TUDO SOBRE OS TREINOS LIVRES | BRIEFING<\/figcaption><\/figure>\n","protected":false},"excerpt":{"rendered":"<p>Expectativa \u00e9 e que n\u00e3o chova durante classifica\u00e7\u00e3o do GP da Hungria de F\u00f3rmula 1, mas previs\u00e3o de pancadas d&#8217;\u00e1gua aumenta exponencialmente logo ap\u00f3s hor\u00e1rio da tomada de tempos<\/p>\n","protected":false},"author":0,"featured_media":1000999209,"comment_status":"closed","ping_status":"closed","sticky":false,"template":"","format":"standard","meta":{"42wp_featured_image_caption":"","42wp_featured_image_credits":"","42wp_featured_video":"","42wp_featured_image_hidden":false,"42wp_authors_list":[],"footnotes":""},"categories":[2],"tags":[26000,5660,3630,642,40329,1647,44358,44360,2016],"42wp_author":[47120],"class_list":["post-19130","post","type-post","status-publish","format-standard","has-post-thumbnail","hentry","category-f1","tag-audiencia-da-tv","tag-classificacao","tag-f1-2025","tag-f1-ao-vivo","tag-fim-de-semana-hungria","tag-gp-da-hungria","tag-gp-de-budapeste","tag-gp-hungaro","tag-tempo","42wp_author-pedro-henrique-marum"],"_links":{"self":[{"href":"https:\/\/grandepremio.com\/br\/wp-json\/wp\/v2\/posts\/19130","targetHints":{"allow":["GET"]}}],"collection":[{"href":"https:\/\/grandepremio.com\/br\/wp-json\/wp\/v2\/posts"}],"about":[{"href":"https:\/\/grandepremio.com\/br\/wp-json\/wp\/v2\/types\/post"}],"replies":[{"embeddable":true,"href":"https:\/\/grandepremio.com\/br\/wp-json\/wp\/v2\/comments?post=19130"}],"version-history":[{"count":0,"href":"https:\/\/grandepremio.com\/br\/wp-json\/wp\/v2\/posts\/19130\/revisions"}],"wp:featuredmedia":[{"embeddable":true,"href":"https:\/\/grandepremio.com\/br\/wp-json\/wp\/v2\/media\/1000999209"}],"wp:attachment":[{"href":"https:\/\/grandepremio.com\/br\/wp-json\/wp\/v2\/media?parent=19130"}],"wp:term":[{"taxonomy":"category","embeddable":true,"href":"https:\/\/grandepremio.com\/br\/wp-json\/wp\/v2\/categories?post=19130"},{"taxonomy":"post_tag","embeddable":true,"href":"https:\/\/grandepremio.com\/br\/wp-json\/wp\/v2\/tags?post=19130"},{"taxonomy":"42wp_author","embeddable":true,"href":"https:\/\/grandepremio.com\/br\/wp-json\/wp\/v2\/42wp_author?post=19130"}],"curies":[{"name":"wp","href":"https:\/\/api.w.org\/{rel}","templated":true}]}}