{"id":19157,"date":"2025-08-01T15:18:43","date_gmt":"2025-08-01T18:18:43","guid":{"rendered":"https:\/\/grandepremio.com\/br\/noticias\/gabriel-bortoleto-admite-tl2-particularmente-desafiador-ritmo-classificacao-hungria-formula-1\/"},"modified":"2025-08-01T16:32:20","modified_gmt":"2025-08-01T19:32:20","slug":"gabriel-bortoleto-admite-tl2-particularmente-desafiador-ritmo-classificacao-hungria-formula-1","status":"publish","type":"post","link":"https:\/\/grandepremio.com\/br\/f1\/gabriel-bortoleto-admite-tl2-particularmente-desafiador-ritmo-classificacao-hungria-formula-1\/","title":{"rendered":"Bortoleto v\u00ea &#8220;TL2 particularmente desafiador&#8221; em ritmo de classifica\u00e7\u00e3o na Hungria"},"content":{"rendered":"\n<p class=\"wp-block-paragraph\">A primeira parte dos trabalhos de pista do <strong>GP da Hungria<\/strong>, nesta sexta-feira (1), mostrou dificuldades para a <strong>Sauber<\/strong>. <strong>Gabriel Bortoleto<\/strong> terminou o <strong><a href=\"https:\/\/www.grandepremio.com\/br\/f1\/noticias\/lando-norris-impoe-lidera-tl1-gp-da-hungria-formula-1-felipe-drugovich-16-gabriel-bortoleto-19\">primeiro treino livre<\/a><\/strong> na 19\u00aa coloca\u00e7\u00e3o e o <strong><a href=\"https:\/\/www.grandepremio.com\/br\/f1\/noticias\/lando-norris-reforca-dominio-mclaren-sobra-tl2-gp-da-hungria-gabriel-bortoleto-17\">segundo treino<\/a><\/strong> em 17\u00ba. Demonstra\u00e7\u00e3o daquilo que admitiu posteriormente: teve problemas com diferentes aspectos do ritmo de classifica\u00e7\u00e3o.<\/p>\n\n\n\n<p class=\"wp-block-paragraph\">De acordo com Bortoleto, o rendimento foi dif\u00edcil com pneus macios e pouco combust\u00edvel e \u00e9 algo que precisa ser resolvido com celeridade. Elogiou, por\u00e9m, o ritmo de corrida.<\/p>\n\n\n\n<p class=\"wp-block-paragraph\">&#8220;Foi um dia decente, no geral, ainda que eu n\u00e3o tenha tido as melhores sensa\u00e7\u00f5es com o carro at\u00e9 agora&#8221;, afirmou.<\/p>\n\n\n\n<p class=\"wp-block-paragraph\">&#8220;O TL2 foi particularmente desafiador, sobretudo quando usamos os pneus macios. Tivemos dificuldades com o equil\u00edbrio e o desempenho com pouco combust\u00edvel. Com isso dito, o ritmo de corrida foi encorajador e, claro, os treinos servem para testar e aprender&#8221;, apontou.<\/p>\n\n\n\n<figure class=\"wp-block-image size-large\"><img decoding=\"async\" src=\"https:\/\/www.grandepremio.com\/br\/wp-content\/uploads\/2025\/07\/hungria-2025-f1-quinta-feira-sauber-gabriel-bortoleto-13-1200x800.jpg\" alt=\"\" class=\"wp-image-998445\"\/><figcaption class=\"wp-element-caption\">Gabriel Bortoleto gostou do ritmo de corrida, por\u00e9m (Foto: Gabriel L\u00f3pez\/Grande Pr\u00eamio)<\/figcaption><\/figure>\n\n\n\n<p class=\"wp-block-paragraph\">&#8220;Pude melhorar algumas coisas do ponto de vista da pilotagem, o que sempre \u00e9 positivo. Amanh\u00e3 ainda temos outro treino para fazer ajustes finos em todas as \u00e1reas antes da classifica\u00e7\u00e3o&#8221;, continuou.<\/p>\n\n\n\n<p class=\"wp-block-paragraph\">&#8220;Estou confiante que, juntos, podemos ter um conjunto forte. A equipe est\u00e1 fazendo um trabalho fant\u00e1stico toda temporada, sempre melhorando, e acredito que estamos em boa posi\u00e7\u00e3o para lutar por resultados competitivos aqui na Hungria&#8221;, finalizou.<\/p>\n\n\n\n<p class=\"wp-block-paragraph\">O&nbsp;<strong>GRANDE PR\u00caMIO<\/strong>&nbsp;acompanha todas as atividades&nbsp;<strong><a href=\"https:\/\/www.grandepremio.com\/br\/f1\/ao-vivo\" target=\"_blank\" rel=\"noreferrer noopener\">AO VIVO E EM&nbsp;<\/a><a href=\"https:\/\/www.grandepremio.com\/br\/ao-vivo\/\" target=\"_blank\" rel=\"noreferrer noopener\">TEMPO REAL<\/a><\/strong>, al\u00e9m de classifica\u00e7\u00e3o e corrida em&nbsp;<strong><a href=\"https:\/\/www.youtube.com\/@GrandePremio1\/streams\" target=\"_blank\" rel=\"noreferrer noopener\">SEGUNDA TELA no YouTube<\/a><\/strong>, em parceria com a Voz do Esporte. O&nbsp;<strong>Briefing<\/strong>&nbsp;chega para analisar ap\u00f3s o fim de cada dia de atividades nas redes sociais e na GPTV.<\/p>\n\n\n\n<p class=\"wp-block-paragraph\"><strong>GP da Hungria de F1: veja os hor\u00e1rios em Brasil, Cabo Verde,&nbsp;<a href=\"https:\/\/grandepremio.pt\/\" target=\"_blank\" rel=\"noreferrer noopener\">Portugal<\/a>, Angola e Mo\u00e7ambique:<\/strong><\/p>\n\n\n\n<figure class=\"wp-block-table\"><table class=\"has-fixed-layout\"><tbody><tr><td><strong>Sess\u00e3o<\/strong><\/td><td><strong>BRA*<\/strong><\/td><td><strong>CBV<\/strong><\/td><td><strong>POR<\/strong><br><strong>ANG<\/strong><\/td><td><strong>MOZ<\/strong><\/td><\/tr><tr><td>Treino livre 3<\/td><td>07:30<\/td><td>09:30<\/td><td>11:30<\/td><td>12:30<\/td><\/tr><tr><td>Classifica\u00e7\u00e3o<\/td><td>11:00<\/td><td>13:00<\/td><td>15:00<\/td><td>16:00<\/td><\/tr><tr><td>Corrida<\/td><td>10:00<\/td><td>12:00<\/td><td>14:00<\/td><td>15:00<\/td><\/tr><\/tbody><\/table><\/figure>\n\n\n\n<p class=\"wp-block-paragraph\"><em>*Hor\u00e1rio de Bras\u00edlia<\/em><\/p>\n\n\n\n<p class=\"wp-block-paragraph\"><strong>\u25b6\ufe0f<\/strong>&nbsp;<strong>Inscreva-se nos dois canais do GRANDE PR\u00caMIO no YouTube:&nbsp;<a href=\"https:\/\/www.youtube.com\/channel\/UC9OlHEgxoaY6QY6nWPoiqQg?sub_confirmation=1\" target=\"_blank\" rel=\"noreferrer noopener\">GP<\/a>&nbsp;|&nbsp;<a href=\"https:\/\/www.youtube.com\/channel\/UC9csiS6q_C3C0FYhyr1rnFA?sub_confirmation=1\" target=\"_blank\" rel=\"noreferrer noopener\">GP2<\/a><\/strong><br>\u25b6\ufe0f&nbsp;<strong>OU\u00c7A TAMB\u00c9M:&nbsp;<a href=\"https:\/\/www.grandepremio.com\/br\/f1\/noticias\/por-que-gp-hungria-mais-decisivo-do-que-parece-formula-1-paddockast-198\/\">Por que GP da Hungria \u00e9 mais decisivo do que parece na F1 | Paddockast #198<\/a><\/strong><\/p>\n\n\n\n<figure class=\"wp-block-embed is-type-video is-provider-youtube wp-block-embed-youtube wp-embed-aspect-16-9 wp-has-aspect-ratio\"><div class=\"wp-block-embed__wrapper\">\n<iframe loading=\"lazy\" title=\"McLAREN DOMINA, BORTOLETO \u00e9 17\u00ba e DRUGOVICH... CORRE? TREINOS da F1 na HUNGRIA | BRIEFING\" width=\"500\" height=\"281\" src=\"https:\/\/www.youtube.com\/embed\/I0xsoG81a0E?feature=oembed\" frameborder=\"0\" allow=\"accelerometer; autoplay; clipboard-write; encrypted-media; gyroscope; picture-in-picture; web-share\" referrerpolicy=\"strict-origin-when-cross-origin\" allowfullscreen><\/iframe>\n<\/div><figcaption class=\"wp-element-caption\">GP DA HUNGRIA F1 2025 AO VIVO: TUDO SOBRE OS TREINOS LIVRES | BRIEFING<\/figcaption><\/figure>\n","protected":false},"excerpt":{"rendered":"<p>Gabriel Bortoleto reconheceu que a Sauber precisa melhorar na Hungria, especialmente de olho na classifica\u00e7\u00e3o. Aprovou, contudo, o ritmo de corrida<\/p>\n","protected":false},"author":0,"featured_media":1000998903,"comment_status":"closed","ping_status":"closed","sticky":false,"template":"","format":"standard","meta":{"42wp_featured_image_caption":"","42wp_featured_image_credits":"","42wp_featured_video":"","42wp_featured_image_hidden":false,"42wp_authors_list":[],"footnotes":""},"categories":[2],"tags":[26000,5660,3630,642,40329,350,1647,44358,44360,41429,42737,40088,40904,1521,1197,42293,16330,37695],"42wp_author":[47120],"class_list":["post-19157","post","type-post","status-publish","format-standard","has-post-thumbnail","hentry","category-f1","tag-audiencia-da-tv","tag-classificacao","tag-f1-2025","tag-f1-ao-vivo","tag-fim-de-semana-hungria","tag-gabriel-bortoleto","tag-gp-da-hungria","tag-gp-de-budapeste","tag-gp-hungaro","tag-hulk-f1","tag-hulkenberg-2025","tag-hulkenberg-f1","tag-hulkenberg-formula-1","tag-nico-hulkenberg","tag-sauber","tag-sauber-2025","tag-sauber-f1","tag-sauber-formula-1","42wp_author-pedro-henrique-marum"],"_links":{"self":[{"href":"https:\/\/grandepremio.com\/br\/wp-json\/wp\/v2\/posts\/19157","targetHints":{"allow":["GET"]}}],"collection":[{"href":"https:\/\/grandepremio.com\/br\/wp-json\/wp\/v2\/posts"}],"about":[{"href":"https:\/\/grandepremio.com\/br\/wp-json\/wp\/v2\/types\/post"}],"replies":[{"embeddable":true,"href":"https:\/\/grandepremio.com\/br\/wp-json\/wp\/v2\/comments?post=19157"}],"version-history":[{"count":0,"href":"https:\/\/grandepremio.com\/br\/wp-json\/wp\/v2\/posts\/19157\/revisions"}],"wp:featuredmedia":[{"embeddable":true,"href":"https:\/\/grandepremio.com\/br\/wp-json\/wp\/v2\/media\/1000998903"}],"wp:attachment":[{"href":"https:\/\/grandepremio.com\/br\/wp-json\/wp\/v2\/media?parent=19157"}],"wp:term":[{"taxonomy":"category","embeddable":true,"href":"https:\/\/grandepremio.com\/br\/wp-json\/wp\/v2\/categories?post=19157"},{"taxonomy":"post_tag","embeddable":true,"href":"https:\/\/grandepremio.com\/br\/wp-json\/wp\/v2\/tags?post=19157"},{"taxonomy":"42wp_author","embeddable":true,"href":"https:\/\/grandepremio.com\/br\/wp-json\/wp\/v2\/42wp_author?post=19157"}],"curies":[{"name":"wp","href":"https:\/\/api.w.org\/{rel}","templated":true}]}}