{"id":19165,"date":"2025-08-01T14:06:12","date_gmt":"2025-08-01T17:06:12","guid":{"rendered":"https:\/\/grandepremio.com\/br\/noticias\/fernando-alonso-admite-lesao-diz-que-nao-sentiu-dor-tl2-confirma-corre-hungria-formula-1\/"},"modified":"2025-08-01T16:31:53","modified_gmt":"2025-08-01T19:31:53","slug":"fernando-alonso-admite-lesao-diz-que-nao-sentiu-dor-tl2-confirma-corre-hungria-formula-1","status":"publish","type":"post","link":"https:\/\/grandepremio.com\/br\/f1\/fernando-alonso-admite-lesao-diz-que-nao-sentiu-dor-tl2-confirma-corre-hungria-formula-1\/","title":{"rendered":"Alonso admite les\u00e3o, mas diz que &#8220;n\u00e3o sentiu dor&#8221; no TL2 e confirma que corre na Hungria"},"content":{"rendered":"\n<p class=\"wp-block-paragraph\">No que depender de <strong>Fernando Alonso<\/strong>, ainda n\u00e3o ser\u00e1 neste fim de semana que <strong>Felipe Drugovich<\/strong> vai estrear na <strong>F\u00f3rmula 1<\/strong>. O bicampe\u00e3o do mundo <strong><a href=\"https:\/\/www.grandepremio.com\/br\/f1\/noticias\/felipe-drugovich-assume-lugar-fernando-alonso-tl1-hungria-fica-sobreaviso-etapa\/\">cedeu o carro ao brasileiro<\/a><\/strong> no <strong><a href=\"https:\/\/www.grandepremio.com\/br\/f1\/noticias\/lando-norris-impoe-lidera-tl1-gp-da-hungria-formula-1-felipe-drugovich-16-gabriel-bortoleto-19\">primeiro treino livre<\/a><\/strong> desta sexta-feira (1) na Hungria, <strong><a href=\"https:\/\/www.grandepremio.com\/br\/f1\/noticias\/fernando-alonso-supera-problema-costas-recoloca-felipe-drugovich-banco-reservas-formula-1-hungria\/\">mas voltou<\/a><\/strong> para a <strong><a href=\"https:\/\/www.grandepremio.com\/br\/f1\/noticias\/lando-norris-reforca-dominio-mclaren-sobra-tl2-gp-da-hungria-gabriel-bortoleto-1\">segunda atividade<\/a><\/strong>. No fim das contas, saiu sem dor e pronto para os pr\u00f3ximos dias.<\/p>\n\n\n\n<p class=\"wp-block-paragraph\">Alonso, que completou 44 anos de idade na \u00faltima quarta-feira, admitiu que teve uma les\u00e3o constatada na regi\u00e3o lombar e que a decis\u00e3o da equipe foi limitar os esfor\u00e7os do fim de semana. Com a ajuda de alguns ajustes no cockpit, terminou o TL2 sem sofrer e vai deixar para descansar no recesso da F1.<\/p>\n\n\n\n<p class=\"wp-block-paragraph\">&#8220;Tenho uma pequena les\u00e3o muscular na regi\u00e3o lombar desde depois do GP da B\u00e9lgica&#8221;, contou.<\/p>\n\n\n\n<p class=\"wp-block-paragraph\">&#8220;Fizemos uma resson\u00e2ncia para entender o que exatamente era, e tem de fato uma les\u00e3o do lado esquerdo. Ent\u00e3o, limitamos um pouco a quilometragem do fim de semana e mudamos o banco do carro para colocar bolsas de ar que podem inflar ou desinflar de maneira que fique mais c\u00f4modo. N\u00e3o senti dor no TL2, ent\u00e3o estou feliz&#8221;, afirmou.<\/p>\n\n\n\n<figure class=\"wp-block-image size-large\"><img decoding=\"async\" src=\"https:\/\/www.grandepremio.com\/br\/wp-content\/uploads\/2025\/07\/hungria-2025-f1-quinta-feira-aston-martin-fernando-alonso-04-1200x803.jpg\" alt=\"\" class=\"wp-image-998469\"\/><figcaption class=\"wp-element-caption\">Fernando Alonso tem les\u00e3o na regi\u00e3o lombar (Foto: Aston Martin)<\/figcaption><\/figure>\n\n\n\n<p class=\"wp-block-paragraph\">&#8220;Preciso de um tempo de descanso, mas o recesso est\u00e1 vindo a\u00ed. Os pr\u00f3ximos dois dias ser\u00e3o de buscar algum conforto no carro. Mas sempre existe alguma dor ou inc\u00f4modo [para atletas]. Uma pessoa normal descansaria por umas semanas, mas \u00e9 poss\u00edvel aguentar. N\u00e3o tenho dor no carro, isso \u00e9 o mais importante&#8221;, continuou.<\/p>\n\n\n\n<p class=\"wp-block-paragraph\">Para al\u00e9m do problema f\u00edsico, Alonso teve o primeiro contato com a nova asa dianteira que a Aston Martin estreia neste fim de semana. O resultado no segundo treino foi interessante, com Lance Stroll no quarto lugar e Alonso, no quinto.<\/p>\n\n\n\n<p class=\"wp-block-paragraph\">&#8220;N\u00e3o estive no TL1, mas o TL2 foi bom. O equil\u00edbrio ainda n\u00e3o \u00e9 o que eu gostaria, estava dif\u00edcil fazer as curvas mais lentas por conta do subester\u00e7o, mas vamos ver o que d\u00e1 para mudar ainda hoje. No treino da manh\u00e3, a equipe fez alguns testes e, agora, temos dados a avaliar&#8221;, finalizou.<\/p>\n\n\n\n<p class=\"wp-block-paragraph\">O&nbsp;<strong>GRANDE PR\u00caMIO<\/strong>&nbsp;acompanha todas as atividades&nbsp;<strong><a href=\"https:\/\/www.grandepremio.com\/br\/f1\/ao-vivo\" target=\"_blank\" rel=\"noreferrer noopener\">AO VIVO E EM&nbsp;<\/a><a href=\"https:\/\/www.grandepremio.com\/br\/ao-vivo\/\" target=\"_blank\" rel=\"noreferrer noopener\">TEMPO REAL<\/a><\/strong>, al\u00e9m de classifica\u00e7\u00e3o e corrida em&nbsp;<strong><a href=\"https:\/\/www.youtube.com\/@GrandePremio1\/streams\" target=\"_blank\" rel=\"noreferrer noopener\">SEGUNDA TELA no YouTube<\/a><\/strong>, em parceria com a Voz do Esporte. O&nbsp;<strong>Briefing<\/strong>&nbsp;chega para analisar ap\u00f3s o fim de cada dia de atividades nas redes sociais e na GPTV.<\/p>\n\n\n\n<p class=\"wp-block-paragraph\"><strong>GP da Hungria de F1: veja os hor\u00e1rios em Brasil, Cabo Verde,&nbsp;<a href=\"https:\/\/grandepremio.pt\/\" target=\"_blank\" rel=\"noreferrer noopener\">Portugal<\/a>, Angola e Mo\u00e7ambique:<\/strong><\/p>\n\n\n\n<figure class=\"wp-block-table\"><table class=\"has-fixed-layout\"><tbody><tr><td><strong>Sess\u00e3o<\/strong><\/td><td><strong>BRA*<\/strong><\/td><td><strong>CBV<\/strong><\/td><td><strong>POR<\/strong><br><strong>ANG<\/strong><\/td><td><strong>MOZ<\/strong><\/td><\/tr><tr><td>Treino livre 3<\/td><td>07:30<\/td><td>09:30<\/td><td>11:30<\/td><td>12:30<\/td><\/tr><tr><td>Classifica\u00e7\u00e3o<\/td><td>11:00<\/td><td>13:00<\/td><td>15:00<\/td><td>16:00<\/td><\/tr><tr><td>Corrida<\/td><td>10:00<\/td><td>12:00<\/td><td>14:00<\/td><td>15:00<\/td><\/tr><\/tbody><\/table><\/figure>\n\n\n\n<p class=\"wp-block-paragraph\"><em>*Hor\u00e1rio de Bras\u00edlia<\/em><\/p>\n\n\n\n<p class=\"wp-block-paragraph\"><strong>\u25b6\ufe0f<\/strong>\u00a0<strong>Inscreva-se nos dois canais do GRANDE PR\u00caMIO no YouTube:\u00a0<a href=\"https:\/\/www.youtube.com\/channel\/UC9OlHEgxoaY6QY6nWPoiqQg?sub_confirmation=1\" target=\"_blank\" rel=\"noreferrer noopener\">GP<\/a>\u00a0|\u00a0<a href=\"https:\/\/www.youtube.com\/channel\/UC9csiS6q_C3C0FYhyr1rnFA?sub_confirmation=1\" target=\"_blank\" rel=\"noreferrer noopener\">GP2<\/a><\/strong><br>\u25b6\ufe0f\u00a0<strong>OU\u00c7A TAMB\u00c9M:\u00a0<a href=\"https:\/\/www.grandepremio.com\/br\/f1\/noticias\/por-que-gp-hungria-mais-decisivo-do-que-parece-formula-1-paddockast-198\/\">Por que GP da Hungria \u00e9 mais decisivo do que parece na F1 | Paddockast #198<\/a><\/strong><\/p>\n\n\n\n<figure class=\"wp-block-embed is-type-video is-provider-youtube wp-block-embed-youtube wp-embed-aspect-16-9 wp-has-aspect-ratio\"><div class=\"wp-block-embed__wrapper\">\n<iframe loading=\"lazy\" title=\"McLAREN DOMINA, BORTOLETO \u00e9 17\u00ba e DRUGOVICH... CORRE? TREINOS da F1 na HUNGRIA | BRIEFING\" width=\"500\" height=\"281\" src=\"https:\/\/www.youtube.com\/embed\/I0xsoG81a0E?feature=oembed\" frameborder=\"0\" allow=\"accelerometer; autoplay; clipboard-write; encrypted-media; gyroscope; picture-in-picture; web-share\" referrerpolicy=\"strict-origin-when-cross-origin\" allowfullscreen><\/iframe>\n<\/div><figcaption class=\"wp-element-caption\">GP DA HUNGRIA F1 2025 AO VIVO: TUDO SOBRE OS TREINOS LIVRES | BRIEFING<\/figcaption><\/figure>\n","protected":false},"excerpt":{"rendered":"<p>Fernando Alonso deu lugar a Felipe Drugovich no primeiro treino do GP da Hungria, mas voltou no fim do dia e deixou claro que pretende correr<\/p>\n","protected":false},"author":0,"featured_media":1000998941,"comment_status":"closed","ping_status":"closed","sticky":false,"template":"","format":"standard","meta":{"42wp_featured_image_caption":"","42wp_featured_image_credits":"","42wp_featured_video":"","42wp_featured_image_hidden":false,"42wp_authors_list":[],"footnotes":""},"categories":[2],"tags":[309,26000,5660,3630,642,1024,176,40329,1647,44358,44360,485,42808,36313,42605],"42wp_author":[47120],"class_list":["post-19165","post","type-post","status-publish","format-standard","has-post-thumbnail","hentry","category-f1","tag-aston-martin","tag-audiencia-da-tv","tag-classificacao","tag-f1-2025","tag-f1-ao-vivo","tag-felipe-drugovich","tag-fernando-alonso","tag-fim-de-semana-hungria","tag-gp-da-hungria","tag-gp-de-budapeste","tag-gp-hungaro","tag-lance-stroll","tag-stroll-2025","tag-stroll-f1","tag-stroll-formula-1","42wp_author-pedro-henrique-marum"],"_links":{"self":[{"href":"https:\/\/grandepremio.com\/br\/wp-json\/wp\/v2\/posts\/19165","targetHints":{"allow":["GET"]}}],"collection":[{"href":"https:\/\/grandepremio.com\/br\/wp-json\/wp\/v2\/posts"}],"about":[{"href":"https:\/\/grandepremio.com\/br\/wp-json\/wp\/v2\/types\/post"}],"replies":[{"embeddable":true,"href":"https:\/\/grandepremio.com\/br\/wp-json\/wp\/v2\/comments?post=19165"}],"version-history":[{"count":0,"href":"https:\/\/grandepremio.com\/br\/wp-json\/wp\/v2\/posts\/19165\/revisions"}],"wp:featuredmedia":[{"embeddable":true,"href":"https:\/\/grandepremio.com\/br\/wp-json\/wp\/v2\/media\/1000998941"}],"wp:attachment":[{"href":"https:\/\/grandepremio.com\/br\/wp-json\/wp\/v2\/media?parent=19165"}],"wp:term":[{"taxonomy":"category","embeddable":true,"href":"https:\/\/grandepremio.com\/br\/wp-json\/wp\/v2\/categories?post=19165"},{"taxonomy":"post_tag","embeddable":true,"href":"https:\/\/grandepremio.com\/br\/wp-json\/wp\/v2\/tags?post=19165"},{"taxonomy":"42wp_author","embeddable":true,"href":"https:\/\/grandepremio.com\/br\/wp-json\/wp\/v2\/42wp_author?post=19165"}],"curies":[{"name":"wp","href":"https:\/\/api.w.org\/{rel}","templated":true}]}}